{"id":18422,"date":"2022-03-30T00:18:09","date_gmt":"2022-03-30T00:18:09","guid":{"rendered":"https:\/\/www.elpolitologoyelpolitico.com.ar\/wordpress\/?p=18422"},"modified":"2022-03-30T00:19:29","modified_gmt":"2022-03-30T00:19:29","slug":"el-jardin-de-infantes-911-de-carmen-de-patagones-cumplio-25-anos","status":"publish","type":"post","link":"https:\/\/www.elpolitologoyelpolitico.com.ar\/wordpress\/2022\/03\/30\/el-jardin-de-infantes-911-de-carmen-de-patagones-cumplio-25-anos\/","title":{"rendered":"El Jard\u00edn de Infantes 911 de Carmen de Patagones cumpli\u00f3 25 a\u00f1os"},"content":{"rendered":"\t\t<div data-elementor-type=\"wp-post\" data-elementor-id=\"18422\" class=\"elementor elementor-18422\">\n\t\t\t\t\t\t<section class=\"elementor-section elementor-top-section elementor-element elementor-element-4575c347 elementor-section-boxed elementor-section-height-default elementor-section-height-default\" data-id=\"4575c347\" data-element_type=\"section\" data-e-type=\"section\">\n\t\t\t\t\t\t<div class=\"elementor-container elementor-column-gap-default\">\n\t\t\t\t\t<div class=\"elementor-column elementor-col-100 elementor-top-column elementor-element elementor-element-55355ca0\" data-id=\"55355ca0\" data-element_type=\"column\" data-e-type=\"column\">\n\t\t\t<div class=\"elementor-widget-wrap elementor-element-populated\">\n\t\t\t\t\t\t<div class=\"elementor-element elementor-element-ceea7aa elementor-widget elementor-widget-text-editor\" data-id=\"ceea7aa\" data-element_type=\"widget\" data-e-type=\"widget\" data-widget_type=\"text-editor.default\">\n\t\t\t\t<div class=\"elementor-widget-container\">\n\t\t\t\t\t\t\t\t\t\n<p><\/p>\n\n\n\n<p>Este lunes por la ma\u00f1ana el Intendente Municipal, Ing. Jos\u00e9 Luis Zara, particip\u00f3 del acto por el 25\u00b0aniversario del Jard\u00edn de Infantes N\u00b0911, \u201cCeferino Namuncur\u00e1\u201d, del barrio Bicentenario, de Carmen de Patagones.&nbsp;<\/p>\n\n\n\n<p>Estuvo acompa\u00f1ado por la Inspectora Jefa Distrital de Educaci\u00f3n, Claudia Azpiroz, el presidente del Consejo Escolar, Paulo Bykaluk, y autoridades educativas de los distintos niveles.&nbsp;<\/p>\n\n\n\n<p>La emotiva ceremonia cont\u00f3 con la presencia de ex directivos, ex docentes, ex alumnos y ex miembros de la asociaci\u00f3n cooperadora de la instituci\u00f3n.&nbsp;<\/p>\n\n\n\n<p>En la oportunidad, el jefe comunal expres\u00f3 su agradecimiento por participar de \u201cun hermoso y emotivo acto\u201d, y afirm\u00f3: \u201cDespu\u00e9s de la pandemia, es muy grato poder volver a vernos; hacer estas actividades, volver a encontrarnos y, sobre todo, en un aniversario, como este; donde vemos a los ni\u00f1os y ni\u00f1as que dan sus primeros pasos, donde aprenden jugando, pero, adem\u00e1s, con alegr\u00eda y libertad, que es tan importante en la educaci\u00f3n\u201d.&nbsp;<\/p>\n\n\n\n<p>\u201cDestaco la labor de todos los docentes, directivos, la comunidad educativa, de todos. Escuchaba las historias y cu\u00e1nto ha crecido esta instituci\u00f3n y han crecido las instituciones del Partido de Patagones, la matricula, cada vez m\u00e1s necesitamos ampliar los edificios educativos y tienen mi compromiso, porque saben que para m\u00ed la educaci\u00f3n es prioridad, porque nos forma, nos capacita como seres humanos, y sobre todo a nuestros m\u00e1s peque\u00f1os.&nbsp;<\/p>\n\n\n\n<p>Felicitaciones por este acto y a seguir creciendo juntos\u201d, expres\u00f3 Zara.&nbsp;<\/p>\n\n\n\n<p>El acto, cont\u00f3 con la palabra de la Jefa Distrital de Educaci\u00f3n, el presidente de la primera cooperadora del Jard\u00edn y la directora del establecimiento.&nbsp;<\/p>\n\n\n\n<p>Adem\u00e1s, se ameniz\u00f3 el momento con canciones, interpretadas por los alumnos del Jard\u00edn, se presentaron placas de homenaje y se descubri\u00f3 un colorido mural.<\/p>\n\n\n\n<figure class=\"wp-block-gallery has-nested-images columns-default is-cropped wp-block-gallery-2 is-layout-flex wp-block-gallery-is-layout-flex\">\n<figure class=\"wp-block-image size-large\"><img fetchpriority=\"high\" decoding=\"async\" width=\"750\" height=\"421\" data-id=\"18425\" src=\"https:\/\/www.elpolitologoyelpolitico.com.ar\/wp-content\/uploads\/2022\/03\/IMG-20220329-WA0036.jpg\" alt=\"\" class=\"wp-image-18425\" srcset=\"https:\/\/www.elpolitologoyelpolitico.com.ar\/wp-content\/uploads\/2022\/03\/IMG-20220329-WA0036.jpg 750w, https:\/\/www.elpolitologoyelpolitico.com.ar\/wp-content\/uploads\/2022\/03\/IMG-20220329-WA0036-300x168.jpg 300w\" sizes=\"(max-width: 750px) 100vw, 750px\" \/><\/figure>\n\n\n\n<figure class=\"wp-block-image size-large\"><img decoding=\"async\" width=\"720\" height=\"479\" data-id=\"18426\" src=\"https:\/\/www.elpolitologoyelpolitico.com.ar\/wp-content\/uploads\/2022\/03\/IMG-20220329-WA0034-1.jpg\" alt=\"\" class=\"wp-image-18426\" srcset=\"https:\/\/www.elpolitologoyelpolitico.com.ar\/wp-content\/uploads\/2022\/03\/IMG-20220329-WA0034-1.jpg 720w, https:\/\/www.elpolitologoyelpolitico.com.ar\/wp-content\/uploads\/2022\/03\/IMG-20220329-WA0034-1-300x200.jpg 300w\" sizes=\"(max-width: 720px) 100vw, 720px\" \/><\/figure>\n\n\n\n<figure class=\"wp-block-image size-large\"><img decoding=\"async\" width=\"720\" height=\"479\" data-id=\"18427\" src=\"https:\/\/www.elpolitologoyelpolitico.com.ar\/wp-content\/uploads\/2022\/03\/IMG-20220329-WA0035.jpg\" alt=\"\" class=\"wp-image-18427\" srcset=\"https:\/\/www.elpolitologoyelpolitico.com.ar\/wp-content\/uploads\/2022\/03\/IMG-20220329-WA0035.jpg 720w, https:\/\/www.elpolitologoyelpolitico.com.ar\/wp-content\/uploads\/2022\/03\/IMG-20220329-WA0035-300x200.jpg 300w\" sizes=\"(max-width: 720px) 100vw, 720px\" \/><\/figure>\n\n\n\n<figure class=\"wp-block-image size-large\"><img loading=\"lazy\" decoding=\"async\" width=\"720\" height=\"479\" data-id=\"18428\" src=\"https:\/\/www.elpolitologoyelpolitico.com.ar\/wp-content\/uploads\/2022\/03\/IMG-20220329-WA0033-1.jpg\" alt=\"\" class=\"wp-image-18428\" srcset=\"https:\/\/www.elpolitologoyelpolitico.com.ar\/wp-content\/uploads\/2022\/03\/IMG-20220329-WA0033-1.jpg 720w, https:\/\/www.elpolitologoyelpolitico.com.ar\/wp-content\/uploads\/2022\/03\/IMG-20220329-WA0033-1-300x200.jpg 300w\" sizes=\"(max-width: 720px) 100vw, 720px\" \/><\/figure>\n<\/figure>\n\t\t\t\t\t\t\t\t<\/div>\n\t\t\t\t<\/div>\n\t\t\t\t\t<\/div>\n\t\t<\/div>\n\t\t\t\t\t<\/div>\n\t\t<\/section>\n\t\t\t\t<\/div>\n\t\t<div class=\"fb-background-color\">\n\t\t\t  <div \n\t\t\t  \tclass = \"fb-comments\" \n\t\t\t  \tdata-href = \"https:\/\/www.elpolitologoyelpolitico.com.ar\/wordpress\/2022\/03\/30\/el-jardin-de-infantes-911-de-carmen-de-patagones-cumplio-25-anos\/\"\n\t\t\t  \tdata-numposts = \"10\"\n\t\t\t  \tdata-lazy = \"true\"\n\t\t\t\tdata-colorscheme = \"light\"\n\t\t\t\tdata-order-by = \"social\"\n\t\t\t\tdata-mobile=true>\n\t\t\t  <\/div><\/div>\n\t\t  <style>\n\t\t    .fb-background-color {\n\t\t\t\tbackground: #ffffff !important;\n\t\t\t}\n\t\t\t.fb_iframe_widget_fluid_desktop iframe {\n\t\t\t    width: 100% !important;\n\t\t\t}\n\t\t  <\/style>\n\t\t  ","protected":false},"excerpt":{"rendered":"<p>Este lunes por la ma\u00f1ana el Intendente Municipal, Ing. Jos\u00e9 Luis Zara, particip\u00f3 del acto por el 25\u00b0aniversario del Jard\u00edn de Infantes N\u00b0911, \u201cCeferino Namuncur\u00e1\u201d, del barrio Bicentenario, de Carmen de Patagones.&nbsp; Estuvo acompa\u00f1ado por la Inspectora Jefa Distrital de Educaci\u00f3n, Claudia Azpiroz, el presidente del Consejo Escolar, Paulo Bykaluk, y autoridades educativas de los [&hellip;]<\/p>\n","protected":false},"author":4,"featured_media":18423,"comment_status":"closed","ping_status":"closed","sticky":false,"template":"","format":"standard","meta":{"_joinchat":[],"footnotes":""},"categories":[4],"tags":[],"class_list":["post-18422","post","type-post","status-publish","format-standard","has-post-thumbnail","hentry","category-politicas-publicas"],"_links":{"self":[{"href":"https:\/\/www.elpolitologoyelpolitico.com.ar\/wordpress\/wp-json\/wp\/v2\/posts\/18422","targetHints":{"allow":["GET"]}}],"collection":[{"href":"https:\/\/www.elpolitologoyelpolitico.com.ar\/wordpress\/wp-json\/wp\/v2\/posts"}],"about":[{"href":"https:\/\/www.elpolitologoyelpolitico.com.ar\/wordpress\/wp-json\/wp\/v2\/types\/post"}],"author":[{"embeddable":true,"href":"https:\/\/www.elpolitologoyelpolitico.com.ar\/wordpress\/wp-json\/wp\/v2\/users\/4"}],"replies":[{"embeddable":true,"href":"https:\/\/www.elpolitologoyelpolitico.com.ar\/wordpress\/wp-json\/wp\/v2\/comments?post=18422"}],"version-history":[{"count":0,"href":"https:\/\/www.elpolitologoyelpolitico.com.ar\/wordpress\/wp-json\/wp\/v2\/posts\/18422\/revisions"}],"wp:featuredmedia":[{"embeddable":true,"href":"https:\/\/www.elpolitologoyelpolitico.com.ar\/wordpress\/wp-json\/wp\/v2\/media\/18423"}],"wp:attachment":[{"href":"https:\/\/www.elpolitologoyelpolitico.com.ar\/wordpress\/wp-json\/wp\/v2\/media?parent=18422"}],"wp:term":[{"taxonomy":"category","embeddable":true,"href":"https:\/\/www.elpolitologoyelpolitico.com.ar\/wordpress\/wp-json\/wp\/v2\/categories?post=18422"},{"taxonomy":"post_tag","embeddable":true,"href":"https:\/\/www.elpolitologoyelpolitico.com.ar\/wordpress\/wp-json\/wp\/v2\/tags?post=18422"}],"curies":[{"name":"wp","href":"https:\/\/api.w.org\/{rel}","templated":true}]}}