{"id":18412,"date":"2022-03-29T22:48:01","date_gmt":"2022-03-29T22:48:01","guid":{"rendered":"https:\/\/www.elpolitologoyelpolitico.com.ar\/wordpress\/?p=18412"},"modified":"2022-03-29T22:49:11","modified_gmt":"2022-03-29T22:49:11","slug":"se-van-a-colocar-eco-ceniceros-en-patagones-para-el-cuidado-del-medio-ambiente","status":"publish","type":"post","link":"https:\/\/www.elpolitologoyelpolitico.com.ar\/wordpress\/2022\/03\/29\/se-van-a-colocar-eco-ceniceros-en-patagones-para-el-cuidado-del-medio-ambiente\/","title":{"rendered":"Se van a colocar Eco-ceniceros en Patagones para el cuidado del medio ambiente"},"content":{"rendered":"\t\t<div data-elementor-type=\"wp-post\" data-elementor-id=\"18412\" class=\"elementor elementor-18412\">\n\t\t\t\t\t\t<section class=\"elementor-section elementor-top-section elementor-element elementor-element-3af34f7f elementor-section-boxed elementor-section-height-default elementor-section-height-default\" data-id=\"3af34f7f\" data-element_type=\"section\" data-e-type=\"section\">\n\t\t\t\t\t\t<div class=\"elementor-container elementor-column-gap-default\">\n\t\t\t\t\t<div class=\"elementor-column elementor-col-100 elementor-top-column elementor-element elementor-element-563a3d48\" data-id=\"563a3d48\" data-element_type=\"column\" data-e-type=\"column\">\n\t\t\t<div class=\"elementor-widget-wrap elementor-element-populated\">\n\t\t\t\t\t\t<div class=\"elementor-element elementor-element-3acec593 elementor-widget elementor-widget-text-editor\" data-id=\"3acec593\" data-element_type=\"widget\" data-e-type=\"widget\" data-widget_type=\"text-editor.default\">\n\t\t\t\t<div class=\"elementor-widget-container\">\n\t\t\t\t\t\t\t\t\t\n<p>El Intendente Municipal, Ing. Jos\u00e9 Luis Zara, recibi\u00f3 este lunes por la ma\u00f1ana, en su despacho, al representante de la empresa Camuzzi Gas del Sur S.A., Carlos Ghezzi.&nbsp;<\/p>\n\n\n\n<p>Estuvo acompa\u00f1ado por el Jefe de Gabinete, Fabio Bettinelli, y el Coordinador Municipal del proyecto GIRSU en Patagones, Guido Bergandi.&nbsp;<\/p>\n\n\n\n<p>El motivo del encuentro fue la firma de un convenio de cooperaci\u00f3n para la instalaci\u00f3n de eco-ceniceros en distintos sectores del Distrito, para el cuidado y la preservaci\u00f3n del medio ambiente.&nbsp;<\/p>\n\n\n\n<p>Los Eco-ceniceros nacieron como una iniciativa de la firma, para darle una segunda oportunidad a los sobrantes de ca\u00f1er\u00eda de polietileno que se generan cuando se realizan conexiones domiciliarias o reparaciones en la v\u00eda p\u00fablica, y que luego de un proceso de fundido y procesado pueden ser convertidos en un nuevo producto, como son estos ceniceros ecol\u00f3gicos.&nbsp;<\/p>\n\n\n\n<p>Los ecoceniceros estar\u00e1n acompa\u00f1ados de carteles con mensajes de concientizaci\u00f3n para que toda la comunidad sume su aporte al cuidado del medio ambiente.&nbsp;<\/p>\n\n\n\n<p>Cabe se\u00f1alar que las colillas de los cigarrillos est\u00e1n hechas de acetato de celulosa; un material no biodegradable que demora de 18 meses a 10 a\u00f1os en descomponerse dependiendo de las condiciones ambientales. Adem\u00e1s, se estima que el filtro del cigarrillo puede contaminar entre 50 y 100 litros de agua.<\/p>\n\n\n\n<figure class=\"wp-block-gallery has-nested-images columns-default is-cropped wp-block-gallery-2 is-layout-flex wp-block-gallery-is-layout-flex\">\n<figure class=\"wp-block-image size-large\"><img fetchpriority=\"high\" decoding=\"async\" width=\"720\" height=\"479\" data-id=\"18414\" src=\"https:\/\/www.elpolitologoyelpolitico.com.ar\/wp-content\/uploads\/2022\/03\/IMG-20220329-WA0029.jpg\" alt=\"\" class=\"wp-image-18414\" srcset=\"https:\/\/www.elpolitologoyelpolitico.com.ar\/wp-content\/uploads\/2022\/03\/IMG-20220329-WA0029.jpg 720w, https:\/\/www.elpolitologoyelpolitico.com.ar\/wp-content\/uploads\/2022\/03\/IMG-20220329-WA0029-300x200.jpg 300w\" sizes=\"(max-width: 720px) 100vw, 720px\" \/><\/figure>\n\n\n\n<figure class=\"wp-block-image size-large\"><img decoding=\"async\" width=\"720\" height=\"479\" data-id=\"18415\" src=\"https:\/\/www.elpolitologoyelpolitico.com.ar\/wp-content\/uploads\/2022\/03\/IMG-20220329-WA0028.jpg\" alt=\"\" class=\"wp-image-18415\" srcset=\"https:\/\/www.elpolitologoyelpolitico.com.ar\/wp-content\/uploads\/2022\/03\/IMG-20220329-WA0028.jpg 720w, https:\/\/www.elpolitologoyelpolitico.com.ar\/wp-content\/uploads\/2022\/03\/IMG-20220329-WA0028-300x200.jpg 300w\" sizes=\"(max-width: 720px) 100vw, 720px\" \/><\/figure>\n\n\n\n<figure class=\"wp-block-image size-large\"><img decoding=\"async\" width=\"720\" height=\"479\" data-id=\"18416\" src=\"https:\/\/www.elpolitologoyelpolitico.com.ar\/wp-content\/uploads\/2022\/03\/IMG-20220329-WA0030.jpg\" alt=\"\" class=\"wp-image-18416\" srcset=\"https:\/\/www.elpolitologoyelpolitico.com.ar\/wp-content\/uploads\/2022\/03\/IMG-20220329-WA0030.jpg 720w, https:\/\/www.elpolitologoyelpolitico.com.ar\/wp-content\/uploads\/2022\/03\/IMG-20220329-WA0030-300x200.jpg 300w\" sizes=\"(max-width: 720px) 100vw, 720px\" \/><\/figure>\n\n\n\n<figure class=\"wp-block-image size-large\"><img loading=\"lazy\" decoding=\"async\" width=\"720\" height=\"479\" data-id=\"18417\" src=\"https:\/\/www.elpolitologoyelpolitico.com.ar\/wp-content\/uploads\/2022\/03\/IMG-20220329-WA0031-1.jpg\" alt=\"\" class=\"wp-image-18417\" srcset=\"https:\/\/www.elpolitologoyelpolitico.com.ar\/wp-content\/uploads\/2022\/03\/IMG-20220329-WA0031-1.jpg 720w, https:\/\/www.elpolitologoyelpolitico.com.ar\/wp-content\/uploads\/2022\/03\/IMG-20220329-WA0031-1-300x200.jpg 300w\" sizes=\"(max-width: 720px) 100vw, 720px\" \/><\/figure>\n<\/figure>\n\t\t\t\t\t\t\t\t<\/div>\n\t\t\t\t<\/div>\n\t\t\t\t\t<\/div>\n\t\t<\/div>\n\t\t\t\t\t<\/div>\n\t\t<\/section>\n\t\t\t\t<\/div>\n\t\t<div class=\"fb-background-color\">\n\t\t\t  <div \n\t\t\t  \tclass = \"fb-comments\" \n\t\t\t  \tdata-href = \"https:\/\/www.elpolitologoyelpolitico.com.ar\/wordpress\/2022\/03\/29\/se-van-a-colocar-eco-ceniceros-en-patagones-para-el-cuidado-del-medio-ambiente\/\"\n\t\t\t  \tdata-numposts = \"10\"\n\t\t\t  \tdata-lazy = \"true\"\n\t\t\t\tdata-colorscheme = \"light\"\n\t\t\t\tdata-order-by = \"social\"\n\t\t\t\tdata-mobile=true>\n\t\t\t  <\/div><\/div>\n\t\t  <style>\n\t\t    .fb-background-color {\n\t\t\t\tbackground: #ffffff !important;\n\t\t\t}\n\t\t\t.fb_iframe_widget_fluid_desktop iframe {\n\t\t\t    width: 100% !important;\n\t\t\t}\n\t\t  <\/style>\n\t\t  ","protected":false},"excerpt":{"rendered":"<p>El Intendente Municipal, Ing. Jos\u00e9 Luis Zara, recibi\u00f3 este lunes por la ma\u00f1ana, en su despacho, al representante de la empresa Camuzzi Gas del Sur S.A., Carlos Ghezzi.&nbsp; Estuvo acompa\u00f1ado por el Jefe de Gabinete, Fabio Bettinelli, y el Coordinador Municipal del proyecto GIRSU en Patagones, Guido Bergandi.&nbsp; El motivo del encuentro fue la firma [&hellip;]<\/p>\n","protected":false},"author":4,"featured_media":18413,"comment_status":"closed","ping_status":"closed","sticky":false,"template":"","format":"standard","meta":{"_joinchat":[],"footnotes":""},"categories":[39],"tags":[],"class_list":["post-18412","post","type-post","status-publish","format-standard","has-post-thumbnail","hentry","category-en-esta-seccion"],"_links":{"self":[{"href":"https:\/\/www.elpolitologoyelpolitico.com.ar\/wordpress\/wp-json\/wp\/v2\/posts\/18412","targetHints":{"allow":["GET"]}}],"collection":[{"href":"https:\/\/www.elpolitologoyelpolitico.com.ar\/wordpress\/wp-json\/wp\/v2\/posts"}],"about":[{"href":"https:\/\/www.elpolitologoyelpolitico.com.ar\/wordpress\/wp-json\/wp\/v2\/types\/post"}],"author":[{"embeddable":true,"href":"https:\/\/www.elpolitologoyelpolitico.com.ar\/wordpress\/wp-json\/wp\/v2\/users\/4"}],"replies":[{"embeddable":true,"href":"https:\/\/www.elpolitologoyelpolitico.com.ar\/wordpress\/wp-json\/wp\/v2\/comments?post=18412"}],"version-history":[{"count":0,"href":"https:\/\/www.elpolitologoyelpolitico.com.ar\/wordpress\/wp-json\/wp\/v2\/posts\/18412\/revisions"}],"wp:featuredmedia":[{"embeddable":true,"href":"https:\/\/www.elpolitologoyelpolitico.com.ar\/wordpress\/wp-json\/wp\/v2\/media\/18413"}],"wp:attachment":[{"href":"https:\/\/www.elpolitologoyelpolitico.com.ar\/wordpress\/wp-json\/wp\/v2\/media?parent=18412"}],"wp:term":[{"taxonomy":"category","embeddable":true,"href":"https:\/\/www.elpolitologoyelpolitico.com.ar\/wordpress\/wp-json\/wp\/v2\/categories?post=18412"},{"taxonomy":"post_tag","embeddable":true,"href":"https:\/\/www.elpolitologoyelpolitico.com.ar\/wordpress\/wp-json\/wp\/v2\/tags?post=18412"}],"curies":[{"name":"wp","href":"https:\/\/api.w.org\/{rel}","templated":true}]}}