{"id":18398,"date":"2022-03-29T21:37:27","date_gmt":"2022-03-29T21:37:27","guid":{"rendered":"https:\/\/www.elpolitologoyelpolitico.com.ar\/wordpress\/?p=18398"},"modified":"2022-03-29T21:38:35","modified_gmt":"2022-03-29T21:38:35","slug":"siguen-las-obras-para-la-jerarquizacion-del-bulevar-ituzaingo","status":"publish","type":"post","link":"https:\/\/www.elpolitologoyelpolitico.com.ar\/wordpress\/2022\/03\/29\/siguen-las-obras-para-la-jerarquizacion-del-bulevar-ituzaingo\/","title":{"rendered":"Siguen las obras para la jerarquizaci\u00f3n del bulevar Ituzaing\u00f3"},"content":{"rendered":"\t\t<div data-elementor-type=\"wp-post\" data-elementor-id=\"18398\" class=\"elementor elementor-18398\">\n\t\t\t\t\t\t<section class=\"elementor-section elementor-top-section elementor-element elementor-element-3b3e7b79 elementor-section-boxed elementor-section-height-default elementor-section-height-default\" data-id=\"3b3e7b79\" data-element_type=\"section\" data-e-type=\"section\">\n\t\t\t\t\t\t<div class=\"elementor-container elementor-column-gap-default\">\n\t\t\t\t\t<div class=\"elementor-column elementor-col-100 elementor-top-column elementor-element elementor-element-591fed25\" data-id=\"591fed25\" data-element_type=\"column\" data-e-type=\"column\">\n\t\t\t<div class=\"elementor-widget-wrap elementor-element-populated\">\n\t\t\t\t\t\t<div class=\"elementor-element elementor-element-356ef8bd elementor-widget elementor-widget-text-editor\" data-id=\"356ef8bd\" data-element_type=\"widget\" data-e-type=\"widget\" data-widget_type=\"text-editor.default\">\n\t\t\t\t<div class=\"elementor-widget-container\">\n\t\t\t\t\t\t\t\t\t\n<p><\/p>\n\n\n\n<p>El gobierno de Viedma continuar\u00e1 con las obras de puesta en valor y jerarquizaci\u00f3n del bulevar Ituzaing\u00f3, con el objetivo de habilitarlo en el corto plazo como nueva v\u00eda de acceso, directa y \u00e1gil, a sectores c\u00e9ntricos y costanera.<\/p>\n\n\n\n<p>En los \u00faltimos&nbsp; d\u00edas avanzaron obras de desag\u00fces pluviales para conectar con ductos las cargas de los barrios Zatti y El Progreso al canal Montenegro.<\/p>\n\n\n\n<p>Una vez finalizados estos trabajos, se avanzar\u00e1 en la instalaci\u00f3n de un sistema de riego, parquizaci\u00f3n y forestaci\u00f3n del nuevo tramo, entre la avenida Per\u00f3n y la calle Winter.<\/p>\n\n\n\n<p>Vale destacar que el gobierno de Viedma, a trav\u00e9s de la secretar\u00eda de Desarrollo Territorial, H\u00e1bitat y Obras P\u00fablicas, ejecut\u00f3 trabajos de cord\u00f3n cuneta, veredas e iluminaci\u00f3n, con fondos federales del programa nacional Argentina Hace.<\/p>\n\n\n\n<p>Al respecto, el titular de la cartera de Desarrollo Territorial, H\u00e1bitat y Obras P\u00fablicas Gast\u00f3n Renda indic\u00f3 qu\u00e9 el \u00e1rea a su cargo ya desarrollo los proyectos para la pavimentaci\u00f3n del nuevo tramo, y ahora se buscar\u00e1n los financiamientos para concretar el objetivo.<\/p>\n\n\n\n<figure class=\"wp-block-gallery has-nested-images columns-default is-cropped wp-block-gallery-2 is-layout-flex wp-block-gallery-is-layout-flex\">\n<figure class=\"wp-block-image size-large\"><img fetchpriority=\"high\" decoding=\"async\" width=\"720\" height=\"551\" data-id=\"18401\" src=\"https:\/\/www.elpolitologoyelpolitico.com.ar\/wp-content\/uploads\/2022\/03\/IMG-20220329-WA0025.jpg\" alt=\"\" class=\"wp-image-18401\" srcset=\"https:\/\/www.elpolitologoyelpolitico.com.ar\/wp-content\/uploads\/2022\/03\/IMG-20220329-WA0025.jpg 720w, https:\/\/www.elpolitologoyelpolitico.com.ar\/wp-content\/uploads\/2022\/03\/IMG-20220329-WA0025-300x230.jpg 300w\" sizes=\"(max-width: 720px) 100vw, 720px\" \/><\/figure>\n<\/figure>\n\t\t\t\t\t\t\t\t<\/div>\n\t\t\t\t<\/div>\n\t\t\t\t\t<\/div>\n\t\t<\/div>\n\t\t\t\t\t<\/div>\n\t\t<\/section>\n\t\t\t\t<\/div>\n\t\t<div class=\"fb-background-color\">\n\t\t\t  <div \n\t\t\t  \tclass = \"fb-comments\" \n\t\t\t  \tdata-href = \"https:\/\/www.elpolitologoyelpolitico.com.ar\/wordpress\/2022\/03\/29\/siguen-las-obras-para-la-jerarquizacion-del-bulevar-ituzaingo\/\"\n\t\t\t  \tdata-numposts = \"10\"\n\t\t\t  \tdata-lazy = \"true\"\n\t\t\t\tdata-colorscheme = \"light\"\n\t\t\t\tdata-order-by = \"social\"\n\t\t\t\tdata-mobile=true>\n\t\t\t  <\/div><\/div>\n\t\t  <style>\n\t\t    .fb-background-color {\n\t\t\t\tbackground: #ffffff !important;\n\t\t\t}\n\t\t\t.fb_iframe_widget_fluid_desktop iframe {\n\t\t\t    width: 100% !important;\n\t\t\t}\n\t\t  <\/style>\n\t\t  ","protected":false},"excerpt":{"rendered":"<p>El gobierno de Viedma continuar\u00e1 con las obras de puesta en valor y jerarquizaci\u00f3n del bulevar Ituzaing\u00f3, con el objetivo de habilitarlo en el corto plazo como nueva v\u00eda de acceso, directa y \u00e1gil, a sectores c\u00e9ntricos y costanera. En los \u00faltimos&nbsp; d\u00edas avanzaron obras de desag\u00fces pluviales para conectar con ductos las cargas de [&hellip;]<\/p>\n","protected":false},"author":4,"featured_media":18399,"comment_status":"closed","ping_status":"closed","sticky":false,"template":"","format":"standard","meta":{"_joinchat":[],"footnotes":""},"categories":[4],"tags":[],"class_list":["post-18398","post","type-post","status-publish","format-standard","has-post-thumbnail","hentry","category-politicas-publicas"],"_links":{"self":[{"href":"https:\/\/www.elpolitologoyelpolitico.com.ar\/wordpress\/wp-json\/wp\/v2\/posts\/18398","targetHints":{"allow":["GET"]}}],"collection":[{"href":"https:\/\/www.elpolitologoyelpolitico.com.ar\/wordpress\/wp-json\/wp\/v2\/posts"}],"about":[{"href":"https:\/\/www.elpolitologoyelpolitico.com.ar\/wordpress\/wp-json\/wp\/v2\/types\/post"}],"author":[{"embeddable":true,"href":"https:\/\/www.elpolitologoyelpolitico.com.ar\/wordpress\/wp-json\/wp\/v2\/users\/4"}],"replies":[{"embeddable":true,"href":"https:\/\/www.elpolitologoyelpolitico.com.ar\/wordpress\/wp-json\/wp\/v2\/comments?post=18398"}],"version-history":[{"count":0,"href":"https:\/\/www.elpolitologoyelpolitico.com.ar\/wordpress\/wp-json\/wp\/v2\/posts\/18398\/revisions"}],"wp:featuredmedia":[{"embeddable":true,"href":"https:\/\/www.elpolitologoyelpolitico.com.ar\/wordpress\/wp-json\/wp\/v2\/media\/18399"}],"wp:attachment":[{"href":"https:\/\/www.elpolitologoyelpolitico.com.ar\/wordpress\/wp-json\/wp\/v2\/media?parent=18398"}],"wp:term":[{"taxonomy":"category","embeddable":true,"href":"https:\/\/www.elpolitologoyelpolitico.com.ar\/wordpress\/wp-json\/wp\/v2\/categories?post=18398"},{"taxonomy":"post_tag","embeddable":true,"href":"https:\/\/www.elpolitologoyelpolitico.com.ar\/wordpress\/wp-json\/wp\/v2\/tags?post=18398"}],"curies":[{"name":"wp","href":"https:\/\/api.w.org\/{rel}","templated":true}]}}