{"id":18385,"date":"2022-03-29T18:37:51","date_gmt":"2022-03-29T18:37:51","guid":{"rendered":"https:\/\/www.elpolitologoyelpolitico.com.ar\/wordpress\/?p=18385"},"modified":"2022-03-29T18:38:33","modified_gmt":"2022-03-29T18:38:33","slug":"estatales-rionegrinos-comenzaran-a-cobrar-sus-sueldos-el-5-de-abril","status":"publish","type":"post","link":"https:\/\/www.elpolitologoyelpolitico.com.ar\/wordpress\/2022\/03\/29\/estatales-rionegrinos-comenzaran-a-cobrar-sus-sueldos-el-5-de-abril\/","title":{"rendered":"Estatales rionegrinos comenzar\u00e1n a cobrar sus sueldos el 5 de abril"},"content":{"rendered":"\t\t<div data-elementor-type=\"wp-post\" data-elementor-id=\"18385\" class=\"elementor elementor-18385\">\n\t\t\t\t\t\t<section class=\"elementor-section elementor-top-section elementor-element elementor-element-424e9143 elementor-section-boxed elementor-section-height-default elementor-section-height-default\" data-id=\"424e9143\" data-element_type=\"section\" data-e-type=\"section\">\n\t\t\t\t\t\t<div class=\"elementor-container elementor-column-gap-default\">\n\t\t\t\t\t<div class=\"elementor-column elementor-col-100 elementor-top-column elementor-element elementor-element-70a27087\" data-id=\"70a27087\" data-element_type=\"column\" data-e-type=\"column\">\n\t\t\t<div class=\"elementor-widget-wrap elementor-element-populated\">\n\t\t\t\t\t\t<div class=\"elementor-element elementor-element-2cc29bf9 elementor-widget elementor-widget-text-editor\" data-id=\"2cc29bf9\" data-element_type=\"widget\" data-e-type=\"widget\" data-widget_type=\"text-editor.default\">\n\t\t\t\t<div class=\"elementor-widget-container\">\n\t\t\t\t\t\t\t\t\t\n<p><\/p>\n\n\n\n<p>El cronograma de pago de marzo a las y los trabajadores del Estado provincial comenzar\u00e1 el 5 de abril e incluir\u00e1 un aumento del 6%. Ese d\u00eda percibir\u00e1n sus haberes los agentes de salud (incluyendo horas extras y guardias) y el personal policial y penitenciario.<\/p>\n\n\n\n<p>El pago continuar\u00e1 el mi\u00e9rcoles 6 con docentes y porteros, y seguir\u00e1 el jueves 7 con el personal enmarcado en la Ley 1844, Vialidad Rionegrina y las pensiones de bomberos voluntarios.<\/p>\n\n\n\n<p>Finalmente, el viernes 8 cobrar\u00e1n sus salarios los agentes de los Poderes Legislativo y Judicial y de los organismos de control.<\/p>\n\n\n\n<p>El Gobierno de R\u00edo Negro liquidar\u00e1 los salarios correspondientes a marzo con un incremento del 6%, independientemente de la decisi\u00f3n de&nbsp; los gremios a la propuesta realizada.<\/p>\n\t\t\t\t\t\t\t\t<\/div>\n\t\t\t\t<\/div>\n\t\t\t\t\t<\/div>\n\t\t<\/div>\n\t\t\t\t\t<\/div>\n\t\t<\/section>\n\t\t\t\t<\/div>\n\t\t<div class=\"fb-background-color\">\n\t\t\t  <div \n\t\t\t  \tclass = \"fb-comments\" \n\t\t\t  \tdata-href = \"https:\/\/www.elpolitologoyelpolitico.com.ar\/wordpress\/2022\/03\/29\/estatales-rionegrinos-comenzaran-a-cobrar-sus-sueldos-el-5-de-abril\/\"\n\t\t\t  \tdata-numposts = \"10\"\n\t\t\t  \tdata-lazy = \"true\"\n\t\t\t\tdata-colorscheme = \"light\"\n\t\t\t\tdata-order-by = \"social\"\n\t\t\t\tdata-mobile=true>\n\t\t\t  <\/div><\/div>\n\t\t  <style>\n\t\t    .fb-background-color {\n\t\t\t\tbackground: #ffffff !important;\n\t\t\t}\n\t\t\t.fb_iframe_widget_fluid_desktop iframe {\n\t\t\t    width: 100% !important;\n\t\t\t}\n\t\t  <\/style>\n\t\t  ","protected":false},"excerpt":{"rendered":"<p>El cronograma de pago de marzo a las y los trabajadores del Estado provincial comenzar\u00e1 el 5 de abril e incluir\u00e1 un aumento del 6%. Ese d\u00eda percibir\u00e1n sus haberes los agentes de salud (incluyendo horas extras y guardias) y el personal policial y penitenciario. El pago continuar\u00e1 el mi\u00e9rcoles 6 con docentes y porteros, [&hellip;]<\/p>\n","protected":false},"author":4,"featured_media":18386,"comment_status":"closed","ping_status":"closed","sticky":false,"template":"","format":"standard","meta":{"_joinchat":[],"footnotes":""},"categories":[39],"tags":[],"class_list":["post-18385","post","type-post","status-publish","format-standard","has-post-thumbnail","hentry","category-en-esta-seccion"],"_links":{"self":[{"href":"https:\/\/www.elpolitologoyelpolitico.com.ar\/wordpress\/wp-json\/wp\/v2\/posts\/18385","targetHints":{"allow":["GET"]}}],"collection":[{"href":"https:\/\/www.elpolitologoyelpolitico.com.ar\/wordpress\/wp-json\/wp\/v2\/posts"}],"about":[{"href":"https:\/\/www.elpolitologoyelpolitico.com.ar\/wordpress\/wp-json\/wp\/v2\/types\/post"}],"author":[{"embeddable":true,"href":"https:\/\/www.elpolitologoyelpolitico.com.ar\/wordpress\/wp-json\/wp\/v2\/users\/4"}],"replies":[{"embeddable":true,"href":"https:\/\/www.elpolitologoyelpolitico.com.ar\/wordpress\/wp-json\/wp\/v2\/comments?post=18385"}],"version-history":[{"count":0,"href":"https:\/\/www.elpolitologoyelpolitico.com.ar\/wordpress\/wp-json\/wp\/v2\/posts\/18385\/revisions"}],"wp:featuredmedia":[{"embeddable":true,"href":"https:\/\/www.elpolitologoyelpolitico.com.ar\/wordpress\/wp-json\/wp\/v2\/media\/18386"}],"wp:attachment":[{"href":"https:\/\/www.elpolitologoyelpolitico.com.ar\/wordpress\/wp-json\/wp\/v2\/media?parent=18385"}],"wp:term":[{"taxonomy":"category","embeddable":true,"href":"https:\/\/www.elpolitologoyelpolitico.com.ar\/wordpress\/wp-json\/wp\/v2\/categories?post=18385"},{"taxonomy":"post_tag","embeddable":true,"href":"https:\/\/www.elpolitologoyelpolitico.com.ar\/wordpress\/wp-json\/wp\/v2\/tags?post=18385"}],"curies":[{"name":"wp","href":"https:\/\/api.w.org\/{rel}","templated":true}]}}