{"id":18335,"date":"2022-03-28T15:06:34","date_gmt":"2022-03-28T15:06:34","guid":{"rendered":"https:\/\/www.elpolitologoyelpolitico.com.ar\/wordpress\/?p=18335"},"modified":"2022-03-28T16:36:59","modified_gmt":"2022-03-28T16:36:59","slug":"%f0%9d%97%96%f0%9d%97%bc%f0%9d%97%bb-%f0%9d%97%bd%f0%9d%97%b9%f0%9d%98%82%f0%9d%98%80-%f0%9d%97%bd%f0%9d%97%ae%f0%9d%97%bb%f0%9d%97%b1%f0%9d%97%b2%f0%9d%97%ba%f0%9d%97%b6%f0%9d%97%ae-%f0%9d%97%b9","status":"publish","type":"post","link":"https:\/\/www.elpolitologoyelpolitico.com.ar\/wordpress\/2022\/03\/28\/%f0%9d%97%96%f0%9d%97%bc%f0%9d%97%bb-%f0%9d%97%bd%f0%9d%97%b9%f0%9d%98%82%f0%9d%98%80-%f0%9d%97%bd%f0%9d%97%ae%f0%9d%97%bb%f0%9d%97%b1%f0%9d%97%b2%f0%9d%97%ba%f0%9d%97%b6%f0%9d%97%ae-%f0%9d%97%b9\/","title":{"rendered":"Con plus pandemia la \u00faltima oferta a ATE llega al 27,2% de aumento semestral"},"content":{"rendered":"\t\t<div data-elementor-type=\"wp-post\" data-elementor-id=\"18335\" class=\"elementor elementor-18335\">\n\t\t\t\t\t\t<section class=\"elementor-section elementor-top-section elementor-element elementor-element-1c19173 elementor-section-boxed elementor-section-height-default elementor-section-height-default\" data-id=\"1c19173\" data-element_type=\"section\" data-e-type=\"section\">\n\t\t\t\t\t\t<div class=\"elementor-container elementor-column-gap-default\">\n\t\t\t\t\t<div class=\"elementor-column elementor-col-100 elementor-top-column elementor-element elementor-element-40dd7dd0\" data-id=\"40dd7dd0\" data-element_type=\"column\" data-e-type=\"column\">\n\t\t\t<div class=\"elementor-widget-wrap elementor-element-populated\">\n\t\t\t\t\t\t<div class=\"elementor-element elementor-element-4238b309 elementor-widget elementor-widget-text-editor\" data-id=\"4238b309\" data-element_type=\"widget\" data-e-type=\"widget\" data-widget_type=\"text-editor.default\">\n\t\t\t\t<div class=\"elementor-widget-container\">\n\t\t\t\t\t\t\t\t\t\n<p><\/p>\n\n\n\n<p>La Asociaci\u00f3n Trabajadores del Estado (ATE) analiza por estas horas la \u00faltima oferta que el gobierno realiz\u00f3 en el marco de la Funci\u00f3n P\u00fablica. La misma es en general de un 24% para el semestre, aunque para los m\u00e1s de 7.000 agentes que perciben el \u00abplus pandemia\u00bb se ubica entre el 25,9% y 27,2% dentro de los reg\u00edmenes de las leyes 1.844 y 1.904.<\/p>\n\n\n\n<p>En detalle, en el caso de los no profesionales de la categor\u00eda 1, el impacto del ofrecimiento con el referido plus es del 26,4% en los primeros seis meses del a\u00f1o. Se trata de una suba de $16.380, mientras que sin el adicional el incremento es de $14.890.<\/p>\n\n\n\n<p>Por otro lado, para quienes son profesionales y prestan servicios en salud, que son de grado 1, de 40 horas semanales y agrupamiento 1, el aumento propuesto totaliza un 26.6%, mientras que para el grado 8, de 44 horas semanales y agrupamiento 2, es de 26,3%.<\/p>\n\n\n\n<p>Cabe recordar que el plus pandemia se trat\u00f3 de un reconocimiento inicial para los trabajadores hospitalarios, el personal esencial de Senaf y Desarrollo Humano, y que si bien naci\u00f3 como un \u00edtem extraordinario, en el marco de la pandemia, luego se transform\u00f3 en permanente por acuerdo con ATE. Es as\u00ed que, a partir de la \u00faltima propuesta realizada por el Ejecutivo en el marco de las negociaciones salariales, el haber m\u00ednimo de bolsillo en la provincia ser\u00e1 de $77.000.<\/p>\n\t\t\t\t\t\t\t\t<\/div>\n\t\t\t\t<\/div>\n\t\t\t\t\t<\/div>\n\t\t<\/div>\n\t\t\t\t\t<\/div>\n\t\t<\/section>\n\t\t\t\t<\/div>\n\t\t<div class=\"fb-background-color\">\n\t\t\t  <div \n\t\t\t  \tclass = \"fb-comments\" \n\t\t\t  \tdata-href = \"https:\/\/www.elpolitologoyelpolitico.com.ar\/wordpress\/2022\/03\/28\/%f0%9d%97%96%f0%9d%97%bc%f0%9d%97%bb-%f0%9d%97%bd%f0%9d%97%b9%f0%9d%98%82%f0%9d%98%80-%f0%9d%97%bd%f0%9d%97%ae%f0%9d%97%bb%f0%9d%97%b1%f0%9d%97%b2%f0%9d%97%ba%f0%9d%97%b6%f0%9d%97%ae-%f0%9d%97%b9\/\"\n\t\t\t  \tdata-numposts = \"10\"\n\t\t\t  \tdata-lazy = \"true\"\n\t\t\t\tdata-colorscheme = \"light\"\n\t\t\t\tdata-order-by = \"social\"\n\t\t\t\tdata-mobile=true>\n\t\t\t  <\/div><\/div>\n\t\t  <style>\n\t\t    .fb-background-color {\n\t\t\t\tbackground: #ffffff !important;\n\t\t\t}\n\t\t\t.fb_iframe_widget_fluid_desktop iframe {\n\t\t\t    width: 100% !important;\n\t\t\t}\n\t\t  <\/style>\n\t\t  ","protected":false},"excerpt":{"rendered":"<p>La Asociaci\u00f3n Trabajadores del Estado (ATE) analiza por estas horas la \u00faltima oferta que el gobierno realiz\u00f3 en el marco de la Funci\u00f3n P\u00fablica. La misma es en general de un 24% para el semestre, aunque para los m\u00e1s de 7.000 agentes que perciben el \u00abplus pandemia\u00bb se ubica entre el 25,9% y 27,2% dentro [&hellip;]<\/p>\n","protected":false},"author":4,"featured_media":18336,"comment_status":"closed","ping_status":"closed","sticky":false,"template":"","format":"standard","meta":{"_joinchat":[],"footnotes":""},"categories":[39],"tags":[],"class_list":["post-18335","post","type-post","status-publish","format-standard","has-post-thumbnail","hentry","category-en-esta-seccion"],"_links":{"self":[{"href":"https:\/\/www.elpolitologoyelpolitico.com.ar\/wordpress\/wp-json\/wp\/v2\/posts\/18335","targetHints":{"allow":["GET"]}}],"collection":[{"href":"https:\/\/www.elpolitologoyelpolitico.com.ar\/wordpress\/wp-json\/wp\/v2\/posts"}],"about":[{"href":"https:\/\/www.elpolitologoyelpolitico.com.ar\/wordpress\/wp-json\/wp\/v2\/types\/post"}],"author":[{"embeddable":true,"href":"https:\/\/www.elpolitologoyelpolitico.com.ar\/wordpress\/wp-json\/wp\/v2\/users\/4"}],"replies":[{"embeddable":true,"href":"https:\/\/www.elpolitologoyelpolitico.com.ar\/wordpress\/wp-json\/wp\/v2\/comments?post=18335"}],"version-history":[{"count":0,"href":"https:\/\/www.elpolitologoyelpolitico.com.ar\/wordpress\/wp-json\/wp\/v2\/posts\/18335\/revisions"}],"wp:featuredmedia":[{"embeddable":true,"href":"https:\/\/www.elpolitologoyelpolitico.com.ar\/wordpress\/wp-json\/wp\/v2\/media\/18336"}],"wp:attachment":[{"href":"https:\/\/www.elpolitologoyelpolitico.com.ar\/wordpress\/wp-json\/wp\/v2\/media?parent=18335"}],"wp:term":[{"taxonomy":"category","embeddable":true,"href":"https:\/\/www.elpolitologoyelpolitico.com.ar\/wordpress\/wp-json\/wp\/v2\/categories?post=18335"},{"taxonomy":"post_tag","embeddable":true,"href":"https:\/\/www.elpolitologoyelpolitico.com.ar\/wordpress\/wp-json\/wp\/v2\/tags?post=18335"}],"curies":[{"name":"wp","href":"https:\/\/api.w.org\/{rel}","templated":true}]}}