{"id":18325,"date":"2022-03-28T14:24:41","date_gmt":"2022-03-28T14:24:41","guid":{"rendered":"https:\/\/www.elpolitologoyelpolitico.com.ar\/wordpress\/?p=18325"},"modified":"2022-03-28T14:27:24","modified_gmt":"2022-03-28T14:27:24","slug":"18325","status":"publish","type":"post","link":"https:\/\/www.elpolitologoyelpolitico.com.ar\/wordpress\/2022\/03\/28\/18325\/","title":{"rendered":"Exitoso Abuelazo de la RED en Mainque"},"content":{"rendered":"\n<p><\/p>\n\n\n\n<p>En un marco plagado de sonrisas y lindos momentos, la RED Rionegrina de la Tercera Juventud, realiz\u00f3 su primer Abuelazo 2022 este domingo en el Centro de Jubilados de Mainque.<\/p>\n\n\n\n<p>Con la participaci\u00f3n de m\u00e1s de 800 personas mayores, fue un \u00e9xito el primer encuentro recreativo del a\u00f1o de la RED, que recibi\u00f3 participantes de diferentes puntos de la provincia de Rio Negro que vivieron un domingo diferentes a puro baile y diversi\u00f3n.<\/p>\n\n\n\n<p>El evento organizado por el equipo de la RED comenz\u00f3 a las 11 horas y cont\u00f3 con el apoyo de la Municipalidad de Mainque y el Centro de Jubilados local. Con un show de orquesta en vivo y un sal\u00f3n decorado a todo color, los integrantes de la RED pudieron vivir una verdadera fiesta signada por los reencuentros y las emociones.<\/p>\n\n\n\n<p>Rodolfo Artola principal referente de este movimiento social, me mostr\u00f3 muy conforme y agradecido en el acto central del encuentro: \u201cHoy pudimos reencontramos, volver a compartir un momento especial como este, despu\u00e9s de momentos muy dif\u00edciles para todos poder comenzar el a\u00f1o de esta manera nos llena el alma y el coraz\u00f3n de alegr\u00eda, tenemos que agradecer a todos los que ayudaron de alguna manera para que esto sea posible. Seguiremos trabajando desde la RED con la empat\u00eda y el compromiso de siempre, en esta b\u00fasqueda de integraci\u00f3n y oportunidades para las personas mayores de nuestra provincia\u201d<\/p>\n\n\n\n<p>La RED Rionegrina de la Tercera Juventud es un movimiento social comunitario voluntario fundado en 1995, que lucha contra el sedentarismo y los cuadros emocionales negativos entre las personas mayores, a trav\u00e9s de diferentes actividades recreativas o de turismo accesible.&nbsp; &nbsp; &nbsp;<\/p>\n\n\n\n<figure class=\"wp-block-gallery has-nested-images columns-default is-cropped wp-block-gallery-1 is-layout-flex wp-block-gallery-is-layout-flex\">\n<figure><img decoding=\"async\" data-id=\"18328\" src=\"https:\/\/www.elpolitologoyelpolitico.com.ar\/wp-content\/uploads\/2022\/03\/IMG-20220328-WA0019-1-1024x768.jpg\" alt=\"\"\/><\/figure>\n\n\n\n<figure><img decoding=\"async\" data-id=\"18326\" src=\"https:\/\/www.elpolitologoyelpolitico.com.ar\/wp-content\/uploads\/2022\/03\/IMG-20220328-WA0018-1-1024x768.jpg\" alt=\"\"\/><\/figure>\n\n\n\n<figure><img decoding=\"async\" data-id=\"18327\" src=\"https:\/\/www.elpolitologoyelpolitico.com.ar\/wp-content\/uploads\/2022\/03\/IMG-20220328-WA0020-1-1024x768.jpg\" alt=\"\"\/><\/figure>\n<\/figure>\n<div class=\"fb-background-color\">\n\t\t\t  <div \n\t\t\t  \tclass = \"fb-comments\" \n\t\t\t  \tdata-href = \"https:\/\/www.elpolitologoyelpolitico.com.ar\/wordpress\/2022\/03\/28\/18325\/\"\n\t\t\t  \tdata-numposts = \"10\"\n\t\t\t  \tdata-lazy = \"true\"\n\t\t\t\tdata-colorscheme = \"light\"\n\t\t\t\tdata-order-by = \"social\"\n\t\t\t\tdata-mobile=true>\n\t\t\t  <\/div><\/div>\n\t\t  <style>\n\t\t    .fb-background-color {\n\t\t\t\tbackground: #ffffff !important;\n\t\t\t}\n\t\t\t.fb_iframe_widget_fluid_desktop iframe {\n\t\t\t    width: 100% !important;\n\t\t\t}\n\t\t  <\/style>\n\t\t  ","protected":false},"excerpt":{"rendered":"<p>En un marco plagado de sonrisas y lindos momentos, la RED Rionegrina de la Tercera Juventud, realiz\u00f3 su primer Abuelazo 2022 este domingo en el Centro de Jubilados de Mainque. Con la participaci\u00f3n de m\u00e1s de 800 personas mayores, fue un \u00e9xito el primer encuentro recreativo del a\u00f1o de la RED, que recibi\u00f3 participantes de [&hellip;]<\/p>\n","protected":false},"author":4,"featured_media":18317,"comment_status":"closed","ping_status":"closed","sticky":false,"template":"","format":"standard","meta":{"_joinchat":[],"footnotes":""},"categories":[39],"tags":[],"class_list":["post-18325","post","type-post","status-publish","format-standard","has-post-thumbnail","hentry","category-en-esta-seccion"],"_links":{"self":[{"href":"https:\/\/www.elpolitologoyelpolitico.com.ar\/wordpress\/wp-json\/wp\/v2\/posts\/18325","targetHints":{"allow":["GET"]}}],"collection":[{"href":"https:\/\/www.elpolitologoyelpolitico.com.ar\/wordpress\/wp-json\/wp\/v2\/posts"}],"about":[{"href":"https:\/\/www.elpolitologoyelpolitico.com.ar\/wordpress\/wp-json\/wp\/v2\/types\/post"}],"author":[{"embeddable":true,"href":"https:\/\/www.elpolitologoyelpolitico.com.ar\/wordpress\/wp-json\/wp\/v2\/users\/4"}],"replies":[{"embeddable":true,"href":"https:\/\/www.elpolitologoyelpolitico.com.ar\/wordpress\/wp-json\/wp\/v2\/comments?post=18325"}],"version-history":[{"count":0,"href":"https:\/\/www.elpolitologoyelpolitico.com.ar\/wordpress\/wp-json\/wp\/v2\/posts\/18325\/revisions"}],"wp:featuredmedia":[{"embeddable":true,"href":"https:\/\/www.elpolitologoyelpolitico.com.ar\/wordpress\/wp-json\/wp\/v2\/media\/18317"}],"wp:attachment":[{"href":"https:\/\/www.elpolitologoyelpolitico.com.ar\/wordpress\/wp-json\/wp\/v2\/media?parent=18325"}],"wp:term":[{"taxonomy":"category","embeddable":true,"href":"https:\/\/www.elpolitologoyelpolitico.com.ar\/wordpress\/wp-json\/wp\/v2\/categories?post=18325"},{"taxonomy":"post_tag","embeddable":true,"href":"https:\/\/www.elpolitologoyelpolitico.com.ar\/wordpress\/wp-json\/wp\/v2\/tags?post=18325"}],"curies":[{"name":"wp","href":"https:\/\/api.w.org\/{rel}","templated":true}]}}