{"id":18308,"date":"2022-03-28T13:50:32","date_gmt":"2022-03-28T13:50:32","guid":{"rendered":"https:\/\/www.elpolitologoyelpolitico.com.ar\/wordpress\/?p=18308"},"modified":"2022-03-28T13:53:23","modified_gmt":"2022-03-28T13:53:23","slug":"comienzan-la-reparacion-del-camino-a-san-blas","status":"publish","type":"post","link":"https:\/\/www.elpolitologoyelpolitico.com.ar\/wordpress\/2022\/03\/28\/comienzan-la-reparacion-del-camino-a-san-blas\/","title":{"rendered":"COMIENZAN LA REPARACI\u00d3N DEL CAMINO A SAN BLAS"},"content":{"rendered":"\t\t<div data-elementor-type=\"wp-post\" data-elementor-id=\"18308\" class=\"elementor elementor-18308\">\n\t\t\t\t\t\t<section class=\"elementor-section elementor-top-section elementor-element elementor-element-4ec60beb elementor-section-boxed elementor-section-height-default elementor-section-height-default\" data-id=\"4ec60beb\" data-element_type=\"section\" data-e-type=\"section\">\n\t\t\t\t\t\t<div class=\"elementor-container elementor-column-gap-default\">\n\t\t\t\t\t<div class=\"elementor-column elementor-col-100 elementor-top-column elementor-element elementor-element-60cf044f\" data-id=\"60cf044f\" data-element_type=\"column\" data-e-type=\"column\">\n\t\t\t<div class=\"elementor-widget-wrap elementor-element-populated\">\n\t\t\t\t\t\t<div class=\"elementor-element elementor-element-69f1234e elementor-widget elementor-widget-text-editor\" data-id=\"69f1234e\" data-element_type=\"widget\" data-e-type=\"widget\" data-widget_type=\"text-editor.default\">\n\t\t\t\t<div class=\"elementor-widget-container\">\n\t\t\t\t\t\t\t\t\t\n<p><\/p>\n\n\n\n<p>El bloque de concejales y concejalas del Frente de Todos de Patagones realiz\u00f3 gestiones ante la&nbsp; Direcci\u00f3n de Vialidad provincial, por la dif\u00edcil transitabilidad del camino de acceso a Bah\u00eda San Blas, ante este reclamo se informa desde el bloque que a partir de \u00e9ste mi\u00e9rcoles 30 de marzo, se llevaran adelante tareas de mantenimiento en el camino de acceso a Bahia San Blas.<\/p>\n\n\n\n<p>Las tareas estimadas son las de reconstrucci\u00f3n de cunetas, ejecuci\u00f3n de alteos puntuales sobre los bajos y eventualmente, de acuerdo a disponibilidad, la ejecuci\u00f3n de al menos tres alcantarillas transversales de ca\u00f1o de chapa, que act\u00faen de niveladora de bajos.<\/p>\n\n\n\n<p>Entre los d\u00edas martes 29 y mi\u00e9rcoles 30 de marzo, se realizar\u00e1n los traslados de los equipos, hacia J.B. Casas, donde se instalar\u00e1 el campamento de la DVBA para este operativo. El plazo de obra&nbsp; est\u00e1 previsto, en condiciones normales, en 45 d\u00edas de trabajo.<\/p>\n\n\n\n<p>Desde el bloque de concejales del FdT agradecen la pronta respuesta del gobierno provincial para intervenir en el camino.<\/p>\n\n\n\n<figure class=\"wp-block-image size-large\"><img fetchpriority=\"high\" decoding=\"async\" width=\"1024\" height=\"723\" src=\"https:\/\/www.elpolitologoyelpolitico.com.ar\/wp-content\/uploads\/2022\/03\/IMG-20220328-WA0016-1024x723.jpg\" alt=\"\" class=\"wp-image-18310\" srcset=\"https:\/\/www.elpolitologoyelpolitico.com.ar\/wp-content\/uploads\/2022\/03\/IMG-20220328-WA0016-1024x723.jpg 1024w, https:\/\/www.elpolitologoyelpolitico.com.ar\/wp-content\/uploads\/2022\/03\/IMG-20220328-WA0016-300x212.jpg 300w, https:\/\/www.elpolitologoyelpolitico.com.ar\/wp-content\/uploads\/2022\/03\/IMG-20220328-WA0016-768x542.jpg 768w, https:\/\/www.elpolitologoyelpolitico.com.ar\/wp-content\/uploads\/2022\/03\/IMG-20220328-WA0016.jpg 1044w\" sizes=\"(max-width: 1024px) 100vw, 1024px\" \/><\/figure>\n\t\t\t\t\t\t\t\t<\/div>\n\t\t\t\t<\/div>\n\t\t\t\t\t<\/div>\n\t\t<\/div>\n\t\t\t\t\t<\/div>\n\t\t<\/section>\n\t\t\t\t<\/div>\n\t\t<div class=\"fb-background-color\">\n\t\t\t  <div \n\t\t\t  \tclass = \"fb-comments\" \n\t\t\t  \tdata-href = \"https:\/\/www.elpolitologoyelpolitico.com.ar\/wordpress\/2022\/03\/28\/comienzan-la-reparacion-del-camino-a-san-blas\/\"\n\t\t\t  \tdata-numposts = \"10\"\n\t\t\t  \tdata-lazy = \"true\"\n\t\t\t\tdata-colorscheme = \"light\"\n\t\t\t\tdata-order-by = \"social\"\n\t\t\t\tdata-mobile=true>\n\t\t\t  <\/div><\/div>\n\t\t  <style>\n\t\t    .fb-background-color {\n\t\t\t\tbackground: #ffffff !important;\n\t\t\t}\n\t\t\t.fb_iframe_widget_fluid_desktop iframe {\n\t\t\t    width: 100% !important;\n\t\t\t}\n\t\t  <\/style>\n\t\t  ","protected":false},"excerpt":{"rendered":"<p>El bloque de concejales y concejalas del Frente de Todos de Patagones realiz\u00f3 gestiones ante la&nbsp; Direcci\u00f3n de Vialidad provincial, por la dif\u00edcil transitabilidad del camino de acceso a Bah\u00eda San Blas, ante este reclamo se informa desde el bloque que a partir de \u00e9ste mi\u00e9rcoles 30 de marzo, se llevaran adelante tareas de mantenimiento [&hellip;]<\/p>\n","protected":false},"author":4,"featured_media":18309,"comment_status":"closed","ping_status":"closed","sticky":false,"template":"","format":"standard","meta":{"_joinchat":[],"footnotes":""},"categories":[4],"tags":[],"class_list":["post-18308","post","type-post","status-publish","format-standard","has-post-thumbnail","hentry","category-politicas-publicas"],"_links":{"self":[{"href":"https:\/\/www.elpolitologoyelpolitico.com.ar\/wordpress\/wp-json\/wp\/v2\/posts\/18308","targetHints":{"allow":["GET"]}}],"collection":[{"href":"https:\/\/www.elpolitologoyelpolitico.com.ar\/wordpress\/wp-json\/wp\/v2\/posts"}],"about":[{"href":"https:\/\/www.elpolitologoyelpolitico.com.ar\/wordpress\/wp-json\/wp\/v2\/types\/post"}],"author":[{"embeddable":true,"href":"https:\/\/www.elpolitologoyelpolitico.com.ar\/wordpress\/wp-json\/wp\/v2\/users\/4"}],"replies":[{"embeddable":true,"href":"https:\/\/www.elpolitologoyelpolitico.com.ar\/wordpress\/wp-json\/wp\/v2\/comments?post=18308"}],"version-history":[{"count":0,"href":"https:\/\/www.elpolitologoyelpolitico.com.ar\/wordpress\/wp-json\/wp\/v2\/posts\/18308\/revisions"}],"wp:featuredmedia":[{"embeddable":true,"href":"https:\/\/www.elpolitologoyelpolitico.com.ar\/wordpress\/wp-json\/wp\/v2\/media\/18309"}],"wp:attachment":[{"href":"https:\/\/www.elpolitologoyelpolitico.com.ar\/wordpress\/wp-json\/wp\/v2\/media?parent=18308"}],"wp:term":[{"taxonomy":"category","embeddable":true,"href":"https:\/\/www.elpolitologoyelpolitico.com.ar\/wordpress\/wp-json\/wp\/v2\/categories?post=18308"},{"taxonomy":"post_tag","embeddable":true,"href":"https:\/\/www.elpolitologoyelpolitico.com.ar\/wordpress\/wp-json\/wp\/v2\/tags?post=18308"}],"curies":[{"name":"wp","href":"https:\/\/api.w.org\/{rel}","templated":true}]}}