{"id":18299,"date":"2022-03-27T12:58:19","date_gmt":"2022-03-27T12:58:19","guid":{"rendered":"https:\/\/www.elpolitologoyelpolitico.com.ar\/wordpress\/?p=18299"},"modified":"2022-03-27T12:59:11","modified_gmt":"2022-03-27T12:59:11","slug":"la-juventud-juntos-somos-rio-negro-viedma-dijo-presente-por-el-24-de-marzo","status":"publish","type":"post","link":"https:\/\/www.elpolitologoyelpolitico.com.ar\/wordpress\/2022\/03\/27\/la-juventud-juntos-somos-rio-negro-viedma-dijo-presente-por-el-24-de-marzo\/","title":{"rendered":"La Juventud Juntos Somos R\u00edo Negro Viedma dijo presente por el 24 de marzo"},"content":{"rendered":"\t\t<div data-elementor-type=\"wp-post\" data-elementor-id=\"18299\" class=\"elementor elementor-18299\">\n\t\t\t\t\t\t<section class=\"elementor-section elementor-top-section elementor-element elementor-element-5b2daf05 elementor-section-boxed elementor-section-height-default elementor-section-height-default\" data-id=\"5b2daf05\" data-element_type=\"section\" data-e-type=\"section\">\n\t\t\t\t\t\t<div class=\"elementor-container elementor-column-gap-default\">\n\t\t\t\t\t<div class=\"elementor-column elementor-col-100 elementor-top-column elementor-element elementor-element-375bcc41\" data-id=\"375bcc41\" data-element_type=\"column\" data-e-type=\"column\">\n\t\t\t<div class=\"elementor-widget-wrap elementor-element-populated\">\n\t\t\t\t\t\t<div class=\"elementor-element elementor-element-78126830 elementor-widget elementor-widget-text-editor\" data-id=\"78126830\" data-element_type=\"widget\" data-e-type=\"widget\" data-widget_type=\"text-editor.default\">\n\t\t\t\t<div class=\"elementor-widget-container\">\n\t\t\t\t\t\t\t\t\t\n<p><\/p>\n\n\n\n<p>Sabemos la importancia de la participaci\u00f3n juvenil durante la Democracia en la historia Argentina.<\/p>\n\n\n\n<p>Durante la ultima dictadura militar (1976-1986) los j\u00f3venes sufrieron mucho, al igual que toda la sociedad.<\/p>\n\n\n\n<p>En el d\u00eda de hoy, la Juventud Juntos Somos R\u00edo Negro Viedma resignific\u00f3 la Memoria, la Verdad y la Justicia.<\/p>\n\n\n\n<p>Desde la juventud expresaron \u201cEl 24 de Marzo se conmemora en nuestro pa\u00eds el D\u00eda Nacional de la Memoria por la Verdad y la Justicia, en el cual el jueves pasado se cumplieron 46 a\u00f1os del \u00faltimo golpe de Estado c\u00edvico-militar\u201d.&nbsp;<\/p>\n\n\n\n<p>Y agregaron \u201cM\u00e1s all\u00e1 de que la fecha convoca a la reflexi\u00f3n y la memoria, y el consecuente reclamo de verdad y justicia es justo tambi\u00e9n reivindicar esta jornada con la energ\u00eda y la fuerza de las expresiones\u201d.<\/p>\n\n\n\n<p>La participaci\u00f3n en la actualidad de los j\u00f3venes es fundamental y siguen en la lucha para reflexionar y dar a conocer diversos derechos.&nbsp;<\/p>\n\n\n\n<p>Fueron varias las personas que participaron del encuentro en la Costanera viedmense recordando esta fecha tan importante para los ciudadanos argentinos.\u00a0<\/p>\n\n\n\n<figure class=\"wp-block-gallery has-nested-images columns-default is-cropped wp-block-gallery-2 is-layout-flex wp-block-gallery-is-layout-flex\">\n<figure class=\"wp-block-image size-large\"><img fetchpriority=\"high\" decoding=\"async\" width=\"720\" height=\"457\" data-id=\"18301\" src=\"https:\/\/www.elpolitologoyelpolitico.com.ar\/wp-content\/uploads\/2022\/03\/IMG-20220326-WA0046.jpg\" alt=\"\" class=\"wp-image-18301\" srcset=\"https:\/\/www.elpolitologoyelpolitico.com.ar\/wp-content\/uploads\/2022\/03\/IMG-20220326-WA0046.jpg 720w, https:\/\/www.elpolitologoyelpolitico.com.ar\/wp-content\/uploads\/2022\/03\/IMG-20220326-WA0046-300x190.jpg 300w\" sizes=\"(max-width: 720px) 100vw, 720px\" \/><\/figure>\n\n\n\n<figure class=\"wp-block-image size-large\"><img decoding=\"async\" width=\"720\" height=\"452\" data-id=\"18302\" src=\"https:\/\/www.elpolitologoyelpolitico.com.ar\/wp-content\/uploads\/2022\/03\/IMG-20220326-WA0047.jpg\" alt=\"\" class=\"wp-image-18302\" srcset=\"https:\/\/www.elpolitologoyelpolitico.com.ar\/wp-content\/uploads\/2022\/03\/IMG-20220326-WA0047.jpg 720w, https:\/\/www.elpolitologoyelpolitico.com.ar\/wp-content\/uploads\/2022\/03\/IMG-20220326-WA0047-300x188.jpg 300w\" sizes=\"(max-width: 720px) 100vw, 720px\" \/><\/figure>\n\n\n\n<figure class=\"wp-block-image size-large\"><img decoding=\"async\" width=\"720\" height=\"345\" data-id=\"18303\" src=\"https:\/\/www.elpolitologoyelpolitico.com.ar\/wp-content\/uploads\/2022\/03\/IMG-20220326-WA0049.jpg\" alt=\"\" class=\"wp-image-18303\" srcset=\"https:\/\/www.elpolitologoyelpolitico.com.ar\/wp-content\/uploads\/2022\/03\/IMG-20220326-WA0049.jpg 720w, https:\/\/www.elpolitologoyelpolitico.com.ar\/wp-content\/uploads\/2022\/03\/IMG-20220326-WA0049-300x144.jpg 300w\" sizes=\"(max-width: 720px) 100vw, 720px\" \/><\/figure>\n<\/figure>\n\t\t\t\t\t\t\t\t<\/div>\n\t\t\t\t<\/div>\n\t\t\t\t\t<\/div>\n\t\t<\/div>\n\t\t\t\t\t<\/div>\n\t\t<\/section>\n\t\t\t\t<\/div>\n\t\t<div class=\"fb-background-color\">\n\t\t\t  <div \n\t\t\t  \tclass = \"fb-comments\" \n\t\t\t  \tdata-href = \"https:\/\/www.elpolitologoyelpolitico.com.ar\/wordpress\/2022\/03\/27\/la-juventud-juntos-somos-rio-negro-viedma-dijo-presente-por-el-24-de-marzo\/\"\n\t\t\t  \tdata-numposts = \"10\"\n\t\t\t  \tdata-lazy = \"true\"\n\t\t\t\tdata-colorscheme = \"light\"\n\t\t\t\tdata-order-by = \"social\"\n\t\t\t\tdata-mobile=true>\n\t\t\t  <\/div><\/div>\n\t\t  <style>\n\t\t    .fb-background-color {\n\t\t\t\tbackground: #ffffff !important;\n\t\t\t}\n\t\t\t.fb_iframe_widget_fluid_desktop iframe {\n\t\t\t    width: 100% !important;\n\t\t\t}\n\t\t  <\/style>\n\t\t  ","protected":false},"excerpt":{"rendered":"<p>Sabemos la importancia de la participaci\u00f3n juvenil durante la Democracia en la historia Argentina. Durante la ultima dictadura militar (1976-1986) los j\u00f3venes sufrieron mucho, al igual que toda la sociedad. En el d\u00eda de hoy, la Juventud Juntos Somos R\u00edo Negro Viedma resignific\u00f3 la Memoria, la Verdad y la Justicia. Desde la juventud expresaron \u201cEl [&hellip;]<\/p>\n","protected":false},"author":4,"featured_media":18300,"comment_status":"closed","ping_status":"closed","sticky":false,"template":"","format":"standard","meta":{"_joinchat":[],"footnotes":""},"categories":[39],"tags":[],"class_list":["post-18299","post","type-post","status-publish","format-standard","has-post-thumbnail","hentry","category-en-esta-seccion"],"_links":{"self":[{"href":"https:\/\/www.elpolitologoyelpolitico.com.ar\/wordpress\/wp-json\/wp\/v2\/posts\/18299","targetHints":{"allow":["GET"]}}],"collection":[{"href":"https:\/\/www.elpolitologoyelpolitico.com.ar\/wordpress\/wp-json\/wp\/v2\/posts"}],"about":[{"href":"https:\/\/www.elpolitologoyelpolitico.com.ar\/wordpress\/wp-json\/wp\/v2\/types\/post"}],"author":[{"embeddable":true,"href":"https:\/\/www.elpolitologoyelpolitico.com.ar\/wordpress\/wp-json\/wp\/v2\/users\/4"}],"replies":[{"embeddable":true,"href":"https:\/\/www.elpolitologoyelpolitico.com.ar\/wordpress\/wp-json\/wp\/v2\/comments?post=18299"}],"version-history":[{"count":0,"href":"https:\/\/www.elpolitologoyelpolitico.com.ar\/wordpress\/wp-json\/wp\/v2\/posts\/18299\/revisions"}],"wp:featuredmedia":[{"embeddable":true,"href":"https:\/\/www.elpolitologoyelpolitico.com.ar\/wordpress\/wp-json\/wp\/v2\/media\/18300"}],"wp:attachment":[{"href":"https:\/\/www.elpolitologoyelpolitico.com.ar\/wordpress\/wp-json\/wp\/v2\/media?parent=18299"}],"wp:term":[{"taxonomy":"category","embeddable":true,"href":"https:\/\/www.elpolitologoyelpolitico.com.ar\/wordpress\/wp-json\/wp\/v2\/categories?post=18299"},{"taxonomy":"post_tag","embeddable":true,"href":"https:\/\/www.elpolitologoyelpolitico.com.ar\/wordpress\/wp-json\/wp\/v2\/tags?post=18299"}],"curies":[{"name":"wp","href":"https:\/\/api.w.org\/{rel}","templated":true}]}}