{"id":18292,"date":"2022-03-27T12:38:57","date_gmt":"2022-03-27T12:38:57","guid":{"rendered":"https:\/\/www.elpolitologoyelpolitico.com.ar\/wordpress\/?p=18292"},"modified":"2022-03-27T12:39:36","modified_gmt":"2022-03-27T12:39:36","slug":"equipos-sanitarios-asisten-a-distintos-barrios-afectados-por-el-temporal-en-bahia-blanca","status":"publish","type":"post","link":"https:\/\/www.elpolitologoyelpolitico.com.ar\/wordpress\/2022\/03\/27\/equipos-sanitarios-asisten-a-distintos-barrios-afectados-por-el-temporal-en-bahia-blanca\/","title":{"rendered":"Equipos sanitarios asisten a distintos barrios afectados por el temporal en Bah\u00eda Blanca"},"content":{"rendered":"\t\t<div data-elementor-type=\"wp-post\" data-elementor-id=\"18292\" class=\"elementor elementor-18292\">\n\t\t\t\t\t\t<section class=\"elementor-section elementor-top-section elementor-element elementor-element-763b40f3 elementor-section-boxed elementor-section-height-default elementor-section-height-default\" data-id=\"763b40f3\" data-element_type=\"section\" data-e-type=\"section\">\n\t\t\t\t\t\t<div class=\"elementor-container elementor-column-gap-default\">\n\t\t\t\t\t<div class=\"elementor-column elementor-col-100 elementor-top-column elementor-element elementor-element-67855ada\" data-id=\"67855ada\" data-element_type=\"column\" data-e-type=\"column\">\n\t\t\t<div class=\"elementor-widget-wrap elementor-element-populated\">\n\t\t\t\t\t\t<div class=\"elementor-element elementor-element-2f524e85 elementor-widget elementor-widget-text-editor\" data-id=\"2f524e85\" data-element_type=\"widget\" data-e-type=\"widget\" data-widget_type=\"text-editor.default\">\n\t\t\t\t<div class=\"elementor-widget-container\">\n\t\t\t\t\t\t\t\t\t\n<p><\/p>\n\n\n\n<p>El Ministerio de Salud, en conjunto con otras carteras de la Provincia de Buenos Aires, recorre y asisten las zonas afectadas. Adem\u00e1s se reforzar\u00e1 la asistencia y acompa\u00f1amiento en los centros de evacuados.<\/p>\n\n\n\n<p>La cartera sanitaria trabaja junto a equipos interdisciplinarios por los distintos barrios de la ciudad de Bah\u00eda Blanca, para asistir a las familias que debieron ser evacuadas por el desborde del arroyo Napost\u00e1. Desde el Ministerio de Salud se envi\u00f3 una camioneta 4&#215;4 para recorrer la ciudad, se reforz\u00f3 la provisi\u00f3n de medicamentos y se articul\u00f3 con el equipo regional de Red de Profesionales de Salud Mental para atender las situaciones m\u00e1s cr\u00edticas.<\/p>\n\n\n\n<p>Estos equipos sanitarios, integrados por personal de enfermer\u00eda, psicolog\u00eda y promotores y promotoras de salud, realizar\u00e1n un relevamiento casa por casa para conocer las&nbsp; necesidades de las y los vecinos afectados.<\/p>\n\n\n\n<p>Se conformaron seis equipos que comenzaron hoy s\u00e1bado 26 a recorrer 21 barrios de la ciudad y asistir a las familias con medicamentos, libretas sanitarias, certificados \u00fanicos de discapacidad y otros documentos sanitarios perdidos por la inundaci\u00f3n. Adem\u00e1s se ofrecer\u00e1n pastillas potabilizadoras para el agua, se orientar\u00e1 en relaci\u00f3n a pautas de cuidado y de alarma y se trabajar\u00e1 en el armado y\/o fortalecimiento de redes comunitarias de contenci\u00f3n y acompa\u00f1amiento.<\/p>\n\n\n\n<p>Los equipos sanitarios comandados por la Regi\u00f3n Sanitaria I, a cargo de Maximiliano N\u00fa\u00f1ez y Laureano Alimenti estuvieron hoy en Ing. White (Saladero y Boulevard), Tierras Argentinas, Martin Fierro, Evita, Thompson, Ferro y Miramar. Ma\u00f1ana domingo visitar\u00e1n Talleres, Spurr, Los Patricios, Puertas del Sur, M\u00e1s Barrios 2, Bajo Rondeu, Villa Caracol, y Oasis, mientras que el d\u00eda Lunes ir\u00e1n a los barrios\u00a0 Gr\u00fcnbein, Vista Alegre, Maldonado, Duprat, Latino, Villa Esperanza y Portal del Este.<\/p>\n\n\n\n<figure class=\"wp-block-image size-full\"><img fetchpriority=\"high\" decoding=\"async\" width=\"650\" height=\"433\" src=\"https:\/\/www.elpolitologoyelpolitico.com.ar\/wp-content\/uploads\/2022\/03\/IMG-20220326-WA0042.jpg\" alt=\"\" class=\"wp-image-18294\" srcset=\"https:\/\/www.elpolitologoyelpolitico.com.ar\/wp-content\/uploads\/2022\/03\/IMG-20220326-WA0042.jpg 650w, https:\/\/www.elpolitologoyelpolitico.com.ar\/wp-content\/uploads\/2022\/03\/IMG-20220326-WA0042-300x200.jpg 300w\" sizes=\"(max-width: 650px) 100vw, 650px\" \/><\/figure>\n\t\t\t\t\t\t\t\t<\/div>\n\t\t\t\t<\/div>\n\t\t\t\t\t<\/div>\n\t\t<\/div>\n\t\t\t\t\t<\/div>\n\t\t<\/section>\n\t\t\t\t<\/div>\n\t\t<div class=\"fb-background-color\">\n\t\t\t  <div \n\t\t\t  \tclass = \"fb-comments\" \n\t\t\t  \tdata-href = \"https:\/\/www.elpolitologoyelpolitico.com.ar\/wordpress\/2022\/03\/27\/equipos-sanitarios-asisten-a-distintos-barrios-afectados-por-el-temporal-en-bahia-blanca\/\"\n\t\t\t  \tdata-numposts = \"10\"\n\t\t\t  \tdata-lazy = \"true\"\n\t\t\t\tdata-colorscheme = \"light\"\n\t\t\t\tdata-order-by = \"social\"\n\t\t\t\tdata-mobile=true>\n\t\t\t  <\/div><\/div>\n\t\t  <style>\n\t\t    .fb-background-color {\n\t\t\t\tbackground: #ffffff !important;\n\t\t\t}\n\t\t\t.fb_iframe_widget_fluid_desktop iframe {\n\t\t\t    width: 100% !important;\n\t\t\t}\n\t\t  <\/style>\n\t\t  ","protected":false},"excerpt":{"rendered":"<p>El Ministerio de Salud, en conjunto con otras carteras de la Provincia de Buenos Aires, recorre y asisten las zonas afectadas. Adem\u00e1s se reforzar\u00e1 la asistencia y acompa\u00f1amiento en los centros de evacuados. La cartera sanitaria trabaja junto a equipos interdisciplinarios por los distintos barrios de la ciudad de Bah\u00eda Blanca, para asistir a las [&hellip;]<\/p>\n","protected":false},"author":4,"featured_media":18293,"comment_status":"closed","ping_status":"closed","sticky":false,"template":"","format":"standard","meta":{"_joinchat":[],"footnotes":""},"categories":[39],"tags":[],"class_list":["post-18292","post","type-post","status-publish","format-standard","has-post-thumbnail","hentry","category-en-esta-seccion"],"_links":{"self":[{"href":"https:\/\/www.elpolitologoyelpolitico.com.ar\/wordpress\/wp-json\/wp\/v2\/posts\/18292","targetHints":{"allow":["GET"]}}],"collection":[{"href":"https:\/\/www.elpolitologoyelpolitico.com.ar\/wordpress\/wp-json\/wp\/v2\/posts"}],"about":[{"href":"https:\/\/www.elpolitologoyelpolitico.com.ar\/wordpress\/wp-json\/wp\/v2\/types\/post"}],"author":[{"embeddable":true,"href":"https:\/\/www.elpolitologoyelpolitico.com.ar\/wordpress\/wp-json\/wp\/v2\/users\/4"}],"replies":[{"embeddable":true,"href":"https:\/\/www.elpolitologoyelpolitico.com.ar\/wordpress\/wp-json\/wp\/v2\/comments?post=18292"}],"version-history":[{"count":0,"href":"https:\/\/www.elpolitologoyelpolitico.com.ar\/wordpress\/wp-json\/wp\/v2\/posts\/18292\/revisions"}],"wp:featuredmedia":[{"embeddable":true,"href":"https:\/\/www.elpolitologoyelpolitico.com.ar\/wordpress\/wp-json\/wp\/v2\/media\/18293"}],"wp:attachment":[{"href":"https:\/\/www.elpolitologoyelpolitico.com.ar\/wordpress\/wp-json\/wp\/v2\/media?parent=18292"}],"wp:term":[{"taxonomy":"category","embeddable":true,"href":"https:\/\/www.elpolitologoyelpolitico.com.ar\/wordpress\/wp-json\/wp\/v2\/categories?post=18292"},{"taxonomy":"post_tag","embeddable":true,"href":"https:\/\/www.elpolitologoyelpolitico.com.ar\/wordpress\/wp-json\/wp\/v2\/tags?post=18292"}],"curies":[{"name":"wp","href":"https:\/\/api.w.org\/{rel}","templated":true}]}}