{"id":18285,"date":"2022-03-27T00:43:50","date_gmt":"2022-03-27T00:43:50","guid":{"rendered":"https:\/\/www.elpolitologoyelpolitico.com.ar\/wordpress\/?p=18285"},"modified":"2022-03-27T00:44:30","modified_gmt":"2022-03-27T00:44:30","slug":"voto-parroquial-provincia-capacito-a-municipios-que-implementaran-el-programa-mi-voto-cerca","status":"publish","type":"post","link":"https:\/\/www.elpolitologoyelpolitico.com.ar\/wordpress\/2022\/03\/27\/voto-parroquial-provincia-capacito-a-municipios-que-implementaran-el-programa-mi-voto-cerca\/","title":{"rendered":"Voto parroquial: Provincia capacit\u00f3 a Municipios que implementar\u00e1n el programa \u00abMi voto, cerca\u00bb"},"content":{"rendered":"\t\t<div data-elementor-type=\"wp-post\" data-elementor-id=\"18285\" class=\"elementor elementor-18285\">\n\t\t\t\t\t\t<section class=\"elementor-section elementor-top-section elementor-element elementor-element-5f555f82 elementor-section-boxed elementor-section-height-default elementor-section-height-default\" data-id=\"5f555f82\" data-element_type=\"section\" data-e-type=\"section\">\n\t\t\t\t\t\t<div class=\"elementor-container elementor-column-gap-default\">\n\t\t\t\t\t<div class=\"elementor-column elementor-col-100 elementor-top-column elementor-element elementor-element-4285e5b6\" data-id=\"4285e5b6\" data-element_type=\"column\" data-e-type=\"column\">\n\t\t\t<div class=\"elementor-widget-wrap elementor-element-populated\">\n\t\t\t\t\t\t<div class=\"elementor-element elementor-element-36dfa112 elementor-widget elementor-widget-text-editor\" data-id=\"36dfa112\" data-element_type=\"widget\" data-e-type=\"widget\" data-widget_type=\"text-editor.default\">\n\t\t\t\t<div class=\"elementor-widget-container\">\n\t\t\t\t\t\t\t\t\t\n<p><\/p>\n\n\n\n<p>En el marco de la implementaci\u00f3n del programa \u00abMi voto, cerca\u00bb (voto parroquial), impulsado por la Direcci\u00f3n de Asuntos Electorales dependiente del Ministerio de Gobierno y Comunidad, el Gobierno Provincial desarroll\u00f3 tres d\u00edas de capacitaci\u00f3n para direcciones de Catastro de distintos Municipios.<\/p>\n\n\n\n<p>El principal objetivo es confeccionar un sistema de elaboraci\u00f3n del padr\u00f3n electoral que garantice el ejercicio del derecho a votar cerca del domicilio a residentes que habitan la provincia de R\u00edo Negro.<\/p>\n\n\n\n<p>\u00abAcceder a este tipo de conocimientos les permitir\u00e1 contar con herramientas indispensables que satisfagan todas las necesidades concretas para el trabajo que implique todo el manejo de informaci\u00f3n geogr\u00e1fica respecto de su municipio\u00bb, explic\u00f3 Yisel Bijarra, referente de la Direcci\u00f3n de Asuntos Electorales.<\/p>\n\n\n\n<p>\u00abEsto contribuir\u00e1 para lograr un trabajo coordinado entre todas las partes en pos de conseguir los resultados esperados del programa y confeccionar todas las actualizaciones que sean necesarias a futuro\u00bb, agreg\u00f3.<\/p>\n\n\n\n<p>Asimismo, la capacitaci\u00f3n les permiti\u00f3 a los presentes obtener todo el conocimiento necesario y suficiente para formar parte de todo el proceso que implica la implementaci\u00f3n del sistema de voto parroquial.<\/p>\n\n\n\n<p>Adem\u00e1s, cada uno de los representantes municipales tomaron conocimiento del software QGIS, el cual les ser\u00e1 de gran utilidad durante el proceso que implica llevar adelante el sistema de voto por cercan\u00eda al domicilio de sus electores, como as\u00ed mismo el trabajo posterior que cada municipio deber\u00e1 afrontar una vez implementado.<\/p>\n\n\n\n<p>Participaron los municipios de Allen, Villa Regina, San Antonio Oeste, R\u00edo Colorado, Jacobacci, Campo Grande, Choele Choel, Luis Beltr\u00e1n, Valcheta, Catriel, Cinco Saltos y Cervantes.<\/p>\n\n\n\n<figure class=\"wp-block-image size-large\"><img fetchpriority=\"high\" decoding=\"async\" width=\"1024\" height=\"682\" src=\"https:\/\/www.elpolitologoyelpolitico.com.ar\/wp-content\/uploads\/2022\/03\/IMG-20220326-WA0036-1024x682.jpg\" alt=\"\" class=\"wp-image-18287\" srcset=\"https:\/\/www.elpolitologoyelpolitico.com.ar\/wp-content\/uploads\/2022\/03\/IMG-20220326-WA0036-1024x682.jpg 1024w, https:\/\/www.elpolitologoyelpolitico.com.ar\/wp-content\/uploads\/2022\/03\/IMG-20220326-WA0036-300x200.jpg 300w, https:\/\/www.elpolitologoyelpolitico.com.ar\/wp-content\/uploads\/2022\/03\/IMG-20220326-WA0036-768x512.jpg 768w, https:\/\/www.elpolitologoyelpolitico.com.ar\/wp-content\/uploads\/2022\/03\/IMG-20220326-WA0036.jpg 1280w\" sizes=\"(max-width: 1024px) 100vw, 1024px\" \/><\/figure>\n\t\t\t\t\t\t\t\t<\/div>\n\t\t\t\t<\/div>\n\t\t\t\t\t<\/div>\n\t\t<\/div>\n\t\t\t\t\t<\/div>\n\t\t<\/section>\n\t\t\t\t<\/div>\n\t\t<div class=\"fb-background-color\">\n\t\t\t  <div \n\t\t\t  \tclass = \"fb-comments\" \n\t\t\t  \tdata-href = \"https:\/\/www.elpolitologoyelpolitico.com.ar\/wordpress\/2022\/03\/27\/voto-parroquial-provincia-capacito-a-municipios-que-implementaran-el-programa-mi-voto-cerca\/\"\n\t\t\t  \tdata-numposts = \"10\"\n\t\t\t  \tdata-lazy = \"true\"\n\t\t\t\tdata-colorscheme = \"light\"\n\t\t\t\tdata-order-by = \"social\"\n\t\t\t\tdata-mobile=true>\n\t\t\t  <\/div><\/div>\n\t\t  <style>\n\t\t    .fb-background-color {\n\t\t\t\tbackground: #ffffff !important;\n\t\t\t}\n\t\t\t.fb_iframe_widget_fluid_desktop iframe {\n\t\t\t    width: 100% !important;\n\t\t\t}\n\t\t  <\/style>\n\t\t  ","protected":false},"excerpt":{"rendered":"<p>En el marco de la implementaci\u00f3n del programa \u00abMi voto, cerca\u00bb (voto parroquial), impulsado por la Direcci\u00f3n de Asuntos Electorales dependiente del Ministerio de Gobierno y Comunidad, el Gobierno Provincial desarroll\u00f3 tres d\u00edas de capacitaci\u00f3n para direcciones de Catastro de distintos Municipios. El principal objetivo es confeccionar un sistema de elaboraci\u00f3n del padr\u00f3n electoral que [&hellip;]<\/p>\n","protected":false},"author":4,"featured_media":18286,"comment_status":"closed","ping_status":"closed","sticky":false,"template":"","format":"standard","meta":{"_joinchat":[],"footnotes":""},"categories":[4],"tags":[],"class_list":["post-18285","post","type-post","status-publish","format-standard","has-post-thumbnail","hentry","category-politicas-publicas"],"_links":{"self":[{"href":"https:\/\/www.elpolitologoyelpolitico.com.ar\/wordpress\/wp-json\/wp\/v2\/posts\/18285","targetHints":{"allow":["GET"]}}],"collection":[{"href":"https:\/\/www.elpolitologoyelpolitico.com.ar\/wordpress\/wp-json\/wp\/v2\/posts"}],"about":[{"href":"https:\/\/www.elpolitologoyelpolitico.com.ar\/wordpress\/wp-json\/wp\/v2\/types\/post"}],"author":[{"embeddable":true,"href":"https:\/\/www.elpolitologoyelpolitico.com.ar\/wordpress\/wp-json\/wp\/v2\/users\/4"}],"replies":[{"embeddable":true,"href":"https:\/\/www.elpolitologoyelpolitico.com.ar\/wordpress\/wp-json\/wp\/v2\/comments?post=18285"}],"version-history":[{"count":0,"href":"https:\/\/www.elpolitologoyelpolitico.com.ar\/wordpress\/wp-json\/wp\/v2\/posts\/18285\/revisions"}],"wp:featuredmedia":[{"embeddable":true,"href":"https:\/\/www.elpolitologoyelpolitico.com.ar\/wordpress\/wp-json\/wp\/v2\/media\/18286"}],"wp:attachment":[{"href":"https:\/\/www.elpolitologoyelpolitico.com.ar\/wordpress\/wp-json\/wp\/v2\/media?parent=18285"}],"wp:term":[{"taxonomy":"category","embeddable":true,"href":"https:\/\/www.elpolitologoyelpolitico.com.ar\/wordpress\/wp-json\/wp\/v2\/categories?post=18285"},{"taxonomy":"post_tag","embeddable":true,"href":"https:\/\/www.elpolitologoyelpolitico.com.ar\/wordpress\/wp-json\/wp\/v2\/tags?post=18285"}],"curies":[{"name":"wp","href":"https:\/\/api.w.org\/{rel}","templated":true}]}}