{"id":18270,"date":"2022-03-26T23:09:36","date_gmt":"2022-03-26T23:09:36","guid":{"rendered":"https:\/\/www.elpolitologoyelpolitico.com.ar\/wordpress\/?p=18270"},"modified":"2022-03-26T23:10:45","modified_gmt":"2022-03-26T23:10:45","slug":"rio-negro-participa-activamente-de-la-fiesta-nacional-del-golfo-azul-en-las-grutas","status":"publish","type":"post","link":"https:\/\/www.elpolitologoyelpolitico.com.ar\/wordpress\/2022\/03\/26\/rio-negro-participa-activamente-de-la-fiesta-nacional-del-golfo-azul-en-las-grutas\/","title":{"rendered":"R\u00edo Negro participa activamente de la Fiesta Nacional del Golfo Azul en Las Grutas"},"content":{"rendered":"\t\t<div data-elementor-type=\"wp-post\" data-elementor-id=\"18270\" class=\"elementor elementor-18270\">\n\t\t\t\t\t\t<section class=\"elementor-section elementor-top-section elementor-element elementor-element-168fa784 elementor-section-boxed elementor-section-height-default elementor-section-height-default\" data-id=\"168fa784\" data-element_type=\"section\" data-e-type=\"section\">\n\t\t\t\t\t\t<div class=\"elementor-container elementor-column-gap-default\">\n\t\t\t\t\t<div class=\"elementor-column elementor-col-100 elementor-top-column elementor-element elementor-element-660f83b2\" data-id=\"660f83b2\" data-element_type=\"column\" data-e-type=\"column\">\n\t\t\t<div class=\"elementor-widget-wrap elementor-element-populated\">\n\t\t\t\t\t\t<div class=\"elementor-element elementor-element-1c68745d elementor-widget elementor-widget-text-editor\" data-id=\"1c68745d\" data-element_type=\"widget\" data-e-type=\"widget\" data-widget_type=\"text-editor.default\">\n\t\t\t\t<div class=\"elementor-widget-container\">\n\t\t\t\t\t\t\t\t\t\n<p><\/p>\n\n\n\n<p>La Gobernadora Arabela Carreras visit\u00f3 el predio de la 31\u00b0 edici\u00f3n de la Fiesta Nacional del Golfo Azul ante un imponente marco de p\u00fablico que disfruta de las diversas propuestas que ofrece este maravilloso rinc\u00f3n de la Costa Atl\u00e1ntica rionegrina.<\/p>\n\n\n\n<p>Carreras destac\u00f3 la participaci\u00f3n de miles de vecinos, vecinas y turistas que llegaron a Las Grutas con el fin de ser parte de la celebraci\u00f3n en estos cuatro d\u00edas y disfrutar los atractivos del destino tras una exitosa temporada de verano \u00e9pica. Junto a las y los funcionarios provinciales y municipales, estuvo presente en el stand rionegrino aprovechando a compartir con las familias, los juegos recreativos y promoci\u00f3n tur\u00edstica.&nbsp;<\/p>\n\n\n\n<p>Por su parte, la ministra de Turismo y Deporte, Martha V\u00e9lez, agradeci\u00f3 la invitaci\u00f3n al intendente Adri\u00e1n Casadei para participar de la festividad. Analizaron el gran impulso tur\u00edstico que viene experimentando el balneario y la proyecci\u00f3n de cara a la programaci\u00f3n de la Semana Santa. V\u00e9lez asegur\u00f3 que \u201clos eventos como este y la Feria de Sabores de Pascuas tienen el objetivo de invitar a turistas a descubrir Las Grutas y sus alrededores, fuera de la temporada alta, fomentando la desestacionalidad del lugar\u201d.<\/p>\n\n\n\n<p>En las dos primeras noches una multitud se reuni\u00f3 en inmediaciones del Paseo Municipal para deleitarse con espect\u00e1culos de primer nivel, entre los que se destacaron la presentaci\u00f3n de las bandas nacionales Damas Gratis y Destino San Javier; y la presencia de un gran n\u00famero de artistas locales y regionales.<\/p>\n\n\n\n<p>Anoche en la segunda velada la delegaci\u00f3n de R\u00edo Negro en Cosqu\u00edn, conformada cada a\u00f1o por la Secretar\u00eda de Estado de Cultura, inici\u00f3 su primera gira por el territorio provincial, e hizo su primera presentaci\u00f3n en el escenario central de la Fiesta Nacional del Golfo, tras su exitosa representaci\u00f3n en el tradicional festival de C\u00f3rdoba.&nbsp; La gira continuar\u00e1 hoy s\u00e1bado 26 en la Fiesta del Colorado y finalizar\u00e1 el domingo 27 en la Bienal Internacional de Arte.<\/p>\n\n\n\n<p>Quienes se acercaron al predio tambi\u00e9n pudieron degustar variadas preparaciones culinarias en el patio gastron\u00f3mico, recorrer el paseo de artesanos y emprendedores instalado para la ocasi\u00f3n y conocer m\u00e1s sobre el destino y los distintos atractivos de la provincia en el stand del Ministerio de Turismo y Deporte, que ofreci\u00f3 informaci\u00f3n a los presentes y entreg\u00f3 regalos a trav\u00e9s de variadas propuestas l\u00fadicas.<\/p>\n\n\n\n<p>Las actividades continuar\u00e1n esta noche con la musicalizaci\u00f3n del reconocido cantante tropical Rodrigo Tapari y la presentaci\u00f3n Manifiesto Sur, D\u00fao Aruma y Julio Fern\u00e1ndez, mientras que ma\u00f1ana domingo el cierre estar\u00e1 a cargo de El Polaco, Combo Blues, Zoom y Banda Ilusi\u00f3n.<\/p>\n\n\n\n<figure class=\"wp-block-image size-large\"><img fetchpriority=\"high\" decoding=\"async\" width=\"1024\" height=\"682\" src=\"https:\/\/www.elpolitologoyelpolitico.com.ar\/wp-content\/uploads\/2022\/03\/IMG-20220326-WA0029-1024x682.jpg\" alt=\"\" class=\"wp-image-18272\" srcset=\"https:\/\/www.elpolitologoyelpolitico.com.ar\/wp-content\/uploads\/2022\/03\/IMG-20220326-WA0029-1024x682.jpg 1024w, https:\/\/www.elpolitologoyelpolitico.com.ar\/wp-content\/uploads\/2022\/03\/IMG-20220326-WA0029-300x200.jpg 300w, https:\/\/www.elpolitologoyelpolitico.com.ar\/wp-content\/uploads\/2022\/03\/IMG-20220326-WA0029-768x512.jpg 768w, https:\/\/www.elpolitologoyelpolitico.com.ar\/wp-content\/uploads\/2022\/03\/IMG-20220326-WA0029.jpg 1280w\" sizes=\"(max-width: 1024px) 100vw, 1024px\" \/><\/figure>\n\n\n\n<p><strong>Un destino que se vive todo el a\u00f1o<\/strong><\/p>\n\n\n\n<p>En el marco de la fiesta, funcionarios y funcionarias junto a medios de comunicaci\u00f3n&nbsp; invitados realizaron una salida embarcada con el objetivo de conocer distintos puntos del Golfo San Mat\u00edas y vivir en primera persona una de las ofertas tur\u00edsticas m\u00e1s destacadas de la regi\u00f3n: el avistaje de fauna marina.<\/p>\n\n\n\n<p>Durante el paseo, que estuvo a cargo de Ruprestre Experiencia Patag\u00f3nica, empresa prestadora de servicios radicada en el Puerto del Este, las y los participantes visitaron Punta Villarino, Saco Viejo e Isla Mar\u00eda y vivieron la inigualable sensaci\u00f3n de ver a los imponentes animales marinos y la avifauna que habita el lugar desde una cercan\u00eda asombrosa.<\/p>\n\n\n\n<p>En este sentido, la gerente de la Agencia de Turismo, Cultura y Ambiente de San Antonio Oeste y Las Grutas, Marisol Mart\u00ednez, agreg\u00f3 que \u201caprovechamos la presencia de funcionarios municipales, provinciales y nacionales y de los medios de prensa para que tengan la posibilidad de conocer todas las propuestas que pueden disfrutarse durante todo el a\u00f1o, tanto en Las Grutas como en las playas de la regi\u00f3n\u201d.<\/p>\n\n\n\n<p>Por otra parte, el prestador Agust\u00edn S\u00e1nchez, destac\u00f3 que \u201cvenimos de una temporada muy linda, nos visit\u00f3 y actualmente nos est\u00e1 visitando mucha gente. Tenemos grandes expectativas de cara a la temporada de invierno debido a la cantidad de consultas que estamos recibiendo, lo que nos pone muy contentos\u201d.<\/p>\n\n\n\n<p>De esta manera Las Grutas despide el verano y se prepara para recibir una gran afluencia de turistas en Semana Santa,\u00a0 para la que ya se encuentran en agenda variadas propuestas como la Feria de Sabores que concentrar\u00e1 propuestas gastron\u00f3micas de gran nivel con los productos de mar como protagonistas y, posteriormente, darle la bienvenida a la temporada fuerte de avistaje de fauna marina, con la ballena franca austral como protagonista.<\/p>\n\n\n\n<figure class=\"wp-block-gallery has-nested-images columns-default is-cropped wp-block-gallery-2 is-layout-flex wp-block-gallery-is-layout-flex\">\n<figure class=\"wp-block-image size-large\"><img decoding=\"async\" width=\"1024\" height=\"682\" data-id=\"18273\" src=\"https:\/\/www.elpolitologoyelpolitico.com.ar\/wp-content\/uploads\/2022\/03\/IMG-20220326-WA0031-1024x682.jpg\" alt=\"\" class=\"wp-image-18273\" srcset=\"https:\/\/www.elpolitologoyelpolitico.com.ar\/wp-content\/uploads\/2022\/03\/IMG-20220326-WA0031-1024x682.jpg 1024w, https:\/\/www.elpolitologoyelpolitico.com.ar\/wp-content\/uploads\/2022\/03\/IMG-20220326-WA0031-300x200.jpg 300w, https:\/\/www.elpolitologoyelpolitico.com.ar\/wp-content\/uploads\/2022\/03\/IMG-20220326-WA0031-768x512.jpg 768w, https:\/\/www.elpolitologoyelpolitico.com.ar\/wp-content\/uploads\/2022\/03\/IMG-20220326-WA0031.jpg 1280w\" sizes=\"(max-width: 1024px) 100vw, 1024px\" \/><\/figure>\n\n\n\n<figure class=\"wp-block-image size-large\"><img decoding=\"async\" width=\"1024\" height=\"682\" data-id=\"18274\" src=\"https:\/\/www.elpolitologoyelpolitico.com.ar\/wp-content\/uploads\/2022\/03\/IMG-20220326-WA0030-1024x682.jpg\" alt=\"\" class=\"wp-image-18274\" srcset=\"https:\/\/www.elpolitologoyelpolitico.com.ar\/wp-content\/uploads\/2022\/03\/IMG-20220326-WA0030-1024x682.jpg 1024w, https:\/\/www.elpolitologoyelpolitico.com.ar\/wp-content\/uploads\/2022\/03\/IMG-20220326-WA0030-300x200.jpg 300w, https:\/\/www.elpolitologoyelpolitico.com.ar\/wp-content\/uploads\/2022\/03\/IMG-20220326-WA0030-768x512.jpg 768w, https:\/\/www.elpolitologoyelpolitico.com.ar\/wp-content\/uploads\/2022\/03\/IMG-20220326-WA0030.jpg 1280w\" sizes=\"(max-width: 1024px) 100vw, 1024px\" \/><\/figure>\n<\/figure>\n\t\t\t\t\t\t\t\t<\/div>\n\t\t\t\t<\/div>\n\t\t\t\t\t<\/div>\n\t\t<\/div>\n\t\t\t\t\t<\/div>\n\t\t<\/section>\n\t\t\t\t<\/div>\n\t\t<div class=\"fb-background-color\">\n\t\t\t  <div \n\t\t\t  \tclass = \"fb-comments\" \n\t\t\t  \tdata-href = \"https:\/\/www.elpolitologoyelpolitico.com.ar\/wordpress\/2022\/03\/26\/rio-negro-participa-activamente-de-la-fiesta-nacional-del-golfo-azul-en-las-grutas\/\"\n\t\t\t  \tdata-numposts = \"10\"\n\t\t\t  \tdata-lazy = \"true\"\n\t\t\t\tdata-colorscheme = \"light\"\n\t\t\t\tdata-order-by = \"social\"\n\t\t\t\tdata-mobile=true>\n\t\t\t  <\/div><\/div>\n\t\t  <style>\n\t\t    .fb-background-color {\n\t\t\t\tbackground: #ffffff !important;\n\t\t\t}\n\t\t\t.fb_iframe_widget_fluid_desktop iframe {\n\t\t\t    width: 100% !important;\n\t\t\t}\n\t\t  <\/style>\n\t\t  ","protected":false},"excerpt":{"rendered":"<p>La Gobernadora Arabela Carreras visit\u00f3 el predio de la 31\u00b0 edici\u00f3n de la Fiesta Nacional del Golfo Azul ante un imponente marco de p\u00fablico que disfruta de las diversas propuestas que ofrece este maravilloso rinc\u00f3n de la Costa Atl\u00e1ntica rionegrina. Carreras destac\u00f3 la participaci\u00f3n de miles de vecinos, vecinas y turistas que llegaron a Las [&hellip;]<\/p>\n","protected":false},"author":4,"featured_media":18271,"comment_status":"closed","ping_status":"closed","sticky":false,"template":"","format":"standard","meta":{"_joinchat":[],"footnotes":""},"categories":[39],"tags":[],"class_list":["post-18270","post","type-post","status-publish","format-standard","has-post-thumbnail","hentry","category-en-esta-seccion"],"_links":{"self":[{"href":"https:\/\/www.elpolitologoyelpolitico.com.ar\/wordpress\/wp-json\/wp\/v2\/posts\/18270","targetHints":{"allow":["GET"]}}],"collection":[{"href":"https:\/\/www.elpolitologoyelpolitico.com.ar\/wordpress\/wp-json\/wp\/v2\/posts"}],"about":[{"href":"https:\/\/www.elpolitologoyelpolitico.com.ar\/wordpress\/wp-json\/wp\/v2\/types\/post"}],"author":[{"embeddable":true,"href":"https:\/\/www.elpolitologoyelpolitico.com.ar\/wordpress\/wp-json\/wp\/v2\/users\/4"}],"replies":[{"embeddable":true,"href":"https:\/\/www.elpolitologoyelpolitico.com.ar\/wordpress\/wp-json\/wp\/v2\/comments?post=18270"}],"version-history":[{"count":0,"href":"https:\/\/www.elpolitologoyelpolitico.com.ar\/wordpress\/wp-json\/wp\/v2\/posts\/18270\/revisions"}],"wp:featuredmedia":[{"embeddable":true,"href":"https:\/\/www.elpolitologoyelpolitico.com.ar\/wordpress\/wp-json\/wp\/v2\/media\/18271"}],"wp:attachment":[{"href":"https:\/\/www.elpolitologoyelpolitico.com.ar\/wordpress\/wp-json\/wp\/v2\/media?parent=18270"}],"wp:term":[{"taxonomy":"category","embeddable":true,"href":"https:\/\/www.elpolitologoyelpolitico.com.ar\/wordpress\/wp-json\/wp\/v2\/categories?post=18270"},{"taxonomy":"post_tag","embeddable":true,"href":"https:\/\/www.elpolitologoyelpolitico.com.ar\/wordpress\/wp-json\/wp\/v2\/tags?post=18270"}],"curies":[{"name":"wp","href":"https:\/\/api.w.org\/{rel}","templated":true}]}}