{"id":18264,"date":"2022-03-26T15:44:26","date_gmt":"2022-03-26T15:44:26","guid":{"rendered":"https:\/\/www.elpolitologoyelpolitico.com.ar\/wordpress\/?p=18264"},"modified":"2022-03-26T15:45:04","modified_gmt":"2022-03-26T15:45:04","slug":"el-pj-de-san-antonio-comenzo-su-camino-bajo-la-conduccion-de-mario-schachtel","status":"publish","type":"post","link":"https:\/\/www.elpolitologoyelpolitico.com.ar\/wordpress\/2022\/03\/26\/el-pj-de-san-antonio-comenzo-su-camino-bajo-la-conduccion-de-mario-schachtel\/","title":{"rendered":"EL PJ DE SAN ANTONIO COMENZ\u00d3 SU CAMINO BAJO LA CONDUCCI\u00d3N DE MARIO SCHACHTEL.\u00a0"},"content":{"rendered":"\t\t<div data-elementor-type=\"wp-post\" data-elementor-id=\"18264\" class=\"elementor elementor-18264\">\n\t\t\t\t\t\t<section class=\"elementor-section elementor-top-section elementor-element elementor-element-fe6bb5a elementor-section-boxed elementor-section-height-default elementor-section-height-default\" data-id=\"fe6bb5a\" data-element_type=\"section\" data-e-type=\"section\">\n\t\t\t\t\t\t<div class=\"elementor-container elementor-column-gap-default\">\n\t\t\t\t\t<div class=\"elementor-column elementor-col-100 elementor-top-column elementor-element elementor-element-47fb494c\" data-id=\"47fb494c\" data-element_type=\"column\" data-e-type=\"column\">\n\t\t\t<div class=\"elementor-widget-wrap elementor-element-populated\">\n\t\t\t\t\t\t<div class=\"elementor-element elementor-element-36a4245d elementor-widget elementor-widget-text-editor\" data-id=\"36a4245d\" data-element_type=\"widget\" data-e-type=\"widget\" data-widget_type=\"text-editor.default\">\n\t\t\t\t<div class=\"elementor-widget-container\">\n\t\t\t\t\t\t\t\t\t\n<p><\/p>\n\n\n\n<p>Luego de la proclamaci\u00f3n formal de las autoridades de la Unidad B\u00e1sica \u201cBenito Martino\u201d de San Antonio Oeste por parte de la Junta Electoral del Partido Justicialista Distrito R\u00edo Negro, la mesa de conducci\u00f3n local desarroll\u00f3 este viernes su primera reuni\u00f3n, con la participaci\u00f3n de casi la totalidad de sus miembros y el acompa\u00f1amiento de otras y otros dirigentes, referentes y militantes para avanzar con la agenda de trabajo propuesta por el flamante secretario general, Mario Schachtel.<\/p>\n\n\n\n<p>Se abordaron diversas tem\u00e1ticas tendientes a la reactivaci\u00f3n del partido en el plano local, para lo cual se comenz\u00f3 con la tarea de constituir las diferentes comisiones en las que se trabajar\u00e1 para invitar a la participaci\u00f3n de la militancia, ampliar el n\u00famero de afiliados y adherentes, convocar a otros sectores, consolidar lazos con las dem\u00e1s fuerzas integrantes del Frente de Todos e insertar la actividad pol\u00edtico partidaria en la vida de la comunidad.<\/p>\n\n\n\n<p>Entre otras, empezaron a quedar conformadas las comisiones de Desarrollo Social; Acci\u00f3n Pol\u00edtica; Mujeres, G\u00e9nero y Diversidad; Juventud; Finanzas; Ambiente; Cultura y Deportes; Prensa, Ceremonial y Protocolo; Organizaci\u00f3n Gremial y Desarrollo Productivo; cuyos responsables fueron designados con la premisa de convocar en cada una de ellas a simpatizantes que puedan aportar en proyectos y debates trascendentes para la comunidad.<\/p>\n\n\n\n<p>Tambi\u00e9n se analizaron cuestiones referidas a los recursos disponibles, a la mejora de las instalaciones de la UB y otras acciones operativas para el funcionamiento de la sede partidaria que se pondr\u00e1n en marcha en los pr\u00f3ximos d\u00edas.<\/p>\n\n\n\n<p>La reuni\u00f3n cont\u00f3 con la presencia del legislador \u2013y saliente secretario general de la UB- Luis Noale y la concejala Vanesa Carmona, adem\u00e1s de 8 de los 10 integrantes de la Comisi\u00f3n Directiva electa el pasado 6 de marzo y una decena de referentes.<\/p>\n\t\t\t\t\t\t\t\t<\/div>\n\t\t\t\t<\/div>\n\t\t\t\t\t<\/div>\n\t\t<\/div>\n\t\t\t\t\t<\/div>\n\t\t<\/section>\n\t\t\t\t<\/div>\n\t\t<div class=\"fb-background-color\">\n\t\t\t  <div \n\t\t\t  \tclass = \"fb-comments\" \n\t\t\t  \tdata-href = \"https:\/\/www.elpolitologoyelpolitico.com.ar\/wordpress\/2022\/03\/26\/el-pj-de-san-antonio-comenzo-su-camino-bajo-la-conduccion-de-mario-schachtel\/\"\n\t\t\t  \tdata-numposts = \"10\"\n\t\t\t  \tdata-lazy = \"true\"\n\t\t\t\tdata-colorscheme = \"light\"\n\t\t\t\tdata-order-by = \"social\"\n\t\t\t\tdata-mobile=true>\n\t\t\t  <\/div><\/div>\n\t\t  <style>\n\t\t    .fb-background-color {\n\t\t\t\tbackground: #ffffff !important;\n\t\t\t}\n\t\t\t.fb_iframe_widget_fluid_desktop iframe {\n\t\t\t    width: 100% !important;\n\t\t\t}\n\t\t  <\/style>\n\t\t  ","protected":false},"excerpt":{"rendered":"<p>Luego de la proclamaci\u00f3n formal de las autoridades de la Unidad B\u00e1sica \u201cBenito Martino\u201d de San Antonio Oeste por parte de la Junta Electoral del Partido Justicialista Distrito R\u00edo Negro, la mesa de conducci\u00f3n local desarroll\u00f3 este viernes su primera reuni\u00f3n, con la participaci\u00f3n de casi la totalidad de sus miembros y el acompa\u00f1amiento de [&hellip;]<\/p>\n","protected":false},"author":4,"featured_media":18265,"comment_status":"closed","ping_status":"closed","sticky":false,"template":"","format":"standard","meta":{"_joinchat":[],"footnotes":""},"categories":[5],"tags":[],"class_list":["post-18264","post","type-post","status-publish","format-standard","has-post-thumbnail","hentry","category-partidos-politicos"],"_links":{"self":[{"href":"https:\/\/www.elpolitologoyelpolitico.com.ar\/wordpress\/wp-json\/wp\/v2\/posts\/18264","targetHints":{"allow":["GET"]}}],"collection":[{"href":"https:\/\/www.elpolitologoyelpolitico.com.ar\/wordpress\/wp-json\/wp\/v2\/posts"}],"about":[{"href":"https:\/\/www.elpolitologoyelpolitico.com.ar\/wordpress\/wp-json\/wp\/v2\/types\/post"}],"author":[{"embeddable":true,"href":"https:\/\/www.elpolitologoyelpolitico.com.ar\/wordpress\/wp-json\/wp\/v2\/users\/4"}],"replies":[{"embeddable":true,"href":"https:\/\/www.elpolitologoyelpolitico.com.ar\/wordpress\/wp-json\/wp\/v2\/comments?post=18264"}],"version-history":[{"count":0,"href":"https:\/\/www.elpolitologoyelpolitico.com.ar\/wordpress\/wp-json\/wp\/v2\/posts\/18264\/revisions"}],"wp:featuredmedia":[{"embeddable":true,"href":"https:\/\/www.elpolitologoyelpolitico.com.ar\/wordpress\/wp-json\/wp\/v2\/media\/18265"}],"wp:attachment":[{"href":"https:\/\/www.elpolitologoyelpolitico.com.ar\/wordpress\/wp-json\/wp\/v2\/media?parent=18264"}],"wp:term":[{"taxonomy":"category","embeddable":true,"href":"https:\/\/www.elpolitologoyelpolitico.com.ar\/wordpress\/wp-json\/wp\/v2\/categories?post=18264"},{"taxonomy":"post_tag","embeddable":true,"href":"https:\/\/www.elpolitologoyelpolitico.com.ar\/wordpress\/wp-json\/wp\/v2\/tags?post=18264"}],"curies":[{"name":"wp","href":"https:\/\/api.w.org\/{rel}","templated":true}]}}