{"id":18255,"date":"2022-03-26T15:33:08","date_gmt":"2022-03-26T15:33:08","guid":{"rendered":"https:\/\/www.elpolitologoyelpolitico.com.ar\/wordpress\/?p=18255"},"modified":"2022-03-26T15:34:21","modified_gmt":"2022-03-26T15:34:21","slug":"tribunal-de-cuentas-participo-como-veedor-en-apertura-de-licitaciones-publica-y-privada","status":"publish","type":"post","link":"https:\/\/www.elpolitologoyelpolitico.com.ar\/wordpress\/2022\/03\/26\/tribunal-de-cuentas-participo-como-veedor-en-apertura-de-licitaciones-publica-y-privada\/","title":{"rendered":"Tribunal de Cuentas particip\u00f3 como veedor en Apertura de Licitaciones P\u00fablica y Privada."},"content":{"rendered":"\t\t<div data-elementor-type=\"wp-post\" data-elementor-id=\"18255\" class=\"elementor elementor-18255\">\n\t\t\t\t\t\t<section class=\"elementor-section elementor-top-section elementor-element elementor-element-151e0b15 elementor-section-boxed elementor-section-height-default elementor-section-height-default\" data-id=\"151e0b15\" data-element_type=\"section\" data-e-type=\"section\">\n\t\t\t\t\t\t<div class=\"elementor-container elementor-column-gap-default\">\n\t\t\t\t\t<div class=\"elementor-column elementor-col-100 elementor-top-column elementor-element elementor-element-5c065a55\" data-id=\"5c065a55\" data-element_type=\"column\" data-e-type=\"column\">\n\t\t\t<div class=\"elementor-widget-wrap elementor-element-populated\">\n\t\t\t\t\t\t<div class=\"elementor-element elementor-element-55c18a7f elementor-widget elementor-widget-text-editor\" data-id=\"55c18a7f\" data-element_type=\"widget\" data-e-type=\"widget\" data-widget_type=\"text-editor.default\">\n\t\t\t\t<div class=\"elementor-widget-container\">\n\t\t\t\t\t\t\t\t\t\n<p><\/p>\n\n\n\n<p>En la ma\u00f1ana de hoy, Personal del Tribunal de Cuentas de Viedma, particip\u00f3 en Apertura en Licitaciones.<\/p>\n\n\n\n<p>En primer t\u00e9rmino, se di\u00f3 apertura de Licitaci\u00f3n P\u00fablica N\u00b0 7\/22, Expdte N\u00b0 786-S-2022 &#8211; Decreto Municipal N\u00b0 294\/2022; seg\u00fan objeto: \u00abAdquisici\u00f3n de Alimentos No Perecederos, destinados a los espacios comunitarios &#8211; Merenderos, que asisten a trav\u00e9s de una copa de leche a familias en situaci\u00f3n de vulnerabilidad social y econ\u00f3mica\u00bb.<\/p>\n\n\n\n<p>En esta oportunidad, los oferentes presentados fueron:&nbsp;<\/p>\n\n\n\n<p>1) Sucesi\u00f3n de IGNISCI Rub\u00e9n Antonio<\/p>\n\n\n\n<p>2) YAMINUHE S.R.L.<\/p>\n\n\n\n<p>3) LAMAS Benicio Humberto<\/p>\n\n\n\n<p>En segundo orden de procedi\u00f3 a dar apertura de Licitaci\u00f3n Privada N\u00b0 8\/2022, Expdte N\u00b0 787-S-2022 &#8211; Decreto N\u00b0 309\/2022, sobre objeto: \u00abAlimentos Perecederos, destinados a Organizaciones Sociales, Religiosas y Voluntariados, que en los espacios comunitarios de distintos barrios de la ciudad elaboran viandas de comidas calientes, que son distribuidas entre familias en situaci\u00f3n de vulnerabilidad econ\u00f3mico-social\u00bb.<\/p>\n\n\n\n<p>El oferente presentado en esta oportunidad result\u00f3 ser:<\/p>\n\n\n\n<p>LAMAS, Benicio Humberto<\/p>\n\n\n\n<p>Sendas actuaciones de referencia tuvieron lugar en la Direcci\u00f3n de Administraci\u00f3n y Gesti\u00f3n de la Secretar\u00eda de Desarrollo e Integraci\u00f3n Social, con la presencia de su Director, Ricardo Ber\u00f3n; la Jefa de Depto de Adquisiciones, Leticia Ya\u00f1ez; el Director de Pol\u00edticas Habitacionales, Alejandro Urrutia; y en representaci\u00f3n del Tribunal de Cuentas Municipal de Viedma, en su calidad de veedores, el jefe de Dpto de Coordinaci\u00f3n Administrativa, Diego Sicardi y la agente Mar\u00eda de los Angeles Flores.<\/p>\n\n\n\n<p>Conforme la presentaci\u00f3n de la documentaci\u00f3n pertinente, de procedi\u00f3 a su verificaci\u00f3n; y no habi\u00e9ndose efectuado observaciones en concreto, se dan por finalizado los Actos de Licitaciones de referencia.<\/p>\n\n\n\n<figure class=\"wp-block-gallery has-nested-images columns-default is-cropped wp-block-gallery-2 is-layout-flex wp-block-gallery-is-layout-flex\">\n<figure class=\"wp-block-image size-large\"><img fetchpriority=\"high\" decoding=\"async\" width=\"720\" height=\"960\" data-id=\"18257\" src=\"https:\/\/www.elpolitologoyelpolitico.com.ar\/wp-content\/uploads\/2022\/03\/IMG-20220325-WA0033.jpg\" alt=\"\" class=\"wp-image-18257\" srcset=\"https:\/\/www.elpolitologoyelpolitico.com.ar\/wp-content\/uploads\/2022\/03\/IMG-20220325-WA0033.jpg 720w, https:\/\/www.elpolitologoyelpolitico.com.ar\/wp-content\/uploads\/2022\/03\/IMG-20220325-WA0033-225x300.jpg 225w\" sizes=\"(max-width: 720px) 100vw, 720px\" \/><\/figure>\n\n\n\n<figure class=\"wp-block-image size-large\"><img decoding=\"async\" width=\"720\" height=\"960\" data-id=\"18258\" src=\"https:\/\/www.elpolitologoyelpolitico.com.ar\/wp-content\/uploads\/2022\/03\/IMG-20220325-WA0032.jpg\" alt=\"\" class=\"wp-image-18258\" srcset=\"https:\/\/www.elpolitologoyelpolitico.com.ar\/wp-content\/uploads\/2022\/03\/IMG-20220325-WA0032.jpg 720w, https:\/\/www.elpolitologoyelpolitico.com.ar\/wp-content\/uploads\/2022\/03\/IMG-20220325-WA0032-225x300.jpg 225w\" sizes=\"(max-width: 720px) 100vw, 720px\" \/><\/figure>\n\n\n\n<figure class=\"wp-block-image size-large\"><img decoding=\"async\" width=\"720\" height=\"960\" data-id=\"18259\" src=\"https:\/\/www.elpolitologoyelpolitico.com.ar\/wp-content\/uploads\/2022\/03\/IMG-20220325-WA0034.jpg\" alt=\"\" class=\"wp-image-18259\" srcset=\"https:\/\/www.elpolitologoyelpolitico.com.ar\/wp-content\/uploads\/2022\/03\/IMG-20220325-WA0034.jpg 720w, https:\/\/www.elpolitologoyelpolitico.com.ar\/wp-content\/uploads\/2022\/03\/IMG-20220325-WA0034-225x300.jpg 225w\" sizes=\"(max-width: 720px) 100vw, 720px\" \/><\/figure>\n<\/figure>\n\t\t\t\t\t\t\t\t<\/div>\n\t\t\t\t<\/div>\n\t\t\t\t\t<\/div>\n\t\t<\/div>\n\t\t\t\t\t<\/div>\n\t\t<\/section>\n\t\t\t\t<\/div>\n\t\t<div class=\"fb-background-color\">\n\t\t\t  <div \n\t\t\t  \tclass = \"fb-comments\" \n\t\t\t  \tdata-href = \"https:\/\/www.elpolitologoyelpolitico.com.ar\/wordpress\/2022\/03\/26\/tribunal-de-cuentas-participo-como-veedor-en-apertura-de-licitaciones-publica-y-privada\/\"\n\t\t\t  \tdata-numposts = \"10\"\n\t\t\t  \tdata-lazy = \"true\"\n\t\t\t\tdata-colorscheme = \"light\"\n\t\t\t\tdata-order-by = \"social\"\n\t\t\t\tdata-mobile=true>\n\t\t\t  <\/div><\/div>\n\t\t  <style>\n\t\t    .fb-background-color {\n\t\t\t\tbackground: #ffffff !important;\n\t\t\t}\n\t\t\t.fb_iframe_widget_fluid_desktop iframe {\n\t\t\t    width: 100% !important;\n\t\t\t}\n\t\t  <\/style>\n\t\t  ","protected":false},"excerpt":{"rendered":"<p>En la ma\u00f1ana de hoy, Personal del Tribunal de Cuentas de Viedma, particip\u00f3 en Apertura en Licitaciones. En primer t\u00e9rmino, se di\u00f3 apertura de Licitaci\u00f3n P\u00fablica N\u00b0 7\/22, Expdte N\u00b0 786-S-2022 &#8211; Decreto Municipal N\u00b0 294\/2022; seg\u00fan objeto: \u00abAdquisici\u00f3n de Alimentos No Perecederos, destinados a los espacios comunitarios &#8211; Merenderos, que asisten a trav\u00e9s de [&hellip;]<\/p>\n","protected":false},"author":4,"featured_media":18256,"comment_status":"closed","ping_status":"closed","sticky":false,"template":"","format":"standard","meta":{"_joinchat":[],"footnotes":""},"categories":[39],"tags":[],"class_list":["post-18255","post","type-post","status-publish","format-standard","has-post-thumbnail","hentry","category-en-esta-seccion"],"_links":{"self":[{"href":"https:\/\/www.elpolitologoyelpolitico.com.ar\/wordpress\/wp-json\/wp\/v2\/posts\/18255","targetHints":{"allow":["GET"]}}],"collection":[{"href":"https:\/\/www.elpolitologoyelpolitico.com.ar\/wordpress\/wp-json\/wp\/v2\/posts"}],"about":[{"href":"https:\/\/www.elpolitologoyelpolitico.com.ar\/wordpress\/wp-json\/wp\/v2\/types\/post"}],"author":[{"embeddable":true,"href":"https:\/\/www.elpolitologoyelpolitico.com.ar\/wordpress\/wp-json\/wp\/v2\/users\/4"}],"replies":[{"embeddable":true,"href":"https:\/\/www.elpolitologoyelpolitico.com.ar\/wordpress\/wp-json\/wp\/v2\/comments?post=18255"}],"version-history":[{"count":0,"href":"https:\/\/www.elpolitologoyelpolitico.com.ar\/wordpress\/wp-json\/wp\/v2\/posts\/18255\/revisions"}],"wp:featuredmedia":[{"embeddable":true,"href":"https:\/\/www.elpolitologoyelpolitico.com.ar\/wordpress\/wp-json\/wp\/v2\/media\/18256"}],"wp:attachment":[{"href":"https:\/\/www.elpolitologoyelpolitico.com.ar\/wordpress\/wp-json\/wp\/v2\/media?parent=18255"}],"wp:term":[{"taxonomy":"category","embeddable":true,"href":"https:\/\/www.elpolitologoyelpolitico.com.ar\/wordpress\/wp-json\/wp\/v2\/categories?post=18255"},{"taxonomy":"post_tag","embeddable":true,"href":"https:\/\/www.elpolitologoyelpolitico.com.ar\/wordpress\/wp-json\/wp\/v2\/tags?post=18255"}],"curies":[{"name":"wp","href":"https:\/\/api.w.org\/{rel}","templated":true}]}}