{"id":18248,"date":"2022-03-26T15:19:15","date_gmt":"2022-03-26T15:19:15","guid":{"rendered":"https:\/\/www.elpolitologoyelpolitico.com.ar\/wordpress\/?p=18248"},"modified":"2022-03-26T15:19:49","modified_gmt":"2022-03-26T15:19:49","slug":"ate-recibe-del-gobierno-una-oferta-del-24-para-el-semestre-y-analizara-la-propuesta","status":"publish","type":"post","link":"https:\/\/www.elpolitologoyelpolitico.com.ar\/wordpress\/2022\/03\/26\/ate-recibe-del-gobierno-una-oferta-del-24-para-el-semestre-y-analizara-la-propuesta\/","title":{"rendered":"ATE recibe del Gobierno una oferta del 24% para el semestre y analizar\u00e1 la propuesta"},"content":{"rendered":"\t\t<div data-elementor-type=\"wp-post\" data-elementor-id=\"18248\" class=\"elementor elementor-18248\">\n\t\t\t\t\t\t<section class=\"elementor-section elementor-top-section elementor-element elementor-element-5f4a7654 elementor-section-boxed elementor-section-height-default elementor-section-height-default\" data-id=\"5f4a7654\" data-element_type=\"section\" data-e-type=\"section\">\n\t\t\t\t\t\t<div class=\"elementor-container elementor-column-gap-default\">\n\t\t\t\t\t<div class=\"elementor-column elementor-col-100 elementor-top-column elementor-element elementor-element-4861e8aa\" data-id=\"4861e8aa\" data-element_type=\"column\" data-e-type=\"column\">\n\t\t\t<div class=\"elementor-widget-wrap elementor-element-populated\">\n\t\t\t\t\t\t<div class=\"elementor-element elementor-element-408a3873 elementor-widget elementor-widget-text-editor\" data-id=\"408a3873\" data-element_type=\"widget\" data-e-type=\"widget\" data-widget_type=\"text-editor.default\">\n\t\t\t\t<div class=\"elementor-widget-container\">\n\t\t\t\t\t\t\t\t\t\n<p><\/p>\n\n\n\n<p>Hace instantes la Asociaci\u00f3n Trabajadores del Estado (ATE) y el Gobierno mantuvieron el tercer encuentro paritario en un mes. Los funcionarios del Ejecutivo ofrecieron ahora un 24% de incremento salarial para el semestre y una fecha de revisi\u00f3n para la primera quincena de junio.<\/p>\n\n\n\n<p>\u00abLa masiva adhesi\u00f3n de estatales a las huelgas y la contundencia que tuvieron las movilizaciones en toda la provincia, nos permitieron mejorar, hasta ahora, en cuatro puntos la propuesta inicial\u201d, expres\u00f3 Rodrigo Vicente, secretario general de ATE R\u00edo Negro.<\/p>\n\n\n\n<p>\u201cNo obstante, seguimos creyendo que el aumento incontrolable de precios necesita de otras medidas complementarias que nos permitan asegurar el poder de compra. En las pr\u00f3ximas horas convocaremos a nuestras instancias org\u00e1nicas para analizar el nuevo ofrecimiento\u00bb, agreg\u00f3 el dirigente en la reuni\u00f3n que mantuvo con el ministro de Gobierno Rodrigo Buteler, el secretario de Hacienda Nicol\u00e1s Martin y la titular la Funci\u00f3n P\u00fablica Liliana Arriaga.<\/p>\n\n\n\n<p>El dise\u00f1o de los tramos de esta nueva propuesta contempla un 7% en marzo, 3% en abril, 6% en mayo y 8% en junio. De esta manera, el punto porcentual no liquidado en marzo por decisi\u00f3n del Ejecutivo deber\u00e1 ahora ser abonado de manera retroactiva con los haberes de abril.&nbsp;<\/p>\n\n\n\n<p>Adem\u00e1s, qued\u00f3 confirmado que los d\u00edas de paro NO ser\u00e1n descontados.&nbsp;<\/p>\n\n\n\n<p>ATE insisti\u00f3 en que se liquide un proporcional del aguinaldo que forma parte de la pauta salarial 2021, el pago de todas las recategorizaciones adeudadas, el aumento valor de las horas suplementarias para las porteras y porteros, el reconocimiento de la Ley de Insalubridad, y que se establezca un r\u00e9gimen de jubilaci\u00f3n anticipada en salud p\u00fablica. Asimismo, un plus por calefacci\u00f3n para los agentes de la L\u00ednea Sur, Bariloche y El Bols\u00f3n y el reconocimiento del adicional de movilidad del manual de misiones y funciones del sector educaci\u00f3n.<\/p>\n\n\n\n<p>El sindicato analizar\u00e1 la nueva oferta en un plenario provincial de secretarios generales que ser\u00e1 convocado en las pr\u00f3ximas horas.<\/p>\n\n\n\n<figure class=\"wp-block-image size-full\"><img fetchpriority=\"high\" decoding=\"async\" width=\"720\" height=\"480\" src=\"https:\/\/www.elpolitologoyelpolitico.com.ar\/wp-content\/uploads\/2022\/03\/IMG-20220325-WA0028.jpg\" alt=\"\" class=\"wp-image-18250\" srcset=\"https:\/\/www.elpolitologoyelpolitico.com.ar\/wp-content\/uploads\/2022\/03\/IMG-20220325-WA0028.jpg 720w, https:\/\/www.elpolitologoyelpolitico.com.ar\/wp-content\/uploads\/2022\/03\/IMG-20220325-WA0028-300x200.jpg 300w\" sizes=\"(max-width: 720px) 100vw, 720px\" \/><\/figure>\n\t\t\t\t\t\t\t\t<\/div>\n\t\t\t\t<\/div>\n\t\t\t\t\t<\/div>\n\t\t<\/div>\n\t\t\t\t\t<\/div>\n\t\t<\/section>\n\t\t\t\t<\/div>\n\t\t<div class=\"fb-background-color\">\n\t\t\t  <div \n\t\t\t  \tclass = \"fb-comments\" \n\t\t\t  \tdata-href = \"https:\/\/www.elpolitologoyelpolitico.com.ar\/wordpress\/2022\/03\/26\/ate-recibe-del-gobierno-una-oferta-del-24-para-el-semestre-y-analizara-la-propuesta\/\"\n\t\t\t  \tdata-numposts = \"10\"\n\t\t\t  \tdata-lazy = \"true\"\n\t\t\t\tdata-colorscheme = \"light\"\n\t\t\t\tdata-order-by = \"social\"\n\t\t\t\tdata-mobile=true>\n\t\t\t  <\/div><\/div>\n\t\t  <style>\n\t\t    .fb-background-color {\n\t\t\t\tbackground: #ffffff !important;\n\t\t\t}\n\t\t\t.fb_iframe_widget_fluid_desktop iframe {\n\t\t\t    width: 100% !important;\n\t\t\t}\n\t\t  <\/style>\n\t\t  ","protected":false},"excerpt":{"rendered":"<p>Hace instantes la Asociaci\u00f3n Trabajadores del Estado (ATE) y el Gobierno mantuvieron el tercer encuentro paritario en un mes. Los funcionarios del Ejecutivo ofrecieron ahora un 24% de incremento salarial para el semestre y una fecha de revisi\u00f3n para la primera quincena de junio. \u00abLa masiva adhesi\u00f3n de estatales a las huelgas y la contundencia [&hellip;]<\/p>\n","protected":false},"author":4,"featured_media":18249,"comment_status":"closed","ping_status":"closed","sticky":false,"template":"","format":"standard","meta":{"_joinchat":[],"footnotes":""},"categories":[39],"tags":[],"class_list":["post-18248","post","type-post","status-publish","format-standard","has-post-thumbnail","hentry","category-en-esta-seccion"],"_links":{"self":[{"href":"https:\/\/www.elpolitologoyelpolitico.com.ar\/wordpress\/wp-json\/wp\/v2\/posts\/18248","targetHints":{"allow":["GET"]}}],"collection":[{"href":"https:\/\/www.elpolitologoyelpolitico.com.ar\/wordpress\/wp-json\/wp\/v2\/posts"}],"about":[{"href":"https:\/\/www.elpolitologoyelpolitico.com.ar\/wordpress\/wp-json\/wp\/v2\/types\/post"}],"author":[{"embeddable":true,"href":"https:\/\/www.elpolitologoyelpolitico.com.ar\/wordpress\/wp-json\/wp\/v2\/users\/4"}],"replies":[{"embeddable":true,"href":"https:\/\/www.elpolitologoyelpolitico.com.ar\/wordpress\/wp-json\/wp\/v2\/comments?post=18248"}],"version-history":[{"count":0,"href":"https:\/\/www.elpolitologoyelpolitico.com.ar\/wordpress\/wp-json\/wp\/v2\/posts\/18248\/revisions"}],"wp:featuredmedia":[{"embeddable":true,"href":"https:\/\/www.elpolitologoyelpolitico.com.ar\/wordpress\/wp-json\/wp\/v2\/media\/18249"}],"wp:attachment":[{"href":"https:\/\/www.elpolitologoyelpolitico.com.ar\/wordpress\/wp-json\/wp\/v2\/media?parent=18248"}],"wp:term":[{"taxonomy":"category","embeddable":true,"href":"https:\/\/www.elpolitologoyelpolitico.com.ar\/wordpress\/wp-json\/wp\/v2\/categories?post=18248"},{"taxonomy":"post_tag","embeddable":true,"href":"https:\/\/www.elpolitologoyelpolitico.com.ar\/wordpress\/wp-json\/wp\/v2\/tags?post=18248"}],"curies":[{"name":"wp","href":"https:\/\/api.w.org\/{rel}","templated":true}]}}