{"id":18242,"date":"2022-03-26T01:37:19","date_gmt":"2022-03-26T01:37:19","guid":{"rendered":"https:\/\/www.elpolitologoyelpolitico.com.ar\/wordpress\/?p=18242"},"modified":"2022-03-26T01:38:11","modified_gmt":"2022-03-26T01:38:11","slug":"el-gobierno-provincial-asesoro-a-instituciones-de-sierra-grande","status":"publish","type":"post","link":"https:\/\/www.elpolitologoyelpolitico.com.ar\/wordpress\/2022\/03\/26\/el-gobierno-provincial-asesoro-a-instituciones-de-sierra-grande\/","title":{"rendered":"El Gobierno Provincial asesor\u00f3 a instituciones de Sierra Grande"},"content":{"rendered":"\t\t<div data-elementor-type=\"wp-post\" data-elementor-id=\"18242\" class=\"elementor elementor-18242\">\n\t\t\t\t\t\t<section class=\"elementor-section elementor-top-section elementor-element elementor-element-567992f7 elementor-section-boxed elementor-section-height-default elementor-section-height-default\" data-id=\"567992f7\" data-element_type=\"section\" data-e-type=\"section\">\n\t\t\t\t\t\t<div class=\"elementor-container elementor-column-gap-default\">\n\t\t\t\t\t<div class=\"elementor-column elementor-col-100 elementor-top-column elementor-element elementor-element-2bde251e\" data-id=\"2bde251e\" data-element_type=\"column\" data-e-type=\"column\">\n\t\t\t<div class=\"elementor-widget-wrap elementor-element-populated\">\n\t\t\t\t\t\t<div class=\"elementor-element elementor-element-431fa868 elementor-widget elementor-widget-text-editor\" data-id=\"431fa868\" data-element_type=\"widget\" data-e-type=\"widget\" data-widget_type=\"text-editor.default\">\n\t\t\t\t<div class=\"elementor-widget-container\">\n\t\t\t\t\t\t\t\t\t\n<p><\/p>\n\n\n\n<p>La Provincia, a trav\u00e9s de la Inspecci\u00f3n General de Personas Jur\u00eddicas (IGPJ), dependiente del Ministerio de Gobierno y Comunidad, asesor\u00f3 a instituciones en Sierra Grande en el marco del programa Comunidad en Municipios.<\/p>\n\n\n\n<p>Actualmente la localidad de la Zona Atl\u00e1ntica de R\u00edo Negro tiene 45 instituciones civiles activas. Muchas de ellas se acercaron al Centro de Jubilados, donde recibieron atenci\u00f3n personalizada por parte de un equipo de la IGPJ. Adem\u00e1s, concurrieron al lugar 4 grupos distintos de personas con el objetivo de conformar una nueva instituci\u00f3n.<\/p>\n\n\n\n<p>Respecto al desarrollo de la jornada, F\u00e9lix San Mart\u00edn, Inspector General de Personas Jur\u00eddicas, explic\u00f3 que atendieron, informaron y evacuaron dudas de los representantes de instituciones ya conformadas.<\/p>\n\n\n\n<p>\u00abTrabajamos y las asistimos para que puedan normalizar su funcionamiento administrativo, legal y contable. Esto es muy importante, porque cuando una instituci\u00f3n se encuentra regularizada ante la IGPJ, tiene acceso a las diversas pol\u00edticas de apoyo del Gobierno Provincial para desarrollar sus actividades y su trabajo sin inconvenientes\u00bb, agreg\u00f3 el funcionario.<\/p>\n\n\n\n<p>En R\u00edo Negro existen m\u00e1s de 4000 instituciones registradas, de las cuales m\u00e1s de 1000 se vieron afectadas y perdieron su regularidad en el contexto generado por la pandemia de COVID-19. Para acercarse y ayudarlas, el Gobierno Provincial cre\u00f3 un sitio web en el que se pueden inscribir para acceder al Plan de Fortalecimiento Institucional y las diferentes capacitaciones que se brindar\u00e1n.<\/p>\n\n\n\n<p>M\u00e1s info en <a href=\"https:\/\/asociacionesciviles.rionegro.gov.ar\/\">https:\/\/asociacionesciviles.rionegro.gov.ar\/<\/a>.<\/p>\n\t\t\t\t\t\t\t\t<\/div>\n\t\t\t\t<\/div>\n\t\t\t\t\t<\/div>\n\t\t<\/div>\n\t\t\t\t\t<\/div>\n\t\t<\/section>\n\t\t\t\t<\/div>\n\t\t<div class=\"fb-background-color\">\n\t\t\t  <div \n\t\t\t  \tclass = \"fb-comments\" \n\t\t\t  \tdata-href = \"https:\/\/www.elpolitologoyelpolitico.com.ar\/wordpress\/2022\/03\/26\/el-gobierno-provincial-asesoro-a-instituciones-de-sierra-grande\/\"\n\t\t\t  \tdata-numposts = \"10\"\n\t\t\t  \tdata-lazy = \"true\"\n\t\t\t\tdata-colorscheme = \"light\"\n\t\t\t\tdata-order-by = \"social\"\n\t\t\t\tdata-mobile=true>\n\t\t\t  <\/div><\/div>\n\t\t  <style>\n\t\t    .fb-background-color {\n\t\t\t\tbackground: #ffffff !important;\n\t\t\t}\n\t\t\t.fb_iframe_widget_fluid_desktop iframe {\n\t\t\t    width: 100% !important;\n\t\t\t}\n\t\t  <\/style>\n\t\t  ","protected":false},"excerpt":{"rendered":"<p>La Provincia, a trav\u00e9s de la Inspecci\u00f3n General de Personas Jur\u00eddicas (IGPJ), dependiente del Ministerio de Gobierno y Comunidad, asesor\u00f3 a instituciones en Sierra Grande en el marco del programa Comunidad en Municipios. Actualmente la localidad de la Zona Atl\u00e1ntica de R\u00edo Negro tiene 45 instituciones civiles activas. Muchas de ellas se acercaron al Centro [&hellip;]<\/p>\n","protected":false},"author":4,"featured_media":18243,"comment_status":"closed","ping_status":"closed","sticky":false,"template":"","format":"standard","meta":{"_joinchat":[],"footnotes":""},"categories":[4],"tags":[],"class_list":["post-18242","post","type-post","status-publish","format-standard","has-post-thumbnail","hentry","category-politicas-publicas"],"_links":{"self":[{"href":"https:\/\/www.elpolitologoyelpolitico.com.ar\/wordpress\/wp-json\/wp\/v2\/posts\/18242","targetHints":{"allow":["GET"]}}],"collection":[{"href":"https:\/\/www.elpolitologoyelpolitico.com.ar\/wordpress\/wp-json\/wp\/v2\/posts"}],"about":[{"href":"https:\/\/www.elpolitologoyelpolitico.com.ar\/wordpress\/wp-json\/wp\/v2\/types\/post"}],"author":[{"embeddable":true,"href":"https:\/\/www.elpolitologoyelpolitico.com.ar\/wordpress\/wp-json\/wp\/v2\/users\/4"}],"replies":[{"embeddable":true,"href":"https:\/\/www.elpolitologoyelpolitico.com.ar\/wordpress\/wp-json\/wp\/v2\/comments?post=18242"}],"version-history":[{"count":0,"href":"https:\/\/www.elpolitologoyelpolitico.com.ar\/wordpress\/wp-json\/wp\/v2\/posts\/18242\/revisions"}],"wp:featuredmedia":[{"embeddable":true,"href":"https:\/\/www.elpolitologoyelpolitico.com.ar\/wordpress\/wp-json\/wp\/v2\/media\/18243"}],"wp:attachment":[{"href":"https:\/\/www.elpolitologoyelpolitico.com.ar\/wordpress\/wp-json\/wp\/v2\/media?parent=18242"}],"wp:term":[{"taxonomy":"category","embeddable":true,"href":"https:\/\/www.elpolitologoyelpolitico.com.ar\/wordpress\/wp-json\/wp\/v2\/categories?post=18242"},{"taxonomy":"post_tag","embeddable":true,"href":"https:\/\/www.elpolitologoyelpolitico.com.ar\/wordpress\/wp-json\/wp\/v2\/tags?post=18242"}],"curies":[{"name":"wp","href":"https:\/\/api.w.org\/{rel}","templated":true}]}}