{"id":18236,"date":"2022-03-26T00:40:08","date_gmt":"2022-03-26T00:40:08","guid":{"rendered":"https:\/\/www.elpolitologoyelpolitico.com.ar\/wordpress\/?p=18236"},"modified":"2022-03-26T00:41:06","modified_gmt":"2022-03-26T00:41:06","slug":"comienza-la-campana-de-vacunacion-antigripal-en-rio-negro","status":"publish","type":"post","link":"https:\/\/www.elpolitologoyelpolitico.com.ar\/wordpress\/2022\/03\/26\/comienza-la-campana-de-vacunacion-antigripal-en-rio-negro\/","title":{"rendered":"Comienza la campa\u00f1a de vacunaci\u00f3n antigripal en R\u00edo Negro"},"content":{"rendered":"\t\t<div data-elementor-type=\"wp-post\" data-elementor-id=\"18236\" class=\"elementor elementor-18236\">\n\t\t\t\t\t\t<section class=\"elementor-section elementor-top-section elementor-element elementor-element-13acb900 elementor-section-boxed elementor-section-height-default elementor-section-height-default\" data-id=\"13acb900\" data-element_type=\"section\" data-e-type=\"section\">\n\t\t\t\t\t\t<div class=\"elementor-container elementor-column-gap-default\">\n\t\t\t\t\t<div class=\"elementor-column elementor-col-100 elementor-top-column elementor-element elementor-element-492c0aed\" data-id=\"492c0aed\" data-element_type=\"column\" data-e-type=\"column\">\n\t\t\t<div class=\"elementor-widget-wrap elementor-element-populated\">\n\t\t\t\t\t\t<div class=\"elementor-element elementor-element-20a5e258 elementor-widget elementor-widget-text-editor\" data-id=\"20a5e258\" data-element_type=\"widget\" data-e-type=\"widget\" data-widget_type=\"text-editor.default\">\n\t\t\t\t<div class=\"elementor-widget-container\">\n\t\t\t\t\t\t\t\t\t\n<p><\/p>\n\n\n\n<p>Con la llegada de 17.360 dosis, se dar\u00e1 inici\u00f3 hoy en R\u00edo Negro a la campa\u00f1a de vacunaci\u00f3n antigripal 2022, en concordancia con el resto del pa\u00eds. En esta primer etapa se priorizar\u00e1 al personal de salud del \u00e1mbito p\u00fablico y privado.<\/p>\n\n\n\n<p>El Ministerio de Salud ya distribuy\u00f3 las primeras dosis a las diferentes regiones para que lleguen a cada hospital y dar inicio a la campa\u00f1a.<\/p>\n\n\n\n<p>Es importante se\u00f1alar que la campa\u00f1a antigripal 2022 se realizar\u00e1 por etapas, seg\u00fan lo acordado en el \u00faltimo encuentro del Consejo de Federal de Salud (COFESA), comenzando con la vacunaci\u00f3n al personal de salud y luego a medida que ingresen m\u00e1s dosis se continuar\u00e1 con personas gestantes y poblaci\u00f3n objetivo.<\/p>\n\n\n\n<p>La vacuna est\u00e1 destinada a personal de salud, personas gestantes en cualquier momento del embarazo, personas pu\u00e9rperas, poblaci\u00f3n general a partir de los 65 a\u00f1os, ni\u00f1as y ni\u00f1os de 6 a 24 meses de edad, y quienes tengan entre 2 y 64 a\u00f1os y presenten factores de riesgo.<\/p>\n\n\n\n<p>La vacuna es gratuita, voluntaria y se puede aplicar junto con cualquier otra vacuna en todos los vacunatorios y centros de salud de la Provincia.<\/p>\n\t\t\t\t\t\t\t\t<\/div>\n\t\t\t\t<\/div>\n\t\t\t\t\t<\/div>\n\t\t<\/div>\n\t\t\t\t\t<\/div>\n\t\t<\/section>\n\t\t\t\t<\/div>\n\t\t<div class=\"fb-background-color\">\n\t\t\t  <div \n\t\t\t  \tclass = \"fb-comments\" \n\t\t\t  \tdata-href = \"https:\/\/www.elpolitologoyelpolitico.com.ar\/wordpress\/2022\/03\/26\/comienza-la-campana-de-vacunacion-antigripal-en-rio-negro\/\"\n\t\t\t  \tdata-numposts = \"10\"\n\t\t\t  \tdata-lazy = \"true\"\n\t\t\t\tdata-colorscheme = \"light\"\n\t\t\t\tdata-order-by = \"social\"\n\t\t\t\tdata-mobile=true>\n\t\t\t  <\/div><\/div>\n\t\t  <style>\n\t\t    .fb-background-color {\n\t\t\t\tbackground: #ffffff !important;\n\t\t\t}\n\t\t\t.fb_iframe_widget_fluid_desktop iframe {\n\t\t\t    width: 100% !important;\n\t\t\t}\n\t\t  <\/style>\n\t\t  ","protected":false},"excerpt":{"rendered":"<p>Con la llegada de 17.360 dosis, se dar\u00e1 inici\u00f3 hoy en R\u00edo Negro a la campa\u00f1a de vacunaci\u00f3n antigripal 2022, en concordancia con el resto del pa\u00eds. En esta primer etapa se priorizar\u00e1 al personal de salud del \u00e1mbito p\u00fablico y privado. El Ministerio de Salud ya distribuy\u00f3 las primeras dosis a las diferentes regiones [&hellip;]<\/p>\n","protected":false},"author":4,"featured_media":18237,"comment_status":"closed","ping_status":"closed","sticky":false,"template":"","format":"standard","meta":{"_joinchat":[],"footnotes":""},"categories":[4],"tags":[],"class_list":["post-18236","post","type-post","status-publish","format-standard","has-post-thumbnail","hentry","category-politicas-publicas"],"_links":{"self":[{"href":"https:\/\/www.elpolitologoyelpolitico.com.ar\/wordpress\/wp-json\/wp\/v2\/posts\/18236","targetHints":{"allow":["GET"]}}],"collection":[{"href":"https:\/\/www.elpolitologoyelpolitico.com.ar\/wordpress\/wp-json\/wp\/v2\/posts"}],"about":[{"href":"https:\/\/www.elpolitologoyelpolitico.com.ar\/wordpress\/wp-json\/wp\/v2\/types\/post"}],"author":[{"embeddable":true,"href":"https:\/\/www.elpolitologoyelpolitico.com.ar\/wordpress\/wp-json\/wp\/v2\/users\/4"}],"replies":[{"embeddable":true,"href":"https:\/\/www.elpolitologoyelpolitico.com.ar\/wordpress\/wp-json\/wp\/v2\/comments?post=18236"}],"version-history":[{"count":0,"href":"https:\/\/www.elpolitologoyelpolitico.com.ar\/wordpress\/wp-json\/wp\/v2\/posts\/18236\/revisions"}],"wp:featuredmedia":[{"embeddable":true,"href":"https:\/\/www.elpolitologoyelpolitico.com.ar\/wordpress\/wp-json\/wp\/v2\/media\/18237"}],"wp:attachment":[{"href":"https:\/\/www.elpolitologoyelpolitico.com.ar\/wordpress\/wp-json\/wp\/v2\/media?parent=18236"}],"wp:term":[{"taxonomy":"category","embeddable":true,"href":"https:\/\/www.elpolitologoyelpolitico.com.ar\/wordpress\/wp-json\/wp\/v2\/categories?post=18236"},{"taxonomy":"post_tag","embeddable":true,"href":"https:\/\/www.elpolitologoyelpolitico.com.ar\/wordpress\/wp-json\/wp\/v2\/tags?post=18236"}],"curies":[{"name":"wp","href":"https:\/\/api.w.org\/{rel}","templated":true}]}}