{"id":18228,"date":"2022-03-25T23:25:29","date_gmt":"2022-03-25T23:25:29","guid":{"rendered":"https:\/\/www.elpolitologoyelpolitico.com.ar\/wordpress\/?p=18228"},"modified":"2022-03-25T23:26:06","modified_gmt":"2022-03-25T23:26:06","slug":"el-concejo-deliberante-sesiono-en-el-barrio-el-banado","status":"publish","type":"post","link":"https:\/\/www.elpolitologoyelpolitico.com.ar\/wordpress\/2022\/03\/25\/el-concejo-deliberante-sesiono-en-el-barrio-el-banado\/","title":{"rendered":"El Concejo Deliberante sesion\u00f3 en el barrio \u201cEl Ba\u00f1ado\u201d"},"content":{"rendered":"\t\t<div data-elementor-type=\"wp-post\" data-elementor-id=\"18228\" class=\"elementor elementor-18228\">\n\t\t\t\t\t\t<section class=\"elementor-section elementor-top-section elementor-element elementor-element-2fdd51a7 elementor-section-boxed elementor-section-height-default elementor-section-height-default\" data-id=\"2fdd51a7\" data-element_type=\"section\" data-e-type=\"section\">\n\t\t\t\t\t\t<div class=\"elementor-container elementor-column-gap-default\">\n\t\t\t\t\t<div class=\"elementor-column elementor-col-100 elementor-top-column elementor-element elementor-element-1b16f0a3\" data-id=\"1b16f0a3\" data-element_type=\"column\" data-e-type=\"column\">\n\t\t\t<div class=\"elementor-widget-wrap elementor-element-populated\">\n\t\t\t\t\t\t<div class=\"elementor-element elementor-element-1561deac elementor-widget elementor-widget-text-editor\" data-id=\"1561deac\" data-element_type=\"widget\" data-e-type=\"widget\" data-widget_type=\"text-editor.default\">\n\t\t\t\t<div class=\"elementor-widget-container\">\n\t\t\t\t\t\t\t\t\t\n<p>En el Sal\u00f3n de Usos M\u00faltiples, de la Comisi\u00f3n de Fomento barrio \u201cEl Ba\u00f1ado\u201d, sito en calle Marcos Mora N\u00ba 181 de Carmen de Patagones, se llev\u00f3 adelante la tercera Sesi\u00f3n Ordinaria del periodo 2022.<\/p>\n\n\n\n<p>Debido a refacciones que se est\u00e1n llevando adelante en el Honorable Concejo Deliberante, el recinto del HCD se traslad\u00f3 al barrio.&nbsp;<\/p>\n\n\n\n<p>El Presidente Julio Costantino agradeci\u00f3 a la Comisi\u00f3n del Barrio \u201cEl Ba\u00f1ado\u201d por la hospitalidad y la predisposici\u00f3n. En el SUM \u201cLuis Horacio Lechner\u201d, se realiz\u00f3 la Sesi\u00f3n, que tambi\u00e9n cuenta con otros espacios, como el recientemente inaugurado que lleva el nombre de \u201cJos\u00e9 Agostino\u201d, la sala de Primeros Auxilios,\u201d Francisco Arena\u201d y la biblioteca \u201cJuan G\u00f3mez de la Pinta\u201d. Costantino propuso al Cuerpo Deliberativo llevar las Sesiones a los barrios de Patagones.<\/p>\n\n\n\n<p><strong>ESPACIO PARA HOMENAJES<\/strong><\/p>\n\n\n\n<p>El Concejal Marcelo Honcharuk mencion\u00f3 la importancia de la posibilidad de sesionar en los barrios. Destac\u00f3 al vecino Jos\u00e9 Agostino, trabajador incansable por el barrio. Trajo a la memoria el 24 de Marzo, un d\u00eda de reflexi\u00f3n, en un pa\u00eds en el que han pasado muchas cosas dolorosas. Remarc\u00f3 que la democracia para los m\u00e1s j\u00f3venes es estado natural, pero para aquellos que ya tienen a\u00f1os, vivir sin democracia era muy dif\u00edcil por las persecuciones y la falta de libertad de pensamiento.&nbsp; Hoy el 24 de marzo es el d\u00eda de todos, de todas las diversidades de pensamiento. \u201cNuestro pa\u00eds se merece que nos comience a encontrar unidos, la grieta no suma y no aporta\u201d. Esperando que se puedan encontrar los caminos en com\u00fan.<\/p>\n\n\n\n<p>El Concejal Ricardo Angos, manifest\u00f3 que \u201ces la democracia, con la democracia y siempre desde la democracia, sistema para que la ciudadan\u00eda pueda ser parte de la construcci\u00f3n social que nos merecemos\u201d.&nbsp; Tambi\u00e9n mencion\u00f3 que el d\u00eda 22 se conmemor\u00f3 el d\u00eda internacional del cuidado y protecci\u00f3n del agua. D\u00eda en el que la ONU ha decidido poner en valor este l\u00edquido tan importante y sino, el m\u00e1s indispensable de la vida en el planeta. El elemento m\u00e1s importante de todas las especies. En lo personal ha participado en distintos proyectos que involucran el cuidado del agua como el acueducto. En este marco, trajo al recinto el proyecto elaborado por el Concejal Mandato Cumplido, Gerardo Andr\u00e9s Bari, para la creaci\u00f3n de biodigestores, para que contamine lo menos posible el agua subterr\u00e1nea.<\/p>\n\n\n\n<p>El Concejal Rosario Melluso, conmemor\u00f3 el 24 de Marzo, a 46 a\u00f1os de lo que se denomin\u00f3 metaf\u00f3ricamente la noche negra en la Argentina donde se reprimieron las ideas. En su memoria est\u00e1n todav\u00eda los recuerdos de sus vivencias personales y familiares de aquellas \u00e9pocas.&nbsp; Con emoci\u00f3n revivi\u00f3 las sensaciones al caminar de noche y cruzar esos autos verdes, las requisas en la universidad, por los libros quemados, por los amigos perdidos. El cacheo, las listas negras.&nbsp; La historia no se puede desterrar, por fuerte, dura y sangrienta que haya sido. Nos falta repasar la historia. Hay deudas pendientes y como ciudadanos tenemos la obligaci\u00f3n de trabajar en la memoria, la verdad y la justicia. Como Radical reivindic\u00f3 el juicio realizado por el Ex Presidente a las juntas militares de la \u00e9poca, \u00fanica en el mundo que permiti\u00f3 la restauraci\u00f3n de la democracia.<\/p>\n\n\n\n<p>La Concejal Mar\u00eda Dolores Patan\u00e8, conmemor\u00f3 el d\u00eda de la Memoria, Verdad y Justicia, el 24 de marzo de 1976, a 46 a\u00f1os del golpe militar, donde la Argentina estuvo sometida a la m\u00e1s cruel dictadura recurriendo al terrorismo de estado.&nbsp; Causando cr\u00edmenes de lesa humanidad, violaciones, torturas, desapariciones forzadas, existieron en nuestro pa\u00eds, centros clandestinos de detenci\u00f3n en comisar\u00edas, en escuelas, desaparici\u00f3n de beb\u00e9s y ni\u00f1os, priv\u00e1ndolos de su identidad.&nbsp; Como Radical, reivindic\u00f3 el juicio hist\u00f3rico que se realiz\u00f3, con la sentencia a la junta militar y reivindic\u00f3 la frase del Fiscal Julio C\u00e9sar Strassera \u201cNUNCA M\u00c1S \u201c.&nbsp;&nbsp;<\/p>\n\n\n\n<p>La Concejal Noem\u00ed C\u00f3rdoba, dej\u00f3 un relato de la historia cercana, sobre el &nbsp; 24 de marzo, desde que las fuerzas armadas derrocaron al gobierno constitucional de Estela Mart\u00ednez de Per\u00f3n, all\u00ed comenz\u00f3 la etapa m\u00e1s negra de la Argentina. El secuestro y desaparici\u00f3n de personas tambi\u00e9n pas\u00f3 en el Distrito de Patagones, Graciela y Zulma Izurieta de Igarz\u00e0bal y Graciela Romero de Metz, de Villalonga. El de Graciela Izurieta, la secuestraron, la torturaron, fue uno de los casos m\u00e1s atroces que se ha conocido, estaba embarazada de tres meses. A su pareja la fusilaron, y a ella la mantuvieron secuestrada hasta dar a luz, en Bah\u00eda Blanca. Ella pudo escribir una carta a sus padres, ten\u00eda 23 a\u00f1os y era estudiante universitaria. Una vez que dio a luz la asesinaron. Graciela Romero, tambi\u00e9n embarazada, fue asesinada al dar a luz, apropi\u00e1ndose de su bebe. Mucho tiempo de impunidad. En el 2002, se declara el 24 de Marzo como el d\u00eda de La MEMORIA por la VERDAD y JUSTICIA.&nbsp;&nbsp;&nbsp;&nbsp;<\/p>\n\n\n\n<p>La Concejal Mariel Cinirella, tambi\u00e9n mencion\u00f3 el d\u00eda del agua, indicando que preside una cooperativa que tiene que ver con el agua, por m\u00e1s de 10 a\u00f1os.&nbsp; y solicito al cuerpo Deliberativo que todos trabajen, todo el a\u00f1o en la erradicaci\u00f3n de los basurales a cielo abierto que son focos de contaminaci\u00f3n del agua. En v\u00edsperas del 24 de Marzo, record\u00f3 a su padre, Roberto Salvador Cinirella, quien fuera v\u00edctima de la represi\u00f3n, desaparecido por un tiempo, sin saber nada de \u00e9l y por suerte pudo volver. Solicit\u00f3 sumarse a la acci\u00f3n de usar barbijo que diga \u201cNUNCA MAS\u201d.&nbsp;&nbsp;<\/p>\n\n\n\n<p>El Concejal Nicol\u00e1s Garc\u00eda, se sum\u00f3 a los homenajes y salud\u00f3 a todos los trabajadores y trabajadoras de prensa de nuestro territorio. El d\u00eda 25 de marzo es del trabajador de Prensa, recordando la creaci\u00f3n del Estatuto del periodista profesional y promovido por Juan domingo Per\u00f3n, y tambi\u00e9n recordar a quien muchos consideran al m\u00e1s importante trabajador de la comunicaci\u00f3n de nuestra historia que es Rodolfo Walsh, asesinado ese mismo d\u00eda. Desde el Cuerpo de Concejales un saludo a todos los trabajadores de Prensa.<\/p>\n\n\n\n<p>La Concejal Fabiola Acosta Caballero, record\u00f3 que cada 21 de marzo, es el d\u00eda mundial del S\u00edndrome de Down. Este a\u00f1o se lanza la campa\u00f1a de integraci\u00f3n laboral. Desde la Asociaci\u00f3n Argentina se est\u00e1 lanzando una campa\u00f1a para &nbsp; generar una base de datos, para visibilizar las realidades de estas personas y espera que Patagones integre esa base, ya que tenemos personas que tiene esa condici\u00f3n, para incluirse socialmente.&nbsp;&nbsp;<\/p>\n\n\n\n<p>El Presidente del Cuerpo Julio Costantino, reflexiono a horas del d\u00eda Nacional de la Memoria por la Verdad y la Justicia, una jornada de an\u00e1lisis, an\u00e1lisis cr\u00edtico, de reflexi\u00f3n social, para mantener la memoria viva y as\u00ed reparar, para no vivir con la mirada puesta en el pasado, sino aprender de los errores cometidos. Por el NUNCA M\u00c1S &nbsp; y en memoria de los 30. 000 desaparecidos solicit\u00f3 un minuto de silencio.<\/p>\n\n\n\n<p>Se realiz\u00f3 un minuto de silencio.&nbsp;<\/p>\n\n\n\n<p><strong>PROYECTOS INGRESADOS<\/strong><\/p>\n\n\n\n<p><strong>Iniciado:<\/strong> Presidente del HCD. &#8211; Concejal. Costantino.<\/p>\n\n\n\n<p><strong>Extracto: <\/strong>Proyecto de Minuta de Comunicaci\u00f3n. Solicitar al Gobernador de la Provincia, gestiones para un guardia destinado al Museo. Aprobado por Unanimidad.<\/p>\n\n\n\n<p><strong>Iniciado: <\/strong>Inter Bloque. Frente Renovador. &#8211; Bloque Frente. de Todos.<\/p>\n\n\n\n<p><strong>Extracto: <\/strong>Proyecto de Resoluci\u00f3n. Solicitar la contrataci\u00f3n de una guardia para el Museo Hist\u00f3rico Regional Emma Nozzi. Con modificaciones. Aprobado por Unanimidad.<\/p>\n\n\n\n<p>Ambos proyectos se trataron en conjunto con la presencia de representantes del Museo Emma Nozzi y de la Asociaci\u00f3n Amigos del Museo, por plataforma virtual. El Presidente del Cuerpo Julio Costantino propuso trabajar en conjunto y elevar el pedido a las autoridades provinciales. En cuarto intermedio se escuch\u00f3 a los representantes del museo.<\/p>\n\n\n\n<p>En cuarto intermedio el Presidente del Barrio El Ba\u00f1ado, Ra\u00fal Goicochea, se manifest\u00f3 ante los Concejales, expresando que las instalaciones del barrio &nbsp; est\u00e1n abiertas a todo tipo de actividades y es un honor recibir al Honorable Cuerpo. &nbsp; El presidente expres\u00f3 las necesidades del barrio y los proyectos que est\u00e1n llevando adelante.<\/p>\n\n\n\n<p><strong>Iniciado: <\/strong>Bloques PJ-Frente de Todos.<\/p>\n\n\n\n<p>Extracto: Proyecto de Resoluci\u00f3n. Solicitar al D.E, colocaci\u00f3n y recambio de luminarias en Barrio El Ba\u00f1ado. Aprobado por Unanimidad.<\/p>\n\n\n\n<p><strong>Iniciado: <\/strong>Bloque Juntos.<\/p>\n\n\n\n<p>Extracto: Proyecto de Resoluci\u00f3n. Declarar la no obligatoriedad del Pase Sanitario en el Partido. Aprobado por Mayor\u00eda.<br><\/p>\n\n\n\n<p><strong>Iniciado: <\/strong>Bloque Juntos.<\/p>\n\n\n\n<p>Extracto: Proyecto de Resoluci\u00f3n. Solicitar tratamiento Expediente. F-93\/22-23. Retenciones al campo. Aprobado por Mayor\u00eda.<\/p>\n\n\n\n<p><strong>Iniciado:<\/strong> Bloque Juntos.<\/p>\n\n\n\n<p>Extracto: Proyecto de Resoluci\u00f3n. Solicitar la adecuaci\u00f3n de valores asignados al Servicio Alimentario Escolar (SAE). Aprobado por Unanimidad.<\/p>\n\n\n\n<p><strong>Iniciado: <\/strong>Bloque Avanzar.<\/p>\n\n\n\n<p>Extracto: Proyecto de Resoluci\u00f3n. Solicita a PAMI, mejorar su cobertura en el Partido. Aprobado por Unanimidad.<\/p>\n\n\n\n<p><strong>Iniciado: <\/strong>Bloques PJ-Frente de Todos.<\/p>\n\n\n\n<p>Extracto: Proyecto de Resoluci\u00f3n. Declarar de Inter\u00e9s Municipal, Social y Cultural las actividades por el D\u00eda de la Memoria, la Verdad y la Justicia. Compartido con todos los Concejales. Aprobado por Unanimidad.<\/p>\n\n\n\n<p><strong>Iniciado: <\/strong>Bloques PJ-Frente de Todos.<\/p>\n\n\n\n<p>Extracto: Proyecto de Ordenanza. Crear la Semana de la Memoria y los Derechos Humanos en el Distrito. Pase a Comisi\u00f3n de Asuntos Varios para su enriquecimiento. Aprobado por Unanimidad.<\/p>\n\n\n\n<p><strong>Iniciado: <\/strong>Bloque Juntos.<\/p>\n\n\n\n<p>Extracto: Proyecto de Minuta de Comunicaci\u00f3n. Solicitar al D.E. concesi\u00f3n del espacio y las actividades del sector de embarque de San Blas. Aprobado por Unanimidad.<br><\/p>\n\n\n\n<p><strong>Iniciado:<\/strong> Bloque Juntos.<\/p>\n\n\n\n<p>Extracto: Proyecto de Ordenanza. Implementar en los autos oficiales calcoman\u00eda en conmemoraci\u00f3n por el 2 de Abril. Aprobado por Unanimidad.<\/p>\n\n\n\n<p><strong>Iniciado:<\/strong> Inter Bloque Frente Renovador. &#8211; Bloque Fte. de Todos.<\/p>\n\n\n\n<p>Extracto: Proyecto de Minuta de Comunicaci\u00f3n. Solicitar al D. E. la reparaci\u00f3n de un tramo de calle Sor Vallese. Aprobado por Unanimidad<\/p>\n\n\n\n<p><strong>Iniciado:<\/strong> Bloque Juntos.<\/p>\n\n\n\n<p>Extracto: Proyecto de Ordenanza. Crear medidas de concientizaci\u00f3n sobre autismo. Enviado a la Comisi\u00f3n de Asuntos Varios para su enriquecimiento. Aprobado por Unanimidad.&nbsp;<br><\/p>\n\n\n\n<p><strong>EXPEDIENTES CON DESPACHO DE COMISI\u00d3N:&nbsp;&nbsp;<\/strong><\/p>\n\n\n\n<p>Fueron, en su mayor\u00eda aprobados por unanimidad, otros enviados a Comisi\u00f3n.<\/p>\n\n\n\n<p><strong>EXPEDIENTES INGRESADOS POR ART\u00cdCULO 81:<\/strong><\/p>\n\n\n\n<p><strong>Iniciado: <\/strong>Coordinaci\u00f3n de Desarrollo y H\u00e1bitat<\/p>\n\n\n\n<p>Extracto: S\/ Afectaci\u00f3n Inmueble circunscripci\u00f3n 14, Secci\u00f3n B, Quinta. 183, Parcela B; al Programa \u00abUn Lote= Una Vivienda\u201d. &#8211;<\/p>\n\n\n\n<p>Aprobado por Mayor\u00eda.<br><\/p>\n\n\n\n<p><strong>PRESENTES EN EL RECINTO:<\/strong> el Presidente Julio Costantino, Secretaria Legislativa M\u00f3nica Devia.<\/p>\n\n\n\n<p><strong>Concejales:<\/strong> Romina Colombi, Rosario Melluso, Jorgelina Castronovo, Ricardo Angos, Diego Stainnekker, Mar\u00eda Dolores Patan\u00e8, Mayra Sardi, Marcelo Honcharuk, Ariel Zvenger, Nicol\u00e1s Gracia, Noelia Sep\u00falveda, Santiago Dalmau, Fabiola Acosta Caballero, Noem\u00ed C\u00f3rdoba y Mariel Cinirella.<\/p>\n\n\n\n<figure class=\"wp-block-gallery has-nested-images columns-default is-cropped wp-block-gallery-2 is-layout-flex wp-block-gallery-is-layout-flex\">\n<figure class=\"wp-block-image size-large\"><img fetchpriority=\"high\" decoding=\"async\" width=\"1024\" height=\"678\" data-id=\"18230\" src=\"https:\/\/www.elpolitologoyelpolitico.com.ar\/wp-content\/uploads\/2022\/03\/IMG-20220325-WA0017-1-1024x678.jpg\" alt=\"\" class=\"wp-image-18230\" srcset=\"https:\/\/www.elpolitologoyelpolitico.com.ar\/wp-content\/uploads\/2022\/03\/IMG-20220325-WA0017-1-1024x678.jpg 1024w, https:\/\/www.elpolitologoyelpolitico.com.ar\/wp-content\/uploads\/2022\/03\/IMG-20220325-WA0017-1-300x199.jpg 300w, https:\/\/www.elpolitologoyelpolitico.com.ar\/wp-content\/uploads\/2022\/03\/IMG-20220325-WA0017-1-768x508.jpg 768w, https:\/\/www.elpolitologoyelpolitico.com.ar\/wp-content\/uploads\/2022\/03\/IMG-20220325-WA0017-1.jpg 1280w\" sizes=\"(max-width: 1024px) 100vw, 1024px\" \/><\/figure>\n\n\n\n<figure class=\"wp-block-image size-large\"><img decoding=\"async\" width=\"1024\" height=\"678\" data-id=\"18231\" src=\"https:\/\/www.elpolitologoyelpolitico.com.ar\/wp-content\/uploads\/2022\/03\/IMG-20220325-WA0019-1-1024x678.jpg\" alt=\"\" class=\"wp-image-18231\" srcset=\"https:\/\/www.elpolitologoyelpolitico.com.ar\/wp-content\/uploads\/2022\/03\/IMG-20220325-WA0019-1-1024x678.jpg 1024w, https:\/\/www.elpolitologoyelpolitico.com.ar\/wp-content\/uploads\/2022\/03\/IMG-20220325-WA0019-1-300x199.jpg 300w, https:\/\/www.elpolitologoyelpolitico.com.ar\/wp-content\/uploads\/2022\/03\/IMG-20220325-WA0019-1-768x508.jpg 768w, https:\/\/www.elpolitologoyelpolitico.com.ar\/wp-content\/uploads\/2022\/03\/IMG-20220325-WA0019-1.jpg 1280w\" sizes=\"(max-width: 1024px) 100vw, 1024px\" \/><\/figure>\n<\/figure>\n\t\t\t\t\t\t\t\t<\/div>\n\t\t\t\t<\/div>\n\t\t\t\t\t<\/div>\n\t\t<\/div>\n\t\t\t\t\t<\/div>\n\t\t<\/section>\n\t\t\t\t<\/div>\n\t\t<div class=\"fb-background-color\">\n\t\t\t  <div \n\t\t\t  \tclass = \"fb-comments\" \n\t\t\t  \tdata-href = \"https:\/\/www.elpolitologoyelpolitico.com.ar\/wordpress\/2022\/03\/25\/el-concejo-deliberante-sesiono-en-el-barrio-el-banado\/\"\n\t\t\t  \tdata-numposts = \"10\"\n\t\t\t  \tdata-lazy = \"true\"\n\t\t\t\tdata-colorscheme = \"light\"\n\t\t\t\tdata-order-by = \"social\"\n\t\t\t\tdata-mobile=true>\n\t\t\t  <\/div><\/div>\n\t\t  <style>\n\t\t    .fb-background-color {\n\t\t\t\tbackground: #ffffff !important;\n\t\t\t}\n\t\t\t.fb_iframe_widget_fluid_desktop iframe {\n\t\t\t    width: 100% !important;\n\t\t\t}\n\t\t  <\/style>\n\t\t  ","protected":false},"excerpt":{"rendered":"<p>En el Sal\u00f3n de Usos M\u00faltiples, de la Comisi\u00f3n de Fomento barrio \u201cEl Ba\u00f1ado\u201d, sito en calle Marcos Mora N\u00ba 181 de Carmen de Patagones, se llev\u00f3 adelante la tercera Sesi\u00f3n Ordinaria del periodo 2022. Debido a refacciones que se est\u00e1n llevando adelante en el Honorable Concejo Deliberante, el recinto del HCD se traslad\u00f3 al [&hellip;]<\/p>\n","protected":false},"author":4,"featured_media":18229,"comment_status":"closed","ping_status":"closed","sticky":false,"template":"","format":"standard","meta":{"_joinchat":[],"footnotes":""},"categories":[39],"tags":[],"class_list":["post-18228","post","type-post","status-publish","format-standard","has-post-thumbnail","hentry","category-en-esta-seccion"],"_links":{"self":[{"href":"https:\/\/www.elpolitologoyelpolitico.com.ar\/wordpress\/wp-json\/wp\/v2\/posts\/18228","targetHints":{"allow":["GET"]}}],"collection":[{"href":"https:\/\/www.elpolitologoyelpolitico.com.ar\/wordpress\/wp-json\/wp\/v2\/posts"}],"about":[{"href":"https:\/\/www.elpolitologoyelpolitico.com.ar\/wordpress\/wp-json\/wp\/v2\/types\/post"}],"author":[{"embeddable":true,"href":"https:\/\/www.elpolitologoyelpolitico.com.ar\/wordpress\/wp-json\/wp\/v2\/users\/4"}],"replies":[{"embeddable":true,"href":"https:\/\/www.elpolitologoyelpolitico.com.ar\/wordpress\/wp-json\/wp\/v2\/comments?post=18228"}],"version-history":[{"count":0,"href":"https:\/\/www.elpolitologoyelpolitico.com.ar\/wordpress\/wp-json\/wp\/v2\/posts\/18228\/revisions"}],"wp:featuredmedia":[{"embeddable":true,"href":"https:\/\/www.elpolitologoyelpolitico.com.ar\/wordpress\/wp-json\/wp\/v2\/media\/18229"}],"wp:attachment":[{"href":"https:\/\/www.elpolitologoyelpolitico.com.ar\/wordpress\/wp-json\/wp\/v2\/media?parent=18228"}],"wp:term":[{"taxonomy":"category","embeddable":true,"href":"https:\/\/www.elpolitologoyelpolitico.com.ar\/wordpress\/wp-json\/wp\/v2\/categories?post=18228"},{"taxonomy":"post_tag","embeddable":true,"href":"https:\/\/www.elpolitologoyelpolitico.com.ar\/wordpress\/wp-json\/wp\/v2\/tags?post=18228"}],"curies":[{"name":"wp","href":"https:\/\/api.w.org\/{rel}","templated":true}]}}