{"id":17949,"date":"2022-03-19T18:37:56","date_gmt":"2022-03-19T18:37:56","guid":{"rendered":"https:\/\/www.elpolitologoyelpolitico.com.ar\/wordpress\/?p=17949"},"modified":"2022-03-19T18:39:03","modified_gmt":"2022-03-19T18:39:03","slug":"convocatoria-a-elecciones-para-renovar-autoridades-de-la-comision-de-fomento-del-barrio-pueblo-nuevo","status":"publish","type":"post","link":"https:\/\/www.elpolitologoyelpolitico.com.ar\/wordpress\/2022\/03\/19\/convocatoria-a-elecciones-para-renovar-autoridades-de-la-comision-de-fomento-del-barrio-pueblo-nuevo\/","title":{"rendered":"Convocatoria a elecciones para renovar autoridades de la Comisi\u00f3n de Fomento del barrio Pueblo Nuevo"},"content":{"rendered":"\t\t<div data-elementor-type=\"wp-post\" data-elementor-id=\"17949\" class=\"elementor elementor-17949\">\n\t\t\t\t\t\t<section class=\"elementor-section elementor-top-section elementor-element elementor-element-7c0f0d55 elementor-section-boxed elementor-section-height-default elementor-section-height-default\" data-id=\"7c0f0d55\" data-element_type=\"section\" data-e-type=\"section\">\n\t\t\t\t\t\t<div class=\"elementor-container elementor-column-gap-default\">\n\t\t\t\t\t<div class=\"elementor-column elementor-col-100 elementor-top-column elementor-element elementor-element-384d3844\" data-id=\"384d3844\" data-element_type=\"column\" data-e-type=\"column\">\n\t\t\t<div class=\"elementor-widget-wrap elementor-element-populated\">\n\t\t\t\t\t\t<div class=\"elementor-element elementor-element-67a6798e elementor-widget elementor-widget-text-editor\" data-id=\"67a6798e\" data-element_type=\"widget\" data-e-type=\"widget\" data-widget_type=\"text-editor.default\">\n\t\t\t\t<div class=\"elementor-widget-container\">\n\t\t\t\t\t\t\t\t\t\n<p><\/p>\n\n\n\n<p>Por medio del Decreto Municipal N\u00b0439\/22, se convoca a elecciones para la renovaci\u00f3n de autoridades de la Comisi\u00f3n de Fomento del barrio Pueblo Nuevo, de Carmen de Patagones.<\/p>\n\n\n\n<p>La misma se llevar\u00e1 a cabo el d\u00eda 12 de junio del corriente a\u00f1o, en el horario de 10 a 13, en el Sal\u00f3n de Usos M\u00faltiples, ubicado en la calle Tucum\u00e1n N\u00b0475.&nbsp;<\/p>\n\n\n\n<p>Las presentaciones de listas se har\u00e1n ante la Junta Electoral que funcionar\u00e1 en la Asesor\u00eda Legal, de la Municipalidad de Patagones, con una antelaci\u00f3n no menor a veinte (20) d\u00edas a la fecha del comicio.<\/p>\n\t\t\t\t\t\t\t\t<\/div>\n\t\t\t\t<\/div>\n\t\t\t\t\t<\/div>\n\t\t<\/div>\n\t\t\t\t\t<\/div>\n\t\t<\/section>\n\t\t\t\t<\/div>\n\t\t<div class=\"fb-background-color\">\n\t\t\t  <div \n\t\t\t  \tclass = \"fb-comments\" \n\t\t\t  \tdata-href = \"https:\/\/www.elpolitologoyelpolitico.com.ar\/wordpress\/2022\/03\/19\/convocatoria-a-elecciones-para-renovar-autoridades-de-la-comision-de-fomento-del-barrio-pueblo-nuevo\/\"\n\t\t\t  \tdata-numposts = \"10\"\n\t\t\t  \tdata-lazy = \"true\"\n\t\t\t\tdata-colorscheme = \"light\"\n\t\t\t\tdata-order-by = \"social\"\n\t\t\t\tdata-mobile=true>\n\t\t\t  <\/div><\/div>\n\t\t  <style>\n\t\t    .fb-background-color {\n\t\t\t\tbackground: #ffffff !important;\n\t\t\t}\n\t\t\t.fb_iframe_widget_fluid_desktop iframe {\n\t\t\t    width: 100% !important;\n\t\t\t}\n\t\t  <\/style>\n\t\t  ","protected":false},"excerpt":{"rendered":"<p>Por medio del Decreto Municipal N\u00b0439\/22, se convoca a elecciones para la renovaci\u00f3n de autoridades de la Comisi\u00f3n de Fomento del barrio Pueblo Nuevo, de Carmen de Patagones. La misma se llevar\u00e1 a cabo el d\u00eda 12 de junio del corriente a\u00f1o, en el horario de 10 a 13, en el Sal\u00f3n de Usos M\u00faltiples, [&hellip;]<\/p>\n","protected":false},"author":4,"featured_media":17950,"comment_status":"closed","ping_status":"closed","sticky":false,"template":"","format":"standard","meta":{"_joinchat":[],"footnotes":""},"categories":[38],"tags":[],"class_list":["post-17949","post","type-post","status-publish","format-standard","has-post-thumbnail","hentry","category-elecciones"],"_links":{"self":[{"href":"https:\/\/www.elpolitologoyelpolitico.com.ar\/wordpress\/wp-json\/wp\/v2\/posts\/17949","targetHints":{"allow":["GET"]}}],"collection":[{"href":"https:\/\/www.elpolitologoyelpolitico.com.ar\/wordpress\/wp-json\/wp\/v2\/posts"}],"about":[{"href":"https:\/\/www.elpolitologoyelpolitico.com.ar\/wordpress\/wp-json\/wp\/v2\/types\/post"}],"author":[{"embeddable":true,"href":"https:\/\/www.elpolitologoyelpolitico.com.ar\/wordpress\/wp-json\/wp\/v2\/users\/4"}],"replies":[{"embeddable":true,"href":"https:\/\/www.elpolitologoyelpolitico.com.ar\/wordpress\/wp-json\/wp\/v2\/comments?post=17949"}],"version-history":[{"count":0,"href":"https:\/\/www.elpolitologoyelpolitico.com.ar\/wordpress\/wp-json\/wp\/v2\/posts\/17949\/revisions"}],"wp:featuredmedia":[{"embeddable":true,"href":"https:\/\/www.elpolitologoyelpolitico.com.ar\/wordpress\/wp-json\/wp\/v2\/media\/17950"}],"wp:attachment":[{"href":"https:\/\/www.elpolitologoyelpolitico.com.ar\/wordpress\/wp-json\/wp\/v2\/media?parent=17949"}],"wp:term":[{"taxonomy":"category","embeddable":true,"href":"https:\/\/www.elpolitologoyelpolitico.com.ar\/wordpress\/wp-json\/wp\/v2\/categories?post=17949"},{"taxonomy":"post_tag","embeddable":true,"href":"https:\/\/www.elpolitologoyelpolitico.com.ar\/wordpress\/wp-json\/wp\/v2\/tags?post=17949"}],"curies":[{"name":"wp","href":"https:\/\/api.w.org\/{rel}","templated":true}]}}