{"id":17665,"date":"2022-03-12T16:33:43","date_gmt":"2022-03-12T16:33:43","guid":{"rendered":"https:\/\/www.elpolitologoyelpolitico.com.ar\/wordpress\/?p=17665"},"modified":"2022-03-12T16:34:41","modified_gmt":"2022-03-12T16:34:41","slug":"juntos-somos-rio-negro-presento-lista-unica-de-autoridades","status":"publish","type":"post","link":"https:\/\/www.elpolitologoyelpolitico.com.ar\/wordpress\/2022\/03\/12\/juntos-somos-rio-negro-presento-lista-unica-de-autoridades\/","title":{"rendered":"JUNTOS SOMOS R\u00cdO NEGRO PRESENTO LISTA\u00a0 \u00daNICA DE AUTORIDADES\u00a0"},"content":{"rendered":"\t\t<div data-elementor-type=\"wp-post\" data-elementor-id=\"17665\" class=\"elementor elementor-17665\">\n\t\t\t\t\t\t<section class=\"elementor-section elementor-top-section elementor-element elementor-element-31db72c3 elementor-section-boxed elementor-section-height-default elementor-section-height-default\" data-id=\"31db72c3\" data-element_type=\"section\" data-e-type=\"section\">\n\t\t\t\t\t\t<div class=\"elementor-container elementor-column-gap-default\">\n\t\t\t\t\t<div class=\"elementor-column elementor-col-100 elementor-top-column elementor-element elementor-element-484acc7f\" data-id=\"484acc7f\" data-element_type=\"column\" data-e-type=\"column\">\n\t\t\t<div class=\"elementor-widget-wrap elementor-element-populated\">\n\t\t\t\t\t\t<div class=\"elementor-element elementor-element-499bd13 elementor-widget elementor-widget-text-editor\" data-id=\"499bd13\" data-element_type=\"widget\" data-e-type=\"widget\" data-widget_type=\"text-editor.default\">\n\t\t\t\t<div class=\"elementor-widget-container\">\n\t\t\t\t\t\t\t\t\t\n<p><\/p>\n\n\n\n<p>Este mes era clave para el espacio pol\u00edtico Juntos Somos Rio Negro quien gobierna la Provincia. Como no hubo elecciones internas, se present\u00f3 una lista \u00fanica.<\/p>\n\n\n\n<p><strong>La Mesa Ejecutiva<\/strong> estar\u00e1 integrada por Alberto Weretilneck, Pedro Pesatti, Arabela Carreras, M\u00f3nica Silva, Alejandro Palmieri, Gustavo Gennuso, Mabel Yauhar, M\u00f3nica Balseiro, Luis Di Giacomo, Adri\u00e1n Casadei, Marta Milesi, Mercedes Leiva y Bruno Pogliano.<\/p>\n\n\n\n<p>Los suplentes ser\u00e1n Marilin Gemignani, Rub\u00e9n Najul, Helena Herrero, Gerardo Avila y Margarita Varnes.<\/p>\n\n\n\n<p><strong>Asamblea<\/strong> estar\u00e1 conformada en el nuevo per\u00edodo por Facundo L\u00f3pez, Carlos Valeri, Marcela \u00c1vila, Roxana Fern\u00e1ndez, Daniel Sanguinetti, Fabi\u00e1n Zgaib, Dina Migani, Marcela Rossio, Gustavo San Rom\u00e1n y Sabina Costa.<\/p>\n\n\n\n<p>Suplentes ser\u00e1n Leandro Lezcano, Graciela Vivanco, Santiago Caba\u00f1ares y Marta Quijada.<\/p>\n\n\n\n<p>La Asamblea se completar\u00e1 con las representaciones por circuitos, con los siguientes nombres:&nbsp;&nbsp;<\/p>\n\n\n\n<p><strong>Andino: <\/strong>Agust\u00edn Domingo, Claudia Contreras y Norma G\u00f3mez. Suplentes: Jorge Varela y Melanie Mu\u00f1oz.<\/p>\n\n\n\n<p><strong>Alto Valle Oeste:<\/strong> Claudio Di Tella, Viviana Germanier y Sebasti\u00e1n Caldiero. Suplentes: Miguel Vidal, Patricia Riquelme y Jorque Enriquete.<\/p>\n\n\n\n<p><strong>Alto Valle Centro:<\/strong> Mario Maiaru, Susana Macaya y Cintia Valenzuela. Suplentes: Fabrizio Di Giacomo y Norma Coronel.<\/p>\n\n\n\n<p><strong>Alto Valle Este:<\/strong> Marcelo Orazi, Gisela Latini y Cipriano Melo. Suplentes: Heber Trincheri, Anabela Briones y Mauricio Vega.<\/p>\n\n\n\n<p><strong>Valle Medio: <\/strong>Leandro Tozzi, Nicol\u00e1s Land y Eliana Galli. Suplente: Sonia Gallego.<\/p>\n\n\n\n<p><strong>Valle Inferior: <\/strong>Luis Vaisverg, Laura Sierra y Javier Garavaglia. Suplentes: Maricel Cevoli, Cristian Soto y Gladys Almuna.<\/p>\n\n\n\n<p><strong>Atl\u00e1ntico: <\/strong>Daniel L\u00f3pez, Miriam Rogga y Jorge Luj\u00e1n. Suplentes: Mart\u00edn Mill\u00e1n y Mar\u00eda Mor\u00f3n.<\/p>\n\n\n\n<p><strong>L\u00ednea Sur:<\/strong> Sandra Recalt, Dar\u00edo Ib\u00e1\u00f1ez Huaiquian y Nedy P\u00e9rez. Suplentes: Cecilia Rold\u00e1n y N\u00e9lson Montiel.<\/p>\n\t\t\t\t\t\t\t\t<\/div>\n\t\t\t\t<\/div>\n\t\t\t\t\t<\/div>\n\t\t<\/div>\n\t\t\t\t\t<\/div>\n\t\t<\/section>\n\t\t\t\t<\/div>\n\t\t<div class=\"fb-background-color\">\n\t\t\t  <div \n\t\t\t  \tclass = \"fb-comments\" \n\t\t\t  \tdata-href = \"https:\/\/www.elpolitologoyelpolitico.com.ar\/wordpress\/2022\/03\/12\/juntos-somos-rio-negro-presento-lista-unica-de-autoridades\/\"\n\t\t\t  \tdata-numposts = \"10\"\n\t\t\t  \tdata-lazy = \"true\"\n\t\t\t\tdata-colorscheme = \"light\"\n\t\t\t\tdata-order-by = \"social\"\n\t\t\t\tdata-mobile=true>\n\t\t\t  <\/div><\/div>\n\t\t  <style>\n\t\t    .fb-background-color {\n\t\t\t\tbackground: #ffffff !important;\n\t\t\t}\n\t\t\t.fb_iframe_widget_fluid_desktop iframe {\n\t\t\t    width: 100% !important;\n\t\t\t}\n\t\t  <\/style>\n\t\t  ","protected":false},"excerpt":{"rendered":"<p>Este mes era clave para el espacio pol\u00edtico Juntos Somos Rio Negro quien gobierna la Provincia. Como no hubo elecciones internas, se present\u00f3 una lista \u00fanica. La Mesa Ejecutiva estar\u00e1 integrada por Alberto Weretilneck, Pedro Pesatti, Arabela Carreras, M\u00f3nica Silva, Alejandro Palmieri, Gustavo Gennuso, Mabel Yauhar, M\u00f3nica Balseiro, Luis Di Giacomo, Adri\u00e1n Casadei, Marta Milesi, [&hellip;]<\/p>\n","protected":false},"author":4,"featured_media":17666,"comment_status":"closed","ping_status":"closed","sticky":false,"template":"","format":"standard","meta":{"_joinchat":[],"footnotes":""},"categories":[5],"tags":[],"class_list":["post-17665","post","type-post","status-publish","format-standard","has-post-thumbnail","hentry","category-partidos-politicos"],"_links":{"self":[{"href":"https:\/\/www.elpolitologoyelpolitico.com.ar\/wordpress\/wp-json\/wp\/v2\/posts\/17665","targetHints":{"allow":["GET"]}}],"collection":[{"href":"https:\/\/www.elpolitologoyelpolitico.com.ar\/wordpress\/wp-json\/wp\/v2\/posts"}],"about":[{"href":"https:\/\/www.elpolitologoyelpolitico.com.ar\/wordpress\/wp-json\/wp\/v2\/types\/post"}],"author":[{"embeddable":true,"href":"https:\/\/www.elpolitologoyelpolitico.com.ar\/wordpress\/wp-json\/wp\/v2\/users\/4"}],"replies":[{"embeddable":true,"href":"https:\/\/www.elpolitologoyelpolitico.com.ar\/wordpress\/wp-json\/wp\/v2\/comments?post=17665"}],"version-history":[{"count":0,"href":"https:\/\/www.elpolitologoyelpolitico.com.ar\/wordpress\/wp-json\/wp\/v2\/posts\/17665\/revisions"}],"wp:featuredmedia":[{"embeddable":true,"href":"https:\/\/www.elpolitologoyelpolitico.com.ar\/wordpress\/wp-json\/wp\/v2\/media\/17666"}],"wp:attachment":[{"href":"https:\/\/www.elpolitologoyelpolitico.com.ar\/wordpress\/wp-json\/wp\/v2\/media?parent=17665"}],"wp:term":[{"taxonomy":"category","embeddable":true,"href":"https:\/\/www.elpolitologoyelpolitico.com.ar\/wordpress\/wp-json\/wp\/v2\/categories?post=17665"},{"taxonomy":"post_tag","embeddable":true,"href":"https:\/\/www.elpolitologoyelpolitico.com.ar\/wordpress\/wp-json\/wp\/v2\/tags?post=17665"}],"curies":[{"name":"wp","href":"https:\/\/api.w.org\/{rel}","templated":true}]}}