{"id":17531,"date":"2022-03-10T15:35:24","date_gmt":"2022-03-10T15:35:24","guid":{"rendered":"https:\/\/www.elpolitologoyelpolitico.com.ar\/wordpress\/?p=17531"},"modified":"2022-03-10T15:36:14","modified_gmt":"2022-03-10T15:36:14","slug":"funcionarios-del-ipross-se-encuentran-participando-del-programa-de-desarrollo-profesional","status":"publish","type":"post","link":"https:\/\/www.elpolitologoyelpolitico.com.ar\/wordpress\/2022\/03\/10\/funcionarios-del-ipross-se-encuentran-participando-del-programa-de-desarrollo-profesional\/","title":{"rendered":"Funcionarios del IPROSS se encuentran participando del Programa de Desarrollo Profesional"},"content":{"rendered":"\t\t<div data-elementor-type=\"wp-post\" data-elementor-id=\"17531\" class=\"elementor elementor-17531\">\n\t\t\t\t\t\t<section class=\"elementor-section elementor-top-section elementor-element elementor-element-649e07ff elementor-section-boxed elementor-section-height-default elementor-section-height-default\" data-id=\"649e07ff\" data-element_type=\"section\" data-e-type=\"section\">\n\t\t\t\t\t\t<div class=\"elementor-container elementor-column-gap-default\">\n\t\t\t\t\t<div class=\"elementor-column elementor-col-100 elementor-top-column elementor-element elementor-element-70c269e5\" data-id=\"70c269e5\" data-element_type=\"column\" data-e-type=\"column\">\n\t\t\t<div class=\"elementor-widget-wrap elementor-element-populated\">\n\t\t\t\t\t\t<div class=\"elementor-element elementor-element-24b57edd elementor-widget elementor-widget-text-editor\" data-id=\"24b57edd\" data-element_type=\"widget\" data-e-type=\"widget\" data-widget_type=\"text-editor.default\">\n\t\t\t\t<div class=\"elementor-widget-container\">\n\t\t\t\t\t\t\t\t\t\n<p><\/p>\n\n\n\n<p>Con un amplio nivel de convocatoria, comenz\u00f3 el Programa de Desarrollo Profesional destinado a los equipos de conducci\u00f3n de las Obras Sociales Provinciales.<\/p>\n\n\n\n<p>La propuesta se centra en proveer a los participantes de herramientas pr\u00e1cticas y \u00fatiles para que puedan liderar su desarrollo y gestionar su tiempo de manera efectiva; lograr autonom\u00eda emocional; y convencer e impactar con sus ideas.<\/p>\n\n\n\n<p>De manera articulada IPROSS y COSSPRA se encuentran desarrollando tareas de formaci\u00f3n continua con el fin proveer a cada agente nuevas oportunidades para el desarrollo personal y profesional.<\/p>\n\n\n\n<p>En el marco del proceso de transformaci\u00f3n que lleva adelante la Obra Social de la mano del presidente, Alejandro Marenco, resulta fundamental la capacitaci\u00f3n para mejorar la prestaci\u00f3n de servicios y que la misma se vea reflejada en el afiliado.<\/p>\n\n\n\n<p>Este primer encuentro estuvo a cargo del docente Diego Laham, quien inaugur\u00f3 este curso del que ser\u00e1n parte 39 participantes de Santa Cruz, Chubut, R\u00edo Negro, La Pampa, C\u00f3rdoba, La Rioja y Santiago de Estero.<\/p>\n\t\t\t\t\t\t\t\t<\/div>\n\t\t\t\t<\/div>\n\t\t\t\t\t<\/div>\n\t\t<\/div>\n\t\t\t\t\t<\/div>\n\t\t<\/section>\n\t\t\t\t<\/div>\n\t\t<div class=\"fb-background-color\">\n\t\t\t  <div \n\t\t\t  \tclass = \"fb-comments\" \n\t\t\t  \tdata-href = \"https:\/\/www.elpolitologoyelpolitico.com.ar\/wordpress\/2022\/03\/10\/funcionarios-del-ipross-se-encuentran-participando-del-programa-de-desarrollo-profesional\/\"\n\t\t\t  \tdata-numposts = \"10\"\n\t\t\t  \tdata-lazy = \"true\"\n\t\t\t\tdata-colorscheme = \"light\"\n\t\t\t\tdata-order-by = \"social\"\n\t\t\t\tdata-mobile=true>\n\t\t\t  <\/div><\/div>\n\t\t  <style>\n\t\t    .fb-background-color {\n\t\t\t\tbackground: #ffffff !important;\n\t\t\t}\n\t\t\t.fb_iframe_widget_fluid_desktop iframe {\n\t\t\t    width: 100% !important;\n\t\t\t}\n\t\t  <\/style>\n\t\t  ","protected":false},"excerpt":{"rendered":"<p>Con un amplio nivel de convocatoria, comenz\u00f3 el Programa de Desarrollo Profesional destinado a los equipos de conducci\u00f3n de las Obras Sociales Provinciales. La propuesta se centra en proveer a los participantes de herramientas pr\u00e1cticas y \u00fatiles para que puedan liderar su desarrollo y gestionar su tiempo de manera efectiva; lograr autonom\u00eda emocional; y convencer [&hellip;]<\/p>\n","protected":false},"author":4,"featured_media":17532,"comment_status":"closed","ping_status":"closed","sticky":false,"template":"","format":"standard","meta":{"_joinchat":[],"footnotes":""},"categories":[1],"tags":[],"class_list":["post-17531","post","type-post","status-publish","format-standard","has-post-thumbnail","hentry","category-universitario"],"_links":{"self":[{"href":"https:\/\/www.elpolitologoyelpolitico.com.ar\/wordpress\/wp-json\/wp\/v2\/posts\/17531","targetHints":{"allow":["GET"]}}],"collection":[{"href":"https:\/\/www.elpolitologoyelpolitico.com.ar\/wordpress\/wp-json\/wp\/v2\/posts"}],"about":[{"href":"https:\/\/www.elpolitologoyelpolitico.com.ar\/wordpress\/wp-json\/wp\/v2\/types\/post"}],"author":[{"embeddable":true,"href":"https:\/\/www.elpolitologoyelpolitico.com.ar\/wordpress\/wp-json\/wp\/v2\/users\/4"}],"replies":[{"embeddable":true,"href":"https:\/\/www.elpolitologoyelpolitico.com.ar\/wordpress\/wp-json\/wp\/v2\/comments?post=17531"}],"version-history":[{"count":0,"href":"https:\/\/www.elpolitologoyelpolitico.com.ar\/wordpress\/wp-json\/wp\/v2\/posts\/17531\/revisions"}],"wp:featuredmedia":[{"embeddable":true,"href":"https:\/\/www.elpolitologoyelpolitico.com.ar\/wordpress\/wp-json\/wp\/v2\/media\/17532"}],"wp:attachment":[{"href":"https:\/\/www.elpolitologoyelpolitico.com.ar\/wordpress\/wp-json\/wp\/v2\/media?parent=17531"}],"wp:term":[{"taxonomy":"category","embeddable":true,"href":"https:\/\/www.elpolitologoyelpolitico.com.ar\/wordpress\/wp-json\/wp\/v2\/categories?post=17531"},{"taxonomy":"post_tag","embeddable":true,"href":"https:\/\/www.elpolitologoyelpolitico.com.ar\/wordpress\/wp-json\/wp\/v2\/tags?post=17531"}],"curies":[{"name":"wp","href":"https:\/\/api.w.org\/{rel}","templated":true}]}}