{"id":17225,"date":"2022-03-05T19:31:42","date_gmt":"2022-03-05T19:31:42","guid":{"rendered":"https:\/\/www.elpolitologoyelpolitico.com.ar\/wordpress\/?p=17225"},"modified":"2022-03-05T19:32:55","modified_gmt":"2022-03-05T19:32:55","slug":"especialista-diserto-sobre-hidrogeno-en-valcheta-y-sierra-grande-rio-negro-esta-viendo-el-futuro","status":"publish","type":"post","link":"https:\/\/www.elpolitologoyelpolitico.com.ar\/wordpress\/2022\/03\/05\/especialista-diserto-sobre-hidrogeno-en-valcheta-y-sierra-grande-rio-negro-esta-viendo-el-futuro\/","title":{"rendered":"Especialista disert\u00f3 sobre hidr\u00f3geno en Valcheta y Sierra Grande: \u201cR\u00edo Negro est\u00e1 viendo el futuro\u201d\u00a0"},"content":{"rendered":"\t\t<div data-elementor-type=\"wp-post\" data-elementor-id=\"17225\" class=\"elementor elementor-17225\">\n\t\t\t\t\t\t<section class=\"elementor-section elementor-top-section elementor-element elementor-element-7f314b93 elementor-section-boxed elementor-section-height-default elementor-section-height-default\" data-id=\"7f314b93\" data-element_type=\"section\" data-e-type=\"section\">\n\t\t\t\t\t\t<div class=\"elementor-container elementor-column-gap-default\">\n\t\t\t\t\t<div class=\"elementor-column elementor-col-100 elementor-top-column elementor-element elementor-element-8388b8\" data-id=\"8388b8\" data-element_type=\"column\" data-e-type=\"column\">\n\t\t\t<div class=\"elementor-widget-wrap elementor-element-populated\">\n\t\t\t\t\t\t<div class=\"elementor-element elementor-element-1b11a327 elementor-widget elementor-widget-text-editor\" data-id=\"1b11a327\" data-element_type=\"widget\" data-e-type=\"widget\" data-widget_type=\"text-editor.default\">\n\t\t\t\t<div class=\"elementor-widget-container\">\n\t\t\t\t\t\t\t\t\t\n<p><\/p>\n\n\n\n<p>Con el objetivo de seguir trabajando en el Plan Base para el Desarrollo Urbano Territorial del \u00e1rea de Punta Colorada, el reconocido Doctor en F\u00edsica y especialista en hidr\u00f3geno, Juan Carlos Bolcich, disert\u00f3 en Calceta y Sierra Grande sobre tem\u00e1ticas vinculadas a las energ\u00edas renovables.&nbsp;<\/p>\n\n\n\n<p>Adem\u00e1s, explic\u00f3 la conservaci\u00f3n del ambiente; la transformaci\u00f3n del viento y el sol en electricidad; la transformaci\u00f3n del agua y el aire en combustibles limpios, como as\u00ed tambi\u00e9n su almacenamiento, transporte y distribuci\u00f3n v\u00eda hidr\u00f3geno.<\/p>\n\n\n\n<p>Asimismo respondi\u00f3 preguntas t\u00e9cnicas espec\u00edficas y de variada \u00edndole ante auditorios colmados de pobladores y referentes de instituciones.<\/p>\n\n\n\n<p>\u201cEste tipo de charlas se van a replicar a medida que el proyecto avance y no s\u00f3lo rondar\u00e1n sobre cuestiones espec\u00edficas, sino que se diagramar\u00e1n a demanda de la comunidad de Sierra Grande y zonas aleda\u00f1as\u201d, sostuvo el Secretario de Estado de Planificaci\u00f3n, Daniel Sanguinetti.&nbsp;<\/p>\n\n\n\n<p>\u201cLa finalidad es que los y las rionegrinas conozcan de primera mano en qu\u00e9 consiste el proyecto y sus diferentes etapas, como as\u00ed tambi\u00e9n el recorrido administrativo-legal, y los convenios que se van celebrando con instituciones de variada \u00edndole\u201d, explic\u00f3.&nbsp;<\/p>\n\n\n\n<p>El funcionario calific\u00f3 como \u201cfundamental\u201d que la ciudadan\u00eda no solo asista como oyente, sino que participe y demande informaci\u00f3n.&nbsp;<\/p>\n\n\n\n<p>\u201cAlgunas charlas ya est\u00e1n definidas en agenda, pero muchas otras van ir diagram\u00e1ndose a demanda de las comunidades o de acuerdo a las dudas que el mismo devenir de los acontecimientos exija\u201d, asegur\u00f3.&nbsp;<\/p>\n\n\n\n<p>Por su parte, Bolcich celebr\u00f3 la iniciativa y destac\u00f3 el alto nivel de presencialidad e Intercambio.&nbsp;<\/p>\n\n\n\n<p>Participaron de la actividad la Secretar\u00eda de Planificaci\u00f3n Estrat\u00e9gica, Mercedes Ibero, referentes de organismos provinciales y legisladoras del circuito<\/p>\n\t\t\t\t\t\t\t\t<\/div>\n\t\t\t\t<\/div>\n\t\t\t\t\t<\/div>\n\t\t<\/div>\n\t\t\t\t\t<\/div>\n\t\t<\/section>\n\t\t\t\t<\/div>\n\t\t<div class=\"fb-background-color\">\n\t\t\t  <div \n\t\t\t  \tclass = \"fb-comments\" \n\t\t\t  \tdata-href = \"https:\/\/www.elpolitologoyelpolitico.com.ar\/wordpress\/2022\/03\/05\/especialista-diserto-sobre-hidrogeno-en-valcheta-y-sierra-grande-rio-negro-esta-viendo-el-futuro\/\"\n\t\t\t  \tdata-numposts = \"10\"\n\t\t\t  \tdata-lazy = \"true\"\n\t\t\t\tdata-colorscheme = \"light\"\n\t\t\t\tdata-order-by = \"social\"\n\t\t\t\tdata-mobile=true>\n\t\t\t  <\/div><\/div>\n\t\t  <style>\n\t\t    .fb-background-color {\n\t\t\t\tbackground: #ffffff !important;\n\t\t\t}\n\t\t\t.fb_iframe_widget_fluid_desktop iframe {\n\t\t\t    width: 100% !important;\n\t\t\t}\n\t\t  <\/style>\n\t\t  ","protected":false},"excerpt":{"rendered":"<p>Con el objetivo de seguir trabajando en el Plan Base para el Desarrollo Urbano Territorial del \u00e1rea de Punta Colorada, el reconocido Doctor en F\u00edsica y especialista en hidr\u00f3geno, Juan Carlos Bolcich, disert\u00f3 en Calceta y Sierra Grande sobre tem\u00e1ticas vinculadas a las energ\u00edas renovables.&nbsp; Adem\u00e1s, explic\u00f3 la conservaci\u00f3n del ambiente; la transformaci\u00f3n del viento [&hellip;]<\/p>\n","protected":false},"author":4,"featured_media":17226,"comment_status":"closed","ping_status":"closed","sticky":false,"template":"","format":"standard","meta":{"_joinchat":[],"footnotes":""},"categories":[39],"tags":[],"class_list":["post-17225","post","type-post","status-publish","format-standard","has-post-thumbnail","hentry","category-en-esta-seccion"],"_links":{"self":[{"href":"https:\/\/www.elpolitologoyelpolitico.com.ar\/wordpress\/wp-json\/wp\/v2\/posts\/17225","targetHints":{"allow":["GET"]}}],"collection":[{"href":"https:\/\/www.elpolitologoyelpolitico.com.ar\/wordpress\/wp-json\/wp\/v2\/posts"}],"about":[{"href":"https:\/\/www.elpolitologoyelpolitico.com.ar\/wordpress\/wp-json\/wp\/v2\/types\/post"}],"author":[{"embeddable":true,"href":"https:\/\/www.elpolitologoyelpolitico.com.ar\/wordpress\/wp-json\/wp\/v2\/users\/4"}],"replies":[{"embeddable":true,"href":"https:\/\/www.elpolitologoyelpolitico.com.ar\/wordpress\/wp-json\/wp\/v2\/comments?post=17225"}],"version-history":[{"count":0,"href":"https:\/\/www.elpolitologoyelpolitico.com.ar\/wordpress\/wp-json\/wp\/v2\/posts\/17225\/revisions"}],"wp:featuredmedia":[{"embeddable":true,"href":"https:\/\/www.elpolitologoyelpolitico.com.ar\/wordpress\/wp-json\/wp\/v2\/media\/17226"}],"wp:attachment":[{"href":"https:\/\/www.elpolitologoyelpolitico.com.ar\/wordpress\/wp-json\/wp\/v2\/media?parent=17225"}],"wp:term":[{"taxonomy":"category","embeddable":true,"href":"https:\/\/www.elpolitologoyelpolitico.com.ar\/wordpress\/wp-json\/wp\/v2\/categories?post=17225"},{"taxonomy":"post_tag","embeddable":true,"href":"https:\/\/www.elpolitologoyelpolitico.com.ar\/wordpress\/wp-json\/wp\/v2\/tags?post=17225"}],"curies":[{"name":"wp","href":"https:\/\/api.w.org\/{rel}","templated":true}]}}