{"id":17193,"date":"2022-03-04T22:38:24","date_gmt":"2022-03-04T22:38:24","guid":{"rendered":"https:\/\/www.elpolitologoyelpolitico.com.ar\/wordpress\/?p=17193"},"modified":"2022-03-04T22:38:40","modified_gmt":"2022-03-04T22:38:40","slug":"verano-epico-en-tres-meses-llegaron-928-657-turistas-a-rio-negro","status":"publish","type":"post","link":"https:\/\/www.elpolitologoyelpolitico.com.ar\/wordpress\/2022\/03\/04\/verano-epico-en-tres-meses-llegaron-928-657-turistas-a-rio-negro\/","title":{"rendered":"VERANO \u00c9PICO: EN TRES MESES, LLEGARON 928.657 TURISTAS A R\u00cdO NEGRO"},"content":{"rendered":"\t\t<div data-elementor-type=\"wp-post\" data-elementor-id=\"17193\" class=\"elementor elementor-17193\">\n\t\t\t\t\t\t<section class=\"elementor-section elementor-top-section elementor-element elementor-element-28a0b3e8 elementor-section-boxed elementor-section-height-default elementor-section-height-default\" data-id=\"28a0b3e8\" data-element_type=\"section\" data-e-type=\"section\">\n\t\t\t\t\t\t<div class=\"elementor-container elementor-column-gap-default\">\n\t\t\t\t\t<div class=\"elementor-column elementor-col-100 elementor-top-column elementor-element elementor-element-22f76262\" data-id=\"22f76262\" data-element_type=\"column\" data-e-type=\"column\">\n\t\t\t<div class=\"elementor-widget-wrap elementor-element-populated\">\n\t\t\t\t\t\t<div class=\"elementor-element elementor-element-e5d0be0 elementor-widget elementor-widget-text-editor\" data-id=\"e5d0be0\" data-element_type=\"widget\" data-e-type=\"widget\" data-widget_type=\"text-editor.default\">\n\t\t\t\t<div class=\"elementor-widget-container\">\n\t\t\t\t\t\t\t\t\t\n<p>Durante el discurso en la apertura de sesiones legislativas, la Gobernadora Carreras destac\u00f3 los resultados que arroj\u00f3 la temporada de verano marcada por el r\u00e9cord hist\u00f3rico de visitantes en los principales destinos. Mientras, R\u00edo Negro ya proyecta la promoci\u00f3n del destino para la Semana Santa, la temporada de invierno 2022 y la apertura del turismo extranjero.<\/p>\n\n\n\n<p>Esta semana se inform\u00f3 que seg\u00fan los datos suministrados por el Observatorio Tur\u00edstico de R\u00edo Negro, 928.657 personas eligieron vacacionar en la provincia durante parte de diciembre, enero y febrero, generando un impacto econ\u00f3mico total de $23.500.000 marcando un verdadero hito en los \u00faltimos 10 a\u00f1os en materia tur\u00edstica.<\/p>\n\n\n\n<p>Carreras afirm\u00f3 que \u201cestamos felices porque R\u00edo Negro vivi\u00f3 un verano exitos\u00edsimo, r\u00e9cord de los \u00faltimos 10 a\u00f1os. Un verano \u00e9pico, que apuntala a la industria y a todos aquellos que dinamizan su econom\u00eda de manera directa o indirecta. Estamos transitando un proceso cada vez m\u00e1s consolidado para ofrecer mayor capacidad de infraestructura y m\u00faltiples servicios vinculados al turismo\u201d.<\/p>\n\n\n\n<p>Esto se debe, en gran parte, al permanente trabajo mancomunado entre los distintos actores del sector p\u00fablico y privado a fin de fortalecer este sector de la econom\u00eda que fue uno de los m\u00e1s afectados por la pandemia del COVID-19, mediante el acompa\u00f1amiento mutuo, la promoci\u00f3n de destinos desarrollados y emergentes y la realizaci\u00f3n de distintas actividades a lo largo y ancho del territorio provincial.<\/p>\n\n\n\n<p>Por su parte, la ministra de Turismo y Deporte, Martha V\u00e9lez, indic\u00f3 que \u201cestamos felices de cerrar el verano con este fin de semana largo que corona una temporada espectacular. Todo se llev\u00f3 a cabo de manera mancomunada con los Municipios tur\u00edsticos de toda la Provincia y tambi\u00e9n un trabajo sostenido de articulaci\u00f3n con el sector privado\u201d.<\/p>\n\n\n\n<p>Anticipando el desarrollo de un a\u00f1o \u00e9pico V\u00e9lez dijo: \u201cestamos animados a seguir trabajando en el futuro con vistas a Semana Santa y la mirada puesta en la temporada de invierno. Nos encontramos realizando gestiones para la apertura del mercado internacional que es una pata del turismo que nos est\u00e1 faltando y genera ingresos de divisas importantes al pa\u00eds. Tambi\u00e9n fortalecemos la promoci\u00f3n en destinos de Latinoam\u00e9rica como ANATO en Colombia y pr\u00f3ximamente acompa\u00f1ando al destino Bariloche en una misi\u00f3n promocional en Brasil. Adem\u00e1s R\u00edo Negro estuvo en la feria FITUR de Espa\u00f1a con vistas de recuperar este mercado tan importante para nuestra provincia\u201d.<\/p>\n\n\n\n<p><strong>Un verano \u00e9pico desde el inicio<\/strong><\/p>\n\n\n\n<p>Durante los primeros d\u00edas de diciembre se present\u00f3 en Buenos Aires la campa\u00f1a \u201c\u00c9pico R\u00edo Negro\u201d, a fin de promover ante autoridades nacionales, provinciales y medios de comunicaci\u00f3n de todo el pa\u00eds los infinitos atractivos y atributos que albergan las cuatro regiones del territorio provincial, en la v\u00edspera del inicio de la Feria Internacional de Turismo.<\/p>\n\n\n\n<p>Este fue el puntapi\u00e9 inicial para lo que vino despu\u00e9s y que estuvo marcado por el arribo de casi un mill\u00f3n de personas a la provincia durante la temporada, siendo San Carlos de Bariloche, Las Grutas, El Bols\u00f3n, El C\u00f3ndor\/Viedma y Playas Doradas los lugares m\u00e1s elegidos por el turismo.<\/p>\n\n\n\n<p><strong>Permanente acompa\u00f1amiento<\/strong><\/p>\n\n\n\n<p>El equipo de trabajo del Ministerio de Turismo y Deporte, encabezado por la ministra Martha V\u00e9lez, recorri\u00f3 la provincia con el objetivo de dialogar con autoridades y prestadores tur\u00edsticos de diferentes localidades y conocer de primera mano el comportamiento de la temporada, los requerimientos de las y los turistas, las expectativas de cara al futuro y los aspectos a optimizar.<\/p>\n\n\n\n<p>Esta acci\u00f3n se suma a las variadas actividades que desarroll\u00f3 el organismo durante 2021, otorgando herramientas a los destinos emergentes para poder posicionar su oferta y acompa\u00f1ando a los ya desarrollados mediante distintas actividades de promoci\u00f3n a nivel nacional e internacional.<\/p>\n\n\n\n<p>Adem\u00e1s, desde la cartera de Turismo y Deporte se trabaj\u00f3 incansablemente para acompa\u00f1ar a las y los veraneantes en Las Grutas, Playas Doradas, El C\u00f3ndor, Bariloche, El Bols\u00f3n y Lago Pellegrini con la realizaci\u00f3n de distintas actividades para que grandes y chicos puedan disfrutar de manera libre y gratuita, como as\u00ed tambi\u00e9n activaciones en todo el territorio provincial.<\/p>\n\n\n\n<p>En este contexto, el equipo de R\u00edo Negro Deporte llev\u00f3 adelante caminatas saludables, clases de yoga y stretching al aire libre, bautismos n\u00e1uticos de veleros y kayaks, juegos de playa, barrileteadas, caminatas nocturnas, bicicleteadas y b\u00e1squet 3&#215;3, entre otras actividades.<\/p>\n\n\n\n<p>De esta manera el Gobierno de R\u00edo Negro a trav\u00e9s de sus diferentes dependencias, contin\u00faa trabajando para fortalecer y desarrollar el turismo a lo largo y ancho del territorio, posicionando a la Provincia como un destino seguro, con propuestas para todos los gustos y edades y con mucho por descubrir.<\/p>\n\t\t\t\t\t\t\t\t<\/div>\n\t\t\t\t<\/div>\n\t\t\t\t\t<\/div>\n\t\t<\/div>\n\t\t\t\t\t<\/div>\n\t\t<\/section>\n\t\t\t\t<\/div>\n\t\t<div class=\"fb-background-color\">\n\t\t\t  <div \n\t\t\t  \tclass = \"fb-comments\" \n\t\t\t  \tdata-href = \"https:\/\/www.elpolitologoyelpolitico.com.ar\/wordpress\/2022\/03\/04\/verano-epico-en-tres-meses-llegaron-928-657-turistas-a-rio-negro\/\"\n\t\t\t  \tdata-numposts = \"10\"\n\t\t\t  \tdata-lazy = \"true\"\n\t\t\t\tdata-colorscheme = \"light\"\n\t\t\t\tdata-order-by = \"social\"\n\t\t\t\tdata-mobile=true>\n\t\t\t  <\/div><\/div>\n\t\t  <style>\n\t\t    .fb-background-color {\n\t\t\t\tbackground: #ffffff !important;\n\t\t\t}\n\t\t\t.fb_iframe_widget_fluid_desktop iframe {\n\t\t\t    width: 100% !important;\n\t\t\t}\n\t\t  <\/style>\n\t\t  ","protected":false},"excerpt":{"rendered":"<p>Durante el discurso en la apertura de sesiones legislativas, la Gobernadora Carreras destac\u00f3 los resultados que arroj\u00f3 la temporada de verano marcada por el r\u00e9cord hist\u00f3rico de visitantes en los principales destinos. Mientras, R\u00edo Negro ya proyecta la promoci\u00f3n del destino para la Semana Santa, la temporada de invierno 2022 y la apertura del turismo [&hellip;]<\/p>\n","protected":false},"author":4,"featured_media":17194,"comment_status":"closed","ping_status":"closed","sticky":false,"template":"","format":"standard","meta":{"_joinchat":[],"footnotes":""},"categories":[4],"tags":[],"class_list":["post-17193","post","type-post","status-publish","format-standard","has-post-thumbnail","hentry","category-politicas-publicas"],"_links":{"self":[{"href":"https:\/\/www.elpolitologoyelpolitico.com.ar\/wordpress\/wp-json\/wp\/v2\/posts\/17193","targetHints":{"allow":["GET"]}}],"collection":[{"href":"https:\/\/www.elpolitologoyelpolitico.com.ar\/wordpress\/wp-json\/wp\/v2\/posts"}],"about":[{"href":"https:\/\/www.elpolitologoyelpolitico.com.ar\/wordpress\/wp-json\/wp\/v2\/types\/post"}],"author":[{"embeddable":true,"href":"https:\/\/www.elpolitologoyelpolitico.com.ar\/wordpress\/wp-json\/wp\/v2\/users\/4"}],"replies":[{"embeddable":true,"href":"https:\/\/www.elpolitologoyelpolitico.com.ar\/wordpress\/wp-json\/wp\/v2\/comments?post=17193"}],"version-history":[{"count":0,"href":"https:\/\/www.elpolitologoyelpolitico.com.ar\/wordpress\/wp-json\/wp\/v2\/posts\/17193\/revisions"}],"wp:featuredmedia":[{"embeddable":true,"href":"https:\/\/www.elpolitologoyelpolitico.com.ar\/wordpress\/wp-json\/wp\/v2\/media\/17194"}],"wp:attachment":[{"href":"https:\/\/www.elpolitologoyelpolitico.com.ar\/wordpress\/wp-json\/wp\/v2\/media?parent=17193"}],"wp:term":[{"taxonomy":"category","embeddable":true,"href":"https:\/\/www.elpolitologoyelpolitico.com.ar\/wordpress\/wp-json\/wp\/v2\/categories?post=17193"},{"taxonomy":"post_tag","embeddable":true,"href":"https:\/\/www.elpolitologoyelpolitico.com.ar\/wordpress\/wp-json\/wp\/v2\/tags?post=17193"}],"curies":[{"name":"wp","href":"https:\/\/api.w.org\/{rel}","templated":true}]}}