{"id":17170,"date":"2022-03-04T22:29:40","date_gmt":"2022-03-04T22:29:40","guid":{"rendered":"https:\/\/www.elpolitologoyelpolitico.com.ar\/wordpress\/?p=17170"},"modified":"2022-03-04T22:30:02","modified_gmt":"2022-03-04T22:30:02","slug":"la-planta-de-verificacion-tecnica-vehicular-ya-presta-sus-servicios-en-carmen-de-patagones","status":"publish","type":"post","link":"https:\/\/www.elpolitologoyelpolitico.com.ar\/wordpress\/2022\/03\/04\/la-planta-de-verificacion-tecnica-vehicular-ya-presta-sus-servicios-en-carmen-de-patagones\/","title":{"rendered":"LA PLANTA DE VERIFICACI\u00d3N T\u00c9CNICA VEHICULAR YA PRESTA SUS SERVICIOS EN CARMEN DE PATAGONES"},"content":{"rendered":"\t\t<div data-elementor-type=\"wp-post\" data-elementor-id=\"17170\" class=\"elementor elementor-17170\">\n\t\t\t\t\t\t<section class=\"elementor-section elementor-top-section elementor-element elementor-element-33a114cc elementor-section-boxed elementor-section-height-default elementor-section-height-default\" data-id=\"33a114cc\" data-element_type=\"section\" data-e-type=\"section\">\n\t\t\t\t\t\t<div class=\"elementor-container elementor-column-gap-default\">\n\t\t\t\t\t<div class=\"elementor-column elementor-col-100 elementor-top-column elementor-element elementor-element-55d99928\" data-id=\"55d99928\" data-element_type=\"column\" data-e-type=\"column\">\n\t\t\t<div class=\"elementor-widget-wrap elementor-element-populated\">\n\t\t\t\t\t\t<div class=\"elementor-element elementor-element-52658a83 elementor-widget elementor-widget-text-editor\" data-id=\"52658a83\" data-element_type=\"widget\" data-e-type=\"widget\" data-widget_type=\"text-editor.default\">\n\t\t\t\t<div class=\"elementor-widget-container\">\n\t\t\t\t\t\t\t\t\t\n<p>Desde el mi\u00e9rcoles, 2 de marzo, se encuentra en Carmen de Patagones la planta de Verificaci\u00f3n T\u00e9cnica Vehicular.<\/p>\n\n\n\n<p>En esta ocasi\u00f3n, se ubica en el predio de Avenida Per\u00f3n N\u00b0744.<\/p>\n\n\n\n<p>La atenci\u00f3n ser\u00e1 \u00fanicamente con los turnos otorgados a trav\u00e9s del 0800345888 y de la p\u00e1gina web www.infovtv.com.ar.<\/p>\n\n\n\n<p>Permanecer\u00e1 en la ciudad hasta fines del mes en curso.<\/p>\n\t\t\t\t\t\t\t\t<\/div>\n\t\t\t\t<\/div>\n\t\t\t\t\t<\/div>\n\t\t<\/div>\n\t\t\t\t\t<\/div>\n\t\t<\/section>\n\t\t\t\t<\/div>\n\t\t<div class=\"fb-background-color\">\n\t\t\t  <div \n\t\t\t  \tclass = \"fb-comments\" \n\t\t\t  \tdata-href = \"https:\/\/www.elpolitologoyelpolitico.com.ar\/wordpress\/2022\/03\/04\/la-planta-de-verificacion-tecnica-vehicular-ya-presta-sus-servicios-en-carmen-de-patagones\/\"\n\t\t\t  \tdata-numposts = \"10\"\n\t\t\t  \tdata-lazy = \"true\"\n\t\t\t\tdata-colorscheme = \"light\"\n\t\t\t\tdata-order-by = \"social\"\n\t\t\t\tdata-mobile=true>\n\t\t\t  <\/div><\/div>\n\t\t  <style>\n\t\t    .fb-background-color {\n\t\t\t\tbackground: #ffffff !important;\n\t\t\t}\n\t\t\t.fb_iframe_widget_fluid_desktop iframe {\n\t\t\t    width: 100% !important;\n\t\t\t}\n\t\t  <\/style>\n\t\t  ","protected":false},"excerpt":{"rendered":"<p>Desde el mi\u00e9rcoles, 2 de marzo, se encuentra en Carmen de Patagones la planta de Verificaci\u00f3n T\u00e9cnica Vehicular. En esta ocasi\u00f3n, se ubica en el predio de Avenida Per\u00f3n N\u00b0744. La atenci\u00f3n ser\u00e1 \u00fanicamente con los turnos otorgados a trav\u00e9s del 0800345888 y de la p\u00e1gina web www.infovtv.com.ar. Permanecer\u00e1 en la ciudad hasta fines del [&hellip;]<\/p>\n","protected":false},"author":4,"featured_media":17171,"comment_status":"closed","ping_status":"closed","sticky":false,"template":"","format":"standard","meta":{"_joinchat":[],"footnotes":""},"categories":[39],"tags":[],"class_list":["post-17170","post","type-post","status-publish","format-standard","has-post-thumbnail","hentry","category-en-esta-seccion"],"_links":{"self":[{"href":"https:\/\/www.elpolitologoyelpolitico.com.ar\/wordpress\/wp-json\/wp\/v2\/posts\/17170","targetHints":{"allow":["GET"]}}],"collection":[{"href":"https:\/\/www.elpolitologoyelpolitico.com.ar\/wordpress\/wp-json\/wp\/v2\/posts"}],"about":[{"href":"https:\/\/www.elpolitologoyelpolitico.com.ar\/wordpress\/wp-json\/wp\/v2\/types\/post"}],"author":[{"embeddable":true,"href":"https:\/\/www.elpolitologoyelpolitico.com.ar\/wordpress\/wp-json\/wp\/v2\/users\/4"}],"replies":[{"embeddable":true,"href":"https:\/\/www.elpolitologoyelpolitico.com.ar\/wordpress\/wp-json\/wp\/v2\/comments?post=17170"}],"version-history":[{"count":0,"href":"https:\/\/www.elpolitologoyelpolitico.com.ar\/wordpress\/wp-json\/wp\/v2\/posts\/17170\/revisions"}],"wp:featuredmedia":[{"embeddable":true,"href":"https:\/\/www.elpolitologoyelpolitico.com.ar\/wordpress\/wp-json\/wp\/v2\/media\/17171"}],"wp:attachment":[{"href":"https:\/\/www.elpolitologoyelpolitico.com.ar\/wordpress\/wp-json\/wp\/v2\/media?parent=17170"}],"wp:term":[{"taxonomy":"category","embeddable":true,"href":"https:\/\/www.elpolitologoyelpolitico.com.ar\/wordpress\/wp-json\/wp\/v2\/categories?post=17170"},{"taxonomy":"post_tag","embeddable":true,"href":"https:\/\/www.elpolitologoyelpolitico.com.ar\/wordpress\/wp-json\/wp\/v2\/tags?post=17170"}],"curies":[{"name":"wp","href":"https:\/\/api.w.org\/{rel}","templated":true}]}}