{"id":17124,"date":"2022-03-04T00:45:58","date_gmt":"2022-03-04T00:45:58","guid":{"rendered":"https:\/\/www.elpolitologoyelpolitico.com.ar\/wordpress\/?p=17124"},"modified":"2022-03-04T00:46:28","modified_gmt":"2022-03-04T00:46:28","slug":"el-hospital-materno-infantil-de-roca-ya-tiene-plano-de-obra","status":"publish","type":"post","link":"https:\/\/www.elpolitologoyelpolitico.com.ar\/wordpress\/2022\/03\/04\/el-hospital-materno-infantil-de-roca-ya-tiene-plano-de-obra\/","title":{"rendered":"El hospital materno infantil de Roca ya tiene plano de obra"},"content":{"rendered":"\t\t<div data-elementor-type=\"wp-post\" data-elementor-id=\"17124\" class=\"elementor elementor-17124\">\n\t\t\t\t\t\t<section class=\"elementor-section elementor-top-section elementor-element elementor-element-43effe31 elementor-section-boxed elementor-section-height-default elementor-section-height-default\" data-id=\"43effe31\" data-element_type=\"section\" data-e-type=\"section\">\n\t\t\t\t\t\t<div class=\"elementor-container elementor-column-gap-default\">\n\t\t\t\t\t<div class=\"elementor-column elementor-col-100 elementor-top-column elementor-element elementor-element-4581ee6b\" data-id=\"4581ee6b\" data-element_type=\"column\" data-e-type=\"column\">\n\t\t\t<div class=\"elementor-widget-wrap elementor-element-populated\">\n\t\t\t\t\t\t<div class=\"elementor-element elementor-element-506a0e2c elementor-widget elementor-widget-text-editor\" data-id=\"506a0e2c\" data-element_type=\"widget\" data-e-type=\"widget\" data-widget_type=\"text-editor.default\">\n\t\t\t\t<div class=\"elementor-widget-container\">\n\t\t\t\t\t\t\t\t\t\n<p><\/p>\n\n\n\n<p>La Gobernadora, Arabela Carreras, recibi\u00f3 a la directora del hospital de General Roca, Ana Senesi, con quien repas\u00f3 aspectos de la obra de construcci\u00f3n del nuevo Hospital Materno Infantil de esa ciudad, que ser\u00e1 \u00fanico en la Patagonia.<\/p>\n\n\n\n<p>Del encuentro tambi\u00e9n participaron el Vicegobernador, Alejandro Palmieri; los ministros de Salud, Fabi\u00e1n Zgaib y de Obras y Servicios P\u00fablicos, Carlos Valeri y el secretario de Obras e Infraestructura, Alejandro Echarren.<\/p>\n\n\n\n<p>En conjunto, las autoridades analizaron las diferentes etapas de la obra que fue anunciada por la Gobernadora durante su discurso de apertura del periodo de sesiones ordinarias de la Legislatura.<\/p>\n\n\n\n<p>La obra se proyecta en dos etapas. Se sumar\u00e1 a los trabajos proyectados para seguir ampliando la capacidad de atenci\u00f3n del hospital \u201cFrancisco L\u00f3pez Lima\u201d de Roca, que cuenta con el polo de atenci\u00f3n pedi\u00e1trica m\u00e1s grande de la provincia.<\/p>\n\n\n\n<p>\u201cActualmente, el hospital de Roca es el centro de derivaci\u00f3n del 80% de la atenci\u00f3n pedi\u00e1trica y obst\u00e9trica de la provincia\u201d, explic\u00f3 el Ministro Zgaib, culminado el encuentro<\/p>\n\n\n\n<p>El centro asistencia roquense cuenta con 56 camas y 32 m\u00e9dicos pediatras (21 de ellos con subespecialidades), quienes realizan m\u00e1s de 15.000 consultas anuales.<\/p>\n\t\t\t\t\t\t\t\t<\/div>\n\t\t\t\t<\/div>\n\t\t\t\t\t<\/div>\n\t\t<\/div>\n\t\t\t\t\t<\/div>\n\t\t<\/section>\n\t\t\t\t<\/div>\n\t\t<div class=\"fb-background-color\">\n\t\t\t  <div \n\t\t\t  \tclass = \"fb-comments\" \n\t\t\t  \tdata-href = \"https:\/\/www.elpolitologoyelpolitico.com.ar\/wordpress\/2022\/03\/04\/el-hospital-materno-infantil-de-roca-ya-tiene-plano-de-obra\/\"\n\t\t\t  \tdata-numposts = \"10\"\n\t\t\t  \tdata-lazy = \"true\"\n\t\t\t\tdata-colorscheme = \"light\"\n\t\t\t\tdata-order-by = \"social\"\n\t\t\t\tdata-mobile=true>\n\t\t\t  <\/div><\/div>\n\t\t  <style>\n\t\t    .fb-background-color {\n\t\t\t\tbackground: #ffffff !important;\n\t\t\t}\n\t\t\t.fb_iframe_widget_fluid_desktop iframe {\n\t\t\t    width: 100% !important;\n\t\t\t}\n\t\t  <\/style>\n\t\t  ","protected":false},"excerpt":{"rendered":"<p>La Gobernadora, Arabela Carreras, recibi\u00f3 a la directora del hospital de General Roca, Ana Senesi, con quien repas\u00f3 aspectos de la obra de construcci\u00f3n del nuevo Hospital Materno Infantil de esa ciudad, que ser\u00e1 \u00fanico en la Patagonia. Del encuentro tambi\u00e9n participaron el Vicegobernador, Alejandro Palmieri; los ministros de Salud, Fabi\u00e1n Zgaib y de Obras [&hellip;]<\/p>\n","protected":false},"author":4,"featured_media":17125,"comment_status":"closed","ping_status":"closed","sticky":false,"template":"","format":"standard","meta":{"_joinchat":[],"footnotes":""},"categories":[4],"tags":[],"class_list":["post-17124","post","type-post","status-publish","format-standard","has-post-thumbnail","hentry","category-politicas-publicas"],"_links":{"self":[{"href":"https:\/\/www.elpolitologoyelpolitico.com.ar\/wordpress\/wp-json\/wp\/v2\/posts\/17124","targetHints":{"allow":["GET"]}}],"collection":[{"href":"https:\/\/www.elpolitologoyelpolitico.com.ar\/wordpress\/wp-json\/wp\/v2\/posts"}],"about":[{"href":"https:\/\/www.elpolitologoyelpolitico.com.ar\/wordpress\/wp-json\/wp\/v2\/types\/post"}],"author":[{"embeddable":true,"href":"https:\/\/www.elpolitologoyelpolitico.com.ar\/wordpress\/wp-json\/wp\/v2\/users\/4"}],"replies":[{"embeddable":true,"href":"https:\/\/www.elpolitologoyelpolitico.com.ar\/wordpress\/wp-json\/wp\/v2\/comments?post=17124"}],"version-history":[{"count":0,"href":"https:\/\/www.elpolitologoyelpolitico.com.ar\/wordpress\/wp-json\/wp\/v2\/posts\/17124\/revisions"}],"wp:featuredmedia":[{"embeddable":true,"href":"https:\/\/www.elpolitologoyelpolitico.com.ar\/wordpress\/wp-json\/wp\/v2\/media\/17125"}],"wp:attachment":[{"href":"https:\/\/www.elpolitologoyelpolitico.com.ar\/wordpress\/wp-json\/wp\/v2\/media?parent=17124"}],"wp:term":[{"taxonomy":"category","embeddable":true,"href":"https:\/\/www.elpolitologoyelpolitico.com.ar\/wordpress\/wp-json\/wp\/v2\/categories?post=17124"},{"taxonomy":"post_tag","embeddable":true,"href":"https:\/\/www.elpolitologoyelpolitico.com.ar\/wordpress\/wp-json\/wp\/v2\/tags?post=17124"}],"curies":[{"name":"wp","href":"https:\/\/api.w.org\/{rel}","templated":true}]}}