{"id":17037,"date":"2022-03-02T14:38:14","date_gmt":"2022-03-02T14:38:14","guid":{"rendered":"https:\/\/www.elpolitologoyelpolitico.com.ar\/wordpress\/?p=17037"},"modified":"2022-03-02T14:44:55","modified_gmt":"2022-03-02T14:44:55","slug":"villalonga-celebro-el-carnaval-con-multiples-propuestas-y-una-amplia-participacion","status":"publish","type":"post","link":"https:\/\/www.elpolitologoyelpolitico.com.ar\/wordpress\/2022\/03\/02\/villalonga-celebro-el-carnaval-con-multiples-propuestas-y-una-amplia-participacion\/","title":{"rendered":"Villalonga celebr\u00f3 el carnaval con m\u00faltiples propuestas y una amplia participaci\u00f3n"},"content":{"rendered":"\t\t<div data-elementor-type=\"wp-post\" data-elementor-id=\"17037\" class=\"elementor elementor-17037\">\n\t\t\t\t\t\t<section class=\"elementor-section elementor-top-section elementor-element elementor-element-34abbc6 elementor-section-boxed elementor-section-height-default elementor-section-height-default\" data-id=\"34abbc6\" data-element_type=\"section\" data-e-type=\"section\">\n\t\t\t\t\t\t<div class=\"elementor-container elementor-column-gap-default\">\n\t\t\t\t\t<div class=\"elementor-column elementor-col-100 elementor-top-column elementor-element elementor-element-4c3db17\" data-id=\"4c3db17\" data-element_type=\"column\" data-e-type=\"column\">\n\t\t\t<div class=\"elementor-widget-wrap elementor-element-populated\">\n\t\t\t\t\t\t<div class=\"elementor-element elementor-element-1d657fdf elementor-widget elementor-widget-text-editor\" data-id=\"1d657fdf\" data-element_type=\"widget\" data-e-type=\"widget\" data-widget_type=\"text-editor.default\">\n\t\t\t\t<div class=\"elementor-widget-container\">\n\t\t\t\t\t\t\t\t\t\n<p><\/p>\n\n\n\n<p>El pasado s\u00e1bado, cientos de vecinos de Villalonga se dieron cita en el Play\u00f3n ubicado frente a la Delegaci\u00f3n Municipal, para disfrutar de la fiesta de Carnaval, organizada con el acompa\u00f1amiento del Instituto Cultural de la Provincia de Buenos Aires.<\/p>\n\n\n\n<p>El Intendente Municipal, Ing. Jos\u00e9 Luis Zara, acompa\u00f1\u00f3 el evento, junto a la Delegada Municipal, Valeria M\u00e9ndez, la Directora de Integraci\u00f3n Socioeducativa, del Instituto Cultural bonaerense, Victoria Wettstein, el Director de Cultura, Vicente Paredes y la Coordinadora de Interior y Programas P\u00fablicos, Mar\u00eda Ciccone.&nbsp;<\/p>\n\n\n\n<p>El programa de actividades incluy\u00f3 la actuaci\u00f3n de las bandas \u201cPescado en tr\u00e1nsito\u201d, \u201cPecadora\u201d y el cierre con Grupo Astral.&nbsp;<\/p>\n\n\n\n<p>Alrededor de la 21 horas, las calles se llenaron de color, con un gran desfile de comparsas que representaron a distintas instituciones, junto a vecinos de la localidad, con atuendos originales para la ocasi\u00f3n; todo al ritmo de los redoblantes, bombos y platillos que completaron el cuadro festivo tan esperado por la comunidad.&nbsp;<\/p>\n\n\n\n<p>El evento fue conducido por Javier Castel y a los festejos, se sum\u00f3 la murga \u201cLa 74\u201d, de Bah\u00eda Blanca.&nbsp;&nbsp;<\/p>\n\n\n\n<p>Adem\u00e1s de las propuestas recreativas, el p\u00fablico se sum\u00f3 a las distintas alternativas que se ofrec\u00edan en el patio de comidas, preparado especialmente para la ocasi\u00f3n.&nbsp;<\/p>\n\n\n\n<p>En la oportunidad, la Directora de Integraci\u00f3n Socioeducativa, del Instituto Cultural de la Provincia, hizo entrega de material de lectura para las personas mayores del hogar \u201cUna caricia al coraz\u00f3n\u201d y para la guarder\u00eda \u201cUn nuevo sol\u201d.<\/p>\n\n\n\n<figure class=\"wp-block-gallery has-nested-images columns-default is-cropped wp-block-gallery-2 is-layout-flex wp-block-gallery-is-layout-flex\">\n<figure class=\"wp-block-image size-large\"><img fetchpriority=\"high\" decoding=\"async\" width=\"720\" height=\"516\" data-id=\"17040\" src=\"https:\/\/www.elpolitologoyelpolitico.com.ar\/wp-content\/uploads\/2022\/03\/IMG-20220301-WA0045.jpg\" alt=\"\" class=\"wp-image-17040\" srcset=\"https:\/\/www.elpolitologoyelpolitico.com.ar\/wp-content\/uploads\/2022\/03\/IMG-20220301-WA0045.jpg 720w, https:\/\/www.elpolitologoyelpolitico.com.ar\/wp-content\/uploads\/2022\/03\/IMG-20220301-WA0045-300x215.jpg 300w\" sizes=\"(max-width: 720px) 100vw, 720px\" \/><\/figure>\n\n\n\n<figure class=\"wp-block-image size-large\"><img decoding=\"async\" width=\"720\" height=\"540\" data-id=\"17039\" src=\"https:\/\/www.elpolitologoyelpolitico.com.ar\/wp-content\/uploads\/2022\/03\/IMG-20220301-WA0043.jpg\" alt=\"\" class=\"wp-image-17039\" srcset=\"https:\/\/www.elpolitologoyelpolitico.com.ar\/wp-content\/uploads\/2022\/03\/IMG-20220301-WA0043.jpg 720w, https:\/\/www.elpolitologoyelpolitico.com.ar\/wp-content\/uploads\/2022\/03\/IMG-20220301-WA0043-300x225.jpg 300w\" sizes=\"(max-width: 720px) 100vw, 720px\" \/><\/figure>\n<\/figure>\n\t\t\t\t\t\t\t\t<\/div>\n\t\t\t\t<\/div>\n\t\t\t\t\t<\/div>\n\t\t<\/div>\n\t\t\t\t\t<\/div>\n\t\t<\/section>\n\t\t\t\t<\/div>\n\t\t<div class=\"fb-background-color\">\n\t\t\t  <div \n\t\t\t  \tclass = \"fb-comments\" \n\t\t\t  \tdata-href = \"https:\/\/www.elpolitologoyelpolitico.com.ar\/wordpress\/2022\/03\/02\/villalonga-celebro-el-carnaval-con-multiples-propuestas-y-una-amplia-participacion\/\"\n\t\t\t  \tdata-numposts = \"10\"\n\t\t\t  \tdata-lazy = \"true\"\n\t\t\t\tdata-colorscheme = \"light\"\n\t\t\t\tdata-order-by = \"social\"\n\t\t\t\tdata-mobile=true>\n\t\t\t  <\/div><\/div>\n\t\t  <style>\n\t\t    .fb-background-color {\n\t\t\t\tbackground: #ffffff !important;\n\t\t\t}\n\t\t\t.fb_iframe_widget_fluid_desktop iframe {\n\t\t\t    width: 100% !important;\n\t\t\t}\n\t\t  <\/style>\n\t\t  ","protected":false},"excerpt":{"rendered":"<p>El pasado s\u00e1bado, cientos de vecinos de Villalonga se dieron cita en el Play\u00f3n ubicado frente a la Delegaci\u00f3n Municipal, para disfrutar de la fiesta de Carnaval, organizada con el acompa\u00f1amiento del Instituto Cultural de la Provincia de Buenos Aires. El Intendente Municipal, Ing. Jos\u00e9 Luis Zara, acompa\u00f1\u00f3 el evento, junto a la Delegada Municipal, [&hellip;]<\/p>\n","protected":false},"author":4,"featured_media":17038,"comment_status":"closed","ping_status":"closed","sticky":false,"template":"","format":"standard","meta":{"_joinchat":[],"footnotes":""},"categories":[39],"tags":[],"class_list":["post-17037","post","type-post","status-publish","format-standard","has-post-thumbnail","hentry","category-en-esta-seccion"],"_links":{"self":[{"href":"https:\/\/www.elpolitologoyelpolitico.com.ar\/wordpress\/wp-json\/wp\/v2\/posts\/17037","targetHints":{"allow":["GET"]}}],"collection":[{"href":"https:\/\/www.elpolitologoyelpolitico.com.ar\/wordpress\/wp-json\/wp\/v2\/posts"}],"about":[{"href":"https:\/\/www.elpolitologoyelpolitico.com.ar\/wordpress\/wp-json\/wp\/v2\/types\/post"}],"author":[{"embeddable":true,"href":"https:\/\/www.elpolitologoyelpolitico.com.ar\/wordpress\/wp-json\/wp\/v2\/users\/4"}],"replies":[{"embeddable":true,"href":"https:\/\/www.elpolitologoyelpolitico.com.ar\/wordpress\/wp-json\/wp\/v2\/comments?post=17037"}],"version-history":[{"count":0,"href":"https:\/\/www.elpolitologoyelpolitico.com.ar\/wordpress\/wp-json\/wp\/v2\/posts\/17037\/revisions"}],"wp:featuredmedia":[{"embeddable":true,"href":"https:\/\/www.elpolitologoyelpolitico.com.ar\/wordpress\/wp-json\/wp\/v2\/media\/17038"}],"wp:attachment":[{"href":"https:\/\/www.elpolitologoyelpolitico.com.ar\/wordpress\/wp-json\/wp\/v2\/media?parent=17037"}],"wp:term":[{"taxonomy":"category","embeddable":true,"href":"https:\/\/www.elpolitologoyelpolitico.com.ar\/wordpress\/wp-json\/wp\/v2\/categories?post=17037"},{"taxonomy":"post_tag","embeddable":true,"href":"https:\/\/www.elpolitologoyelpolitico.com.ar\/wordpress\/wp-json\/wp\/v2\/tags?post=17037"}],"curies":[{"name":"wp","href":"https:\/\/api.w.org\/{rel}","templated":true}]}}