{"id":17024,"date":"2022-03-02T02:49:19","date_gmt":"2022-03-02T02:49:19","guid":{"rendered":"https:\/\/www.elpolitologoyelpolitico.com.ar\/wordpress\/?p=17024"},"modified":"2022-03-02T02:49:55","modified_gmt":"2022-03-02T02:49:55","slug":"zara-presidio-el-acto-por-el-195-aniversario-del-combate-de-la-bateria","status":"publish","type":"post","link":"https:\/\/www.elpolitologoyelpolitico.com.ar\/wordpress\/2022\/03\/02\/zara-presidio-el-acto-por-el-195-aniversario-del-combate-de-la-bateria\/","title":{"rendered":"Zara presidi\u00f3 el acto por el 195\u00b0 aniversario del Combate de la Bater\u00eda"},"content":{"rendered":"\t\t<div data-elementor-type=\"wp-post\" data-elementor-id=\"17024\" class=\"elementor elementor-17024\">\n\t\t\t\t\t\t<section class=\"elementor-section elementor-top-section elementor-element elementor-element-3a70c6e6 elementor-section-boxed elementor-section-height-default elementor-section-height-default\" data-id=\"3a70c6e6\" data-element_type=\"section\" data-e-type=\"section\">\n\t\t\t\t\t\t<div class=\"elementor-container elementor-column-gap-default\">\n\t\t\t\t\t<div class=\"elementor-column elementor-col-100 elementor-top-column elementor-element elementor-element-2644b724\" data-id=\"2644b724\" data-element_type=\"column\" data-e-type=\"column\">\n\t\t\t<div class=\"elementor-widget-wrap elementor-element-populated\">\n\t\t\t\t\t\t<div class=\"elementor-element elementor-element-40cce2f8 elementor-widget elementor-widget-text-editor\" data-id=\"40cce2f8\" data-element_type=\"widget\" data-e-type=\"widget\" data-widget_type=\"text-editor.default\">\n\t\t\t\t<div class=\"elementor-widget-container\">\n\t\t\t\t\t\t\t\t\t\n<p><\/p>\n\n\n\n<p>El Intendente Municipal, Ing. Jos\u00e9 Luis Zara, presidi\u00f3 este lunes el acto oficial en conmemoraci\u00f3n al 195\u00ba aniversario del Combate de la Bater\u00eda y el 29\u00b0 aniversario de la declaraci\u00f3n de la fecha fundacional de la Villa 7 de Marzo.<\/p>\n\n\n\n<p>El jefe comunal estuvo acompa\u00f1ado por el Subdelegado de Villa 7 de Marzo, Jes\u00fas Mart\u00ednez, el Presidente del Honorable Concejo Deliberante de Patagones, Prof. Julio Costantino, la presidente del Bloque Juntos por el Cambio, Romina Colombi, y la concejal del mismo espacio, Jorgelina Castronovo.&nbsp;<\/p>\n\n\n\n<p>Asimismo, se hicieron presentes representantes de las fuerzas de seguridad, autoridades educativas y vecinos de la villa tur\u00edstica.<\/p>\n\n\n\n<p>Al inicio de la ceremonia, con el pabell\u00f3n nacional izado en el exterior del recinto, se entonaron las estrofas del Himno Argentino y, a continuaci\u00f3n, se solicit\u00f3 un minuto de silencio en memoria de los ca\u00eddos en batalla, en 1827.&nbsp;<\/p>\n\n\n\n<p>Luego, en honor a ellos, el Intendente, junto al Presidente del Club Defensores de La Baliza, Carlos Larra\u00f1aga, presentaron ofrendas florales.<\/p>\n\n\n\n<p>A continuaci\u00f3n, se dedic\u00f3 un espacio para reflexionar y rendir un sentido homenaje a la valent\u00eda de quienes protagonizaron todo el proceso hist\u00f3rico que culmin\u00f3 con la soberan\u00eda patag\u00f3nica.&nbsp;<\/p>\n\n\n\n<p>En ese contexto, se dirigi\u00f3 a los presentes el representante del Museo Hist\u00f3rico Regional Emma Nozzi, Leonardo Dam, quien hizo referencia al contexto hist\u00f3rico en el cual se produjo el combate de 1827, resaltando especialmente, la participaci\u00f3n de los nativos maragatos y hombres provenientes de distintos puntos del pa\u00eds a defender el territorio argentino.&nbsp;<\/p>\n\n\n\n<p>A continuaci\u00f3n, hizo uso de la palabra el Intendente, Jos\u00e9 Luis Zara: \u201cCuando uno analiza esta gesta puede observar como estos h\u00e9roes defendieron su lugar, sabiendo que estaban en desigualdad de condiciones porque se enfrentaban al poder\u00edo brasilero\u201d, expres\u00f3.&nbsp;<\/p>\n\n\n\n<p>Del mismo modo, inst\u00f3 a \u201cseguir defendiendo nuestra identidad y patria, y deseos de crecimiento porque, como siempre digo, trabajando juntos d\u00eda tras d\u00eda venceremos las dificultades\u201d.&nbsp;<\/p>\n\n\n\n<p>Por otra parte, el Intendente agradeci\u00f3 el trabajo cotidiano de la subdelegaci\u00f3n, en especial a los empleados municipales que all\u00ed se desempe\u00f1an y las instituciones que contribuyen al crecimiento de la localidad.&nbsp;<\/p>\n\n\n\n<p>\u201cLos invito a seguir trabajando juntos por el Partido de Patagones, en honor a quienes ofrecieron sus vidas para que nuestra Patagonia siga siendo soberana\u201d, concluy\u00f3 Zara.&nbsp;<\/p>\n\n\n\n<p>Al finalizar la ceremonia, el Intendente, junto al Presidente del Club Defensores de La Baliza, Carlos Larra\u00f1aga, plantaron un ejemplar de Aguaribay, especie oriunda de Am\u00e9rica del Sur.<\/p>\n\n\n\n<figure class=\"wp-block-gallery has-nested-images columns-default is-cropped wp-block-gallery-2 is-layout-flex wp-block-gallery-is-layout-flex\">\n<figure class=\"wp-block-image size-large\"><img fetchpriority=\"high\" decoding=\"async\" width=\"720\" height=\"540\" data-id=\"17026\" src=\"https:\/\/www.elpolitologoyelpolitico.com.ar\/wp-content\/uploads\/2022\/03\/IMG-20220301-WA0041.jpg\" alt=\"\" class=\"wp-image-17026\" srcset=\"https:\/\/www.elpolitologoyelpolitico.com.ar\/wp-content\/uploads\/2022\/03\/IMG-20220301-WA0041.jpg 720w, https:\/\/www.elpolitologoyelpolitico.com.ar\/wp-content\/uploads\/2022\/03\/IMG-20220301-WA0041-300x225.jpg 300w\" sizes=\"(max-width: 720px) 100vw, 720px\" \/><\/figure>\n\n\n\n<figure class=\"wp-block-image size-large\"><img decoding=\"async\" width=\"720\" height=\"540\" data-id=\"17027\" src=\"https:\/\/www.elpolitologoyelpolitico.com.ar\/wp-content\/uploads\/2022\/03\/IMG-20220301-WA0040.jpg\" alt=\"\" class=\"wp-image-17027\" srcset=\"https:\/\/www.elpolitologoyelpolitico.com.ar\/wp-content\/uploads\/2022\/03\/IMG-20220301-WA0040.jpg 720w, https:\/\/www.elpolitologoyelpolitico.com.ar\/wp-content\/uploads\/2022\/03\/IMG-20220301-WA0040-300x225.jpg 300w\" sizes=\"(max-width: 720px) 100vw, 720px\" \/><\/figure>\n\n\n\n<figure class=\"wp-block-image size-large\"><img decoding=\"async\" width=\"720\" height=\"540\" data-id=\"17028\" src=\"https:\/\/www.elpolitologoyelpolitico.com.ar\/wp-content\/uploads\/2022\/03\/IMG-20220301-WA0039.jpg\" alt=\"\" class=\"wp-image-17028\" srcset=\"https:\/\/www.elpolitologoyelpolitico.com.ar\/wp-content\/uploads\/2022\/03\/IMG-20220301-WA0039.jpg 720w, https:\/\/www.elpolitologoyelpolitico.com.ar\/wp-content\/uploads\/2022\/03\/IMG-20220301-WA0039-300x225.jpg 300w\" sizes=\"(max-width: 720px) 100vw, 720px\" \/><\/figure>\n\n\n\n<figure class=\"wp-block-image size-large\"><img loading=\"lazy\" decoding=\"async\" width=\"720\" height=\"540\" data-id=\"17029\" src=\"https:\/\/www.elpolitologoyelpolitico.com.ar\/wp-content\/uploads\/2022\/03\/IMG-20220301-WA0038-1.jpg\" alt=\"\" class=\"wp-image-17029\" srcset=\"https:\/\/www.elpolitologoyelpolitico.com.ar\/wp-content\/uploads\/2022\/03\/IMG-20220301-WA0038-1.jpg 720w, https:\/\/www.elpolitologoyelpolitico.com.ar\/wp-content\/uploads\/2022\/03\/IMG-20220301-WA0038-1-300x225.jpg 300w\" sizes=\"(max-width: 720px) 100vw, 720px\" \/><\/figure>\n\n\n\n<figure class=\"wp-block-image size-large\"><img loading=\"lazy\" decoding=\"async\" width=\"720\" height=\"960\" data-id=\"17030\" src=\"https:\/\/www.elpolitologoyelpolitico.com.ar\/wp-content\/uploads\/2022\/03\/IMG-20220301-WA0101.jpg\" alt=\"\" class=\"wp-image-17030\" srcset=\"https:\/\/www.elpolitologoyelpolitico.com.ar\/wp-content\/uploads\/2022\/03\/IMG-20220301-WA0101.jpg 720w, https:\/\/www.elpolitologoyelpolitico.com.ar\/wp-content\/uploads\/2022\/03\/IMG-20220301-WA0101-225x300.jpg 225w\" sizes=\"(max-width: 720px) 100vw, 720px\" \/><\/figure>\n<\/figure>\n\t\t\t\t\t\t\t\t<\/div>\n\t\t\t\t<\/div>\n\t\t\t\t\t<\/div>\n\t\t<\/div>\n\t\t\t\t\t<\/div>\n\t\t<\/section>\n\t\t\t\t<\/div>\n\t\t<div class=\"fb-background-color\">\n\t\t\t  <div \n\t\t\t  \tclass = \"fb-comments\" \n\t\t\t  \tdata-href = \"https:\/\/www.elpolitologoyelpolitico.com.ar\/wordpress\/2022\/03\/02\/zara-presidio-el-acto-por-el-195-aniversario-del-combate-de-la-bateria\/\"\n\t\t\t  \tdata-numposts = \"10\"\n\t\t\t  \tdata-lazy = \"true\"\n\t\t\t\tdata-colorscheme = \"light\"\n\t\t\t\tdata-order-by = \"social\"\n\t\t\t\tdata-mobile=true>\n\t\t\t  <\/div><\/div>\n\t\t  <style>\n\t\t    .fb-background-color {\n\t\t\t\tbackground: #ffffff !important;\n\t\t\t}\n\t\t\t.fb_iframe_widget_fluid_desktop iframe {\n\t\t\t    width: 100% !important;\n\t\t\t}\n\t\t  <\/style>\n\t\t  ","protected":false},"excerpt":{"rendered":"<p>El Intendente Municipal, Ing. Jos\u00e9 Luis Zara, presidi\u00f3 este lunes el acto oficial en conmemoraci\u00f3n al 195\u00ba aniversario del Combate de la Bater\u00eda y el 29\u00b0 aniversario de la declaraci\u00f3n de la fecha fundacional de la Villa 7 de Marzo. El jefe comunal estuvo acompa\u00f1ado por el Subdelegado de Villa 7 de Marzo, Jes\u00fas Mart\u00ednez, [&hellip;]<\/p>\n","protected":false},"author":4,"featured_media":17025,"comment_status":"closed","ping_status":"closed","sticky":false,"template":"","format":"standard","meta":{"_joinchat":[],"footnotes":""},"categories":[39],"tags":[],"class_list":["post-17024","post","type-post","status-publish","format-standard","has-post-thumbnail","hentry","category-en-esta-seccion"],"_links":{"self":[{"href":"https:\/\/www.elpolitologoyelpolitico.com.ar\/wordpress\/wp-json\/wp\/v2\/posts\/17024","targetHints":{"allow":["GET"]}}],"collection":[{"href":"https:\/\/www.elpolitologoyelpolitico.com.ar\/wordpress\/wp-json\/wp\/v2\/posts"}],"about":[{"href":"https:\/\/www.elpolitologoyelpolitico.com.ar\/wordpress\/wp-json\/wp\/v2\/types\/post"}],"author":[{"embeddable":true,"href":"https:\/\/www.elpolitologoyelpolitico.com.ar\/wordpress\/wp-json\/wp\/v2\/users\/4"}],"replies":[{"embeddable":true,"href":"https:\/\/www.elpolitologoyelpolitico.com.ar\/wordpress\/wp-json\/wp\/v2\/comments?post=17024"}],"version-history":[{"count":0,"href":"https:\/\/www.elpolitologoyelpolitico.com.ar\/wordpress\/wp-json\/wp\/v2\/posts\/17024\/revisions"}],"wp:featuredmedia":[{"embeddable":true,"href":"https:\/\/www.elpolitologoyelpolitico.com.ar\/wordpress\/wp-json\/wp\/v2\/media\/17025"}],"wp:attachment":[{"href":"https:\/\/www.elpolitologoyelpolitico.com.ar\/wordpress\/wp-json\/wp\/v2\/media?parent=17024"}],"wp:term":[{"taxonomy":"category","embeddable":true,"href":"https:\/\/www.elpolitologoyelpolitico.com.ar\/wordpress\/wp-json\/wp\/v2\/categories?post=17024"},{"taxonomy":"post_tag","embeddable":true,"href":"https:\/\/www.elpolitologoyelpolitico.com.ar\/wordpress\/wp-json\/wp\/v2\/tags?post=17024"}],"curies":[{"name":"wp","href":"https:\/\/api.w.org\/{rel}","templated":true}]}}