{"id":17007,"date":"2022-03-02T00:19:33","date_gmt":"2022-03-02T00:19:33","guid":{"rendered":"https:\/\/www.elpolitologoyelpolitico.com.ar\/wordpress\/?p=17007"},"modified":"2022-03-02T03:00:00","modified_gmt":"2022-03-02T03:00:00","slug":"mas-de-60-mil-personas-vibraron-con-alejandro-lerner-y-los-autenticos-decadentes-en-el-cierre-de-la-fiesta-del-rio","status":"publish","type":"post","link":"https:\/\/www.elpolitologoyelpolitico.com.ar\/wordpress\/2022\/03\/02\/mas-de-60-mil-personas-vibraron-con-alejandro-lerner-y-los-autenticos-decadentes-en-el-cierre-de-la-fiesta-del-rio\/","title":{"rendered":"M\u00e1s de 60 mil personas vibraron con Alejandro Lerner y Los Aut\u00e9nticos Decadentes en el cierre de la Fiesta del R\u00edo"},"content":{"rendered":"\n<p><\/p>\n\n\n\n<p>M\u00e1s de 60 mil personas disfrutaron del cierre de la edici\u00f3n 2022 de la Fiesta Provincial del R\u00edo, con las destacadas presentaciones de Alejandro Lerner y Los Aut\u00e9nticos Decadentes, que hicieron un recorrida de sus extensas trayectorias con sus m\u00e1s reconocidos cl\u00e1sicos.<\/p>\n\n\n\n<p>La multitud comenz\u00f3 a concentrarse desde temprano para disfrutar tambi\u00e9n de los artistas locales que engalanaron la fiesta: subieron al escenario Shaya Nicolas, Guayubira; y Alejandra Gioventu.<\/p>\n\n\n\n<p>En esta \u00faltima noche, el espacio de tributos estuvo dedicado a Charly Garc\u00eda. El homenaje denominado \u00abSolo quiero ser un enfermero\u00bb sirvi\u00f3 tambi\u00e9n para homenajear a las y los trabajadores de salud p\u00fablica, quienes acompa\u00f1aron y acompa\u00f1an cotidianamente a la comunidad en este contexto complejo de pandemia.<\/p>\n\n\n\n<p>Las y los m\u00fasicos que integraron este tributo fueron Mat\u00edas Otero, Maxi D\u00edaz, Jony Diaz, Flavio Gomez, Diego Manquepi, Mat\u00edas Miguel, Juan Santos, Axel Rubiolo y Gabriela Iglesias en Viol\u00edn, acompa\u00f1ados por el Coro Municipal dirigido por Hern\u00e1n Per\u00e9z Huez\u00f3.<\/p>\n\n\n\n<p><strong>Sorteo<\/strong><\/p>\n\n\n\n<p>Se llev\u00f3 a cabo el sorteo del concurso que ten\u00eda por objetivo incentivar la reutilizaci\u00f3n de los residuos reciclables.<\/p>\n\n\n\n<p>Se inscribieron m\u00e1s de dos mil personas y se recolectaron alrededor de 15 metros c\u00fabicos de residuos reciclables, lo que equivale a tres camiones con batea repletos.<\/p>\n\n\n\n<p>El tercer premio fue para Ezequiel Colilil quien se gan\u00f3 una bicicleta playera.<\/p>\n\n\n\n<p>En tanto, Gabriela Herrera se hizo acreedora de un un viaje a La Falda (C\u00f3rdoba) con pensi\u00f3n completa y excursiones para una persona.<\/p>\n\n\n\n<p>La mayor afortunada, Yamila Nahuelcura, se gan\u00f3 una motocicleta de 110cc de cilindradas.<\/p>\n\n\n\n<p><strong>Alejandro Lerner<\/strong><\/p>\n\n\n\n<p>El cantante y compositor argentino, Alejandro Lerner, marc\u00f3 el inicio de la despedida con una emocionante ida y vuelta con el p\u00fablico que lo ovacion\u00f3.<\/p>\n\n\n\n<p>Cant\u00f3 ante las miles de personas canciones memorables por d\u00e9cadas, como \u00abPor un minuto de Amor\u00bb, \u00abAmarte as\u00ed\u00bb, \u00abDespu\u00e9s de ti\u00bb, \u00abTodo a pulm\u00f3n\u00bb y \u00abVolver a empezar\u00bb, entre otros.<\/p>\n\n\n\n<p>Los cl\u00e1sicos despertaron los aplausos y gritos del p\u00fablico que acompa\u00f1aron a Lerner con coros y palmas.<\/p>\n\n\n\n<p>Lerner volvi\u00f3 a Viedma despu\u00e9s de muchos a\u00f1os. Asegur\u00f3 haberla \u00abencontrado hermosa\u00bb y destac\u00f3 la atenci\u00f3n recibida en las varias horas que estuvo en la capital provincia.<\/p>\n\n\n\n<p><strong>Cierre con Los Aut\u00e9nticos Decadentes<\/strong><\/p>\n\n\n\n<p>La diversi\u00f3n, el color y el rock fueron los protagonistas de la noche en la Fiesta Provincial del R\u00edo, con la presentaci\u00f3n en el escenario de Los Aut\u00e9nticos Decadentes.<\/p>\n\n\n\n<p>La banda argentina formada en 1986 y con m\u00e1s de 35 a\u00f1os de trayectoria, y que ha recorrido con su m\u00fasica los escenarios del pa\u00eds y del mundo, hizo saltar y bailar al p\u00fablico para calentar la fr\u00eda noche viedmense.<\/p>\n\n\n\n<p><strong>Pesatti<\/strong><\/p>\n\n\n\n<p>El intendente Pedro Pesatti se mostr\u00f3 muy satisfecho por la respuesta de los vecinos y vecinas a las propuestas realizadas en el marco de la fiesta.<\/p>\n\n\n\n<p>\u00abEstamos muy contentos por el marco de p\u00fablico imponente que nos acompa\u00f1\u00f3 en las tres noches\u00bb, dijo el mandatario.<\/p>\n\n\n\n<p>Destac\u00f3 como \u00abmuy emocionante\u00bb la zamba dedicada a Viedma por destino San Javier en la noche del domingo.<\/p>\n\n\n\n<p>Sobre los tributos remarc\u00f3 \u00abes un esfuerzo muy grande de m\u00fasicos locales que han trabajado en el \u00e1mbito de la subsecretar\u00eda de Cultura de la Municipalidad para honrar el trabajo y la obra de uno de los m\u00e1s grandes m\u00fasicos que la Argentina tiene como Charly Garc\u00eda, y tambi\u00e9n lo han hecho con otros dos grandes artistas como Horacio Guarany y Gilda\u00bb.<\/p>\n\n\n\n<p>\u00abEl cierre fue de alta jerarqu\u00eda por lo que significan estos grandes artistas populares como Alejandro Lerner y Los Aut\u00e9nticos Decadentes\u00bb, finaliz\u00f3.<\/p>\n\n\n\n<figure class=\"wp-block-gallery has-nested-images columns-default is-cropped wp-block-gallery-1 is-layout-flex wp-block-gallery-is-layout-flex\">\n<figure><img decoding=\"async\" data-id=\"17012\" src=\"https:\/\/www.elpolitologoyelpolitico.com.ar\/wp-content\/uploads\/2022\/03\/IMG-20220301-WA0029.jpg\" alt=\"\"\/><\/figure>\n\n\n\n<figure><img decoding=\"async\" data-id=\"17011\" src=\"https:\/\/www.elpolitologoyelpolitico.com.ar\/wp-content\/uploads\/2022\/03\/IMG-20220301-WA0030.jpg\" alt=\"\"\/><\/figure>\n\n\n\n<figure><img decoding=\"async\" data-id=\"17013\" src=\"https:\/\/www.elpolitologoyelpolitico.com.ar\/wp-content\/uploads\/2022\/03\/IMG-20220301-WA0031.jpg\" alt=\"\"\/><\/figure>\n<\/figure>\n\n\n\n<figure class=\"wp-block-gallery has-nested-images columns-default is-cropped wp-block-gallery-2 is-layout-flex wp-block-gallery-is-layout-flex\">\n<figure class=\"wp-block-image size-large\"><img fetchpriority=\"high\" decoding=\"async\" width=\"720\" height=\"480\" data-id=\"17012\" src=\"https:\/\/www.elpolitologoyelpolitico.com.ar\/wp-content\/uploads\/2022\/03\/IMG-20220301-WA0029.jpg\" alt=\"\" class=\"wp-image-17012\" srcset=\"https:\/\/www.elpolitologoyelpolitico.com.ar\/wp-content\/uploads\/2022\/03\/IMG-20220301-WA0029.jpg 720w, https:\/\/www.elpolitologoyelpolitico.com.ar\/wp-content\/uploads\/2022\/03\/IMG-20220301-WA0029-300x200.jpg 300w\" sizes=\"(max-width: 720px) 100vw, 720px\" \/><\/figure>\n\n\n\n<figure class=\"wp-block-image size-large\"><img decoding=\"async\" width=\"720\" height=\"480\" data-id=\"17011\" src=\"https:\/\/www.elpolitologoyelpolitico.com.ar\/wp-content\/uploads\/2022\/03\/IMG-20220301-WA0030.jpg\" alt=\"\" class=\"wp-image-17011\" srcset=\"https:\/\/www.elpolitologoyelpolitico.com.ar\/wp-content\/uploads\/2022\/03\/IMG-20220301-WA0030.jpg 720w, https:\/\/www.elpolitologoyelpolitico.com.ar\/wp-content\/uploads\/2022\/03\/IMG-20220301-WA0030-300x200.jpg 300w\" sizes=\"(max-width: 720px) 100vw, 720px\" \/><\/figure>\n\n\n\n<figure class=\"wp-block-image size-large\"><img decoding=\"async\" width=\"720\" height=\"501\" data-id=\"17013\" src=\"https:\/\/www.elpolitologoyelpolitico.com.ar\/wp-content\/uploads\/2022\/03\/IMG-20220301-WA0031.jpg\" alt=\"\" class=\"wp-image-17013\" srcset=\"https:\/\/www.elpolitologoyelpolitico.com.ar\/wp-content\/uploads\/2022\/03\/IMG-20220301-WA0031.jpg 720w, https:\/\/www.elpolitologoyelpolitico.com.ar\/wp-content\/uploads\/2022\/03\/IMG-20220301-WA0031-300x209.jpg 300w\" sizes=\"(max-width: 720px) 100vw, 720px\" \/><\/figure>\n<\/figure>\n<div class=\"fb-background-color\">\n\t\t\t  <div \n\t\t\t  \tclass = \"fb-comments\" \n\t\t\t  \tdata-href = \"https:\/\/www.elpolitologoyelpolitico.com.ar\/wordpress\/2022\/03\/02\/mas-de-60-mil-personas-vibraron-con-alejandro-lerner-y-los-autenticos-decadentes-en-el-cierre-de-la-fiesta-del-rio\/\"\n\t\t\t  \tdata-numposts = \"10\"\n\t\t\t  \tdata-lazy = \"true\"\n\t\t\t\tdata-colorscheme = \"light\"\n\t\t\t\tdata-order-by = \"social\"\n\t\t\t\tdata-mobile=true>\n\t\t\t  <\/div><\/div>\n\t\t  <style>\n\t\t    .fb-background-color {\n\t\t\t\tbackground: #ffffff !important;\n\t\t\t}\n\t\t\t.fb_iframe_widget_fluid_desktop iframe {\n\t\t\t    width: 100% !important;\n\t\t\t}\n\t\t  <\/style>\n\t\t  ","protected":false},"excerpt":{"rendered":"<p>M\u00e1s de 60 mil personas disfrutaron del cierre de la edici\u00f3n 2022 de la Fiesta Provincial del R\u00edo, con las destacadas presentaciones de Alejandro Lerner y Los Aut\u00e9nticos Decadentes, que hicieron un recorrida de sus extensas trayectorias con sus m\u00e1s reconocidos cl\u00e1sicos. La multitud comenz\u00f3 a concentrarse desde temprano para disfrutar tambi\u00e9n de los artistas [&hellip;]<\/p>\n","protected":false},"author":4,"featured_media":17008,"comment_status":"closed","ping_status":"closed","sticky":false,"template":"","format":"standard","meta":{"_joinchat":[],"footnotes":""},"categories":[39],"tags":[],"class_list":["post-17007","post","type-post","status-publish","format-standard","has-post-thumbnail","hentry","category-en-esta-seccion"],"_links":{"self":[{"href":"https:\/\/www.elpolitologoyelpolitico.com.ar\/wordpress\/wp-json\/wp\/v2\/posts\/17007","targetHints":{"allow":["GET"]}}],"collection":[{"href":"https:\/\/www.elpolitologoyelpolitico.com.ar\/wordpress\/wp-json\/wp\/v2\/posts"}],"about":[{"href":"https:\/\/www.elpolitologoyelpolitico.com.ar\/wordpress\/wp-json\/wp\/v2\/types\/post"}],"author":[{"embeddable":true,"href":"https:\/\/www.elpolitologoyelpolitico.com.ar\/wordpress\/wp-json\/wp\/v2\/users\/4"}],"replies":[{"embeddable":true,"href":"https:\/\/www.elpolitologoyelpolitico.com.ar\/wordpress\/wp-json\/wp\/v2\/comments?post=17007"}],"version-history":[{"count":0,"href":"https:\/\/www.elpolitologoyelpolitico.com.ar\/wordpress\/wp-json\/wp\/v2\/posts\/17007\/revisions"}],"wp:featuredmedia":[{"embeddable":true,"href":"https:\/\/www.elpolitologoyelpolitico.com.ar\/wordpress\/wp-json\/wp\/v2\/media\/17008"}],"wp:attachment":[{"href":"https:\/\/www.elpolitologoyelpolitico.com.ar\/wordpress\/wp-json\/wp\/v2\/media?parent=17007"}],"wp:term":[{"taxonomy":"category","embeddable":true,"href":"https:\/\/www.elpolitologoyelpolitico.com.ar\/wordpress\/wp-json\/wp\/v2\/categories?post=17007"},{"taxonomy":"post_tag","embeddable":true,"href":"https:\/\/www.elpolitologoyelpolitico.com.ar\/wordpress\/wp-json\/wp\/v2\/tags?post=17007"}],"curies":[{"name":"wp","href":"https:\/\/api.w.org\/{rel}","templated":true}]}}