{"id":16999,"date":"2022-03-01T23:29:50","date_gmt":"2022-03-01T23:29:50","guid":{"rendered":"https:\/\/www.elpolitologoyelpolitico.com.ar\/wordpress\/?p=16999"},"modified":"2022-03-01T23:35:42","modified_gmt":"2022-03-01T23:35:42","slug":"inicio-de-sesiones-carreras-invito-a-proyectar-el-futuro-y-realizo-cinco-importantes-anuncios","status":"publish","type":"post","link":"https:\/\/www.elpolitologoyelpolitico.com.ar\/wordpress\/2022\/03\/01\/inicio-de-sesiones-carreras-invito-a-proyectar-el-futuro-y-realizo-cinco-importantes-anuncios\/","title":{"rendered":"Inicio de sesiones: Carreras invit\u00f3 a \u201cproyectar el futuro\u201d y realiz\u00f3 cinco importantes anuncios"},"content":{"rendered":"\t\t<div data-elementor-type=\"wp-post\" data-elementor-id=\"16999\" class=\"elementor elementor-16999\">\n\t\t\t\t\t\t<section class=\"elementor-section elementor-top-section elementor-element elementor-element-2897d129 elementor-section-boxed elementor-section-height-default elementor-section-height-default\" data-id=\"2897d129\" data-element_type=\"section\" data-e-type=\"section\">\n\t\t\t\t\t\t<div class=\"elementor-container elementor-column-gap-default\">\n\t\t\t\t\t<div class=\"elementor-column elementor-col-100 elementor-top-column elementor-element elementor-element-6a9c1cd9\" data-id=\"6a9c1cd9\" data-element_type=\"column\" data-e-type=\"column\">\n\t\t\t<div class=\"elementor-widget-wrap elementor-element-populated\">\n\t\t\t\t\t\t<div class=\"elementor-element elementor-element-6429caf elementor-widget elementor-widget-text-editor\" data-id=\"6429caf\" data-element_type=\"widget\" data-e-type=\"widget\" data-widget_type=\"text-editor.default\">\n\t\t\t\t<div class=\"elementor-widget-container\">\n\t\t\t\t\t\t\t\t\t\n<p><\/p>\n\n\n\n<p>La Gobernadora, Arabela Carreras, abri\u00f3 el 51\u00b0 periodo de sesiones ordinarias de la Legislatura de R\u00edo Negro, con un mensaje que invit\u00f3 a \u201cproyectar el futuro\u201d de la provincia. Inmediatamente, realiz\u00f3 cinco anuncios vinculados a la producci\u00f3n de Hidr\u00f3geno Verde, la regularizaci\u00f3n de tierras fiscales, la construcci\u00f3n del Hospital Materno Infantil en General Roca y el trabajo con las infancias.<\/p>\n\n\n\n<p>\u201cR\u00edo Negro hoy es presente y es futuro. Es crecimiento. Es oportunidad. Es trabajo, de la mano del desarrollo productivo, vinculado al conocimiento cient\u00edfico-tecnol\u00f3gico\u201d, resalt\u00f3 Carreras en el inicio de su discurso, acompa\u00f1ada por el Vicegobernador, Alejandro Palmieri.<\/p>\n\n\n\n<p>Destac\u00f3 que \u201cestamos siendo protagonistas de un momento bisagra, propiciando una fuerte transformaci\u00f3n de la matriz productiva, con expectativa de generaci\u00f3n de nuevos empleos, con inversiones, con ampliaci\u00f3n de la matriz educativa y con obras de infraestructura de gran envergadura\u201d.<\/p>\n\n\n\n<p><strong>Anuncios<\/strong><\/p>\n\n\n\n<p>En el inicio de su discurso, la Gobernadora realiz\u00f3 cinco grandes anuncios vinculados a la producci\u00f3n de Hidr\u00f3geno Verde, la regularizaci\u00f3n de tierras y el trabajo con las infancias.<\/p>\n\n\n\n<p><strong>Marco legal para el Hidr\u00f3geno Verde<\/strong><\/p>\n\n\n\n<p>En primer lugar, Carreras confirm\u00f3 el env\u00edo a la Legislatura del proyecto de Ley que regula el llamado a licitaci\u00f3n para la generaci\u00f3n Hidr\u00f3geno Verde, a gran escala.<\/p>\n\n\n\n<p>\u201cLas acciones para mitigar los efectos del cambio clim\u00e1tico son un eje estructurador de nuestro plan de gobierno. Buscamos proyectos que, adem\u00e1s de permitirnos desarrollar econ\u00f3micamente la provincia, tengan un impacto global beneficioso en materia ambiental\u201d, dijo.<\/p>\n\n\n\n<p>Asegur\u00f3 que la transici\u00f3n energ\u00e9tica se ir\u00e1 desarrollando de manera paulatina, pero constante en los pr\u00f3ximos a\u00f1os. \u201cEste es un paso fundamental y prioritario que R\u00edo Negro est\u00e1 encarando hacia la construcci\u00f3n de un mundo m\u00e1s sustentable\u201d.<\/p>\n\n\n\n<p>Explic\u00f3 que por tratarse de un proyecto de enorme envergadura y de largo plazo, es adecuado que sea la Legislatura de R\u00edo Negro la que defina los par\u00e1metros legales para la licitaci\u00f3n. \u201cEstaremos brindando transparencia absoluta y un marco legal innovador adecuado para los desarrollos propuestos\u201d, dijo.<\/p>\n\n\n\n<p><strong>Programa Trabajo+Futuro<\/strong><\/p>\n\n\n\n<p>En segundo lugar, anunci\u00f3 la puesta en marcha del programa Trabajo + Futuro, orientado en la generaci\u00f3n de saberes y habilidades acordes con los perfiles laborales requeridos por el sector privado.<\/p>\n\n\n\n<p>Explic\u00f3 que a ra\u00edz del proyecto de producci\u00f3n de Hidr\u00f3geno Verde ya confirmado, se estima un gran impacto con la generaci\u00f3n de unos 55.000 nuevos puestos de trabajo, entre directos e indirectos.<\/p>\n\n\n\n<p>\u201cLa gran tarea que se impone es lograr que los habitantes de este suelo rionegrino tengan las m\u00e1ximas oportunidades de acceder a esos puestos de trabajo, contando con la formaci\u00f3n y capacitaci\u00f3n adecuadas\u201d, se\u00f1al\u00f3. El plan se ejecutar\u00e1 con al apoyo econ\u00f3mico de la Naci\u00f3n y en coordinaci\u00f3n con la UOCRA.<\/p>\n\n\n\n<p>El programa tendr\u00e1 diferentes etapas. La primera estar\u00e1 centrada en Viedma, San Antonio Oeste, Los Menucos y Sierra Grande.<\/p>\n\n\n\n<p><strong>Regularizaci\u00f3n de la propiedad de tierras fiscales<\/strong><\/p>\n\n\n\n<p>En tercer lugar, la Mandataria ratific\u00f3 la presentaci\u00f3n en Legislatura del proyecto para instrumentar la entrega de t\u00edtulos de propiedad de las tierras fiscales provinciales a aquellos habitantes que hace m\u00e1s de 20 a\u00f1os est\u00e1n viviendo en alg\u00fan predio fiscal, de manera pac\u00edfica.<\/p>\n\n\n\n<p>\u201cEs momento de garantizar los derechos de los pobladores generando mecanismos accesibles para permitir la correcta titularizaci\u00f3n, garantizando la protecci\u00f3n efectiva de sus derechos de propiedad y posesi\u00f3n\u201d, dijo y agreg\u00f3 que el acceso a la tierra de todas las familias rionegrinas \u201ces una prioridad para nuestro gobierno\u201d.<\/p>\n\n\n\n<p>Anunci\u00f3 que las comunidades originarias ser\u00e1n parte de esta pol\u00edtica de tierras. Por eso, se crear\u00e1 la Direcci\u00f3n de Pueblos Originarios en el \u00e1mbito del Ministerio de Gobierno y Comunidad, que se encargar\u00e1 de avanzar en las tramitaciones.<\/p>\n\n\n\n<p>\u201cEsperamos que este proceso de titularizaci\u00f3n contribuya a clarificar los derechos de posesi\u00f3n de la tierra, pacificando y resolviendo los conflictos hist\u00f3ricos y ofreciendo un camino legal para la posesi\u00f3n de las parcelas\u201d, sentenci\u00f3.<\/p>\n\n\n\n<p><strong>Nuevo Hospital Materno Infantil en Roca<\/strong><\/p>\n\n\n\n<p>En cuarto lugar, la Gobernadora anunci\u00f3 la creaci\u00f3n del Hospital Materno Infantil, que estar\u00e1 ubicado en General Roca. \u201cSer\u00e1 el primer hospital pedi\u00e1trico de la Patagonia y el m\u00e1s austral del pa\u00eds\u201d, dijo.<\/p>\n\n\n\n<p>Se\u00f1al\u00f3 que actualmente el hospital L\u00f3pez Lima de esa ciudad cuenta con el polo de atenci\u00f3n pedi\u00e1trica m\u00e1s grande de la provincia, con un total de 56 camas, 32 m\u00e9dicos pediatras (21 son sub especialistas) quienes realizan m\u00e1s de 15.000 consultas anuales. Adem\u00e1s, ya est\u00e1n construidas las \u00e1reas de Tocoginecolog\u00eda, quir\u00f3fanos, banco de leche, Neonatolog\u00eda y Sala de Madres de Neonatolog\u00eda.<\/p>\n\n\n\n<p>\u201cLa poblaci\u00f3n menor de 14 a\u00f1os, representa el 41 % de la poblaci\u00f3n rionegrina. El 50 % de esos ni\u00f1os y ni\u00f1as no tiene cobertura social. Por distribuci\u00f3n geogr\u00e1fica, el 75% de ellos se encuentra en el \u00e1rea de influencia del hospital de Roca\u201d, explic\u00f3 Carreras.<\/p>\n\n\n\n<p>Dijo que \u201cla evoluci\u00f3n de los cuidados neonatales, as\u00ed como la aparici\u00f3n de una unidad de cuidados intensivos pedi\u00e1tricos en el sistema p\u00fablico, implica mayor sobrevida de ni\u00f1os que antes fallec\u00edan\u201d, por eso \u201cdebemos comenzar a desarrollar las \u00e1reas de Cirug\u00edas de Alta Complejidad, as\u00ed como de Neurocirug\u00eda programadas, ya que contamos con el recurso humano y la mayor\u00eda de los insumos necesarios para ello\u201d.<\/p>\n\n\n\n<p><strong>El A\u00f1o Cultural de las Infancias y las Juventudes<\/strong><\/p>\n\n\n\n<p>Finalmente, en quinto lugar, la Gobernadora destac\u00f3 que 2022 ser\u00e1 el A\u00f1o Cultural de las Infancias y las Juventudes.<\/p>\n\n\n\n<p>Esto implica que \u201cpondremos especialmente el foco en la realizaci\u00f3n de actividades culturales destinadas a las ni\u00f1as, ni\u00f1os y adolescentes de nuestra provincia\u201d, con diferentes programas transversales articulados desde la Secretar\u00eda de Estado de Cultura, la SENAF, los Ministerios de Educaci\u00f3n, Salud y Desarrollo Humano y el IUPA.<\/p>\n\n\n\n<p>\u201cEste a\u00f1o nos proponemos vivir, transitar y compartir el A\u00f1o Cultural de las Infancias y las Juventudes, para fortalecer la identidad cultural rionegrina y patag\u00f3nica, la integraci\u00f3n provincial y el derecho a la cultura, a trav\u00e9s de los actores clave del campo cultural y las instituciones correspondientes\u201d, finaliz\u00f3.<\/p>\n\n\n\n<figure class=\"wp-block-gallery has-nested-images columns-1 is-cropped wp-block-gallery-2 is-layout-flex wp-block-gallery-is-layout-flex\">\n<figure class=\"wp-block-image size-large\"><img fetchpriority=\"high\" decoding=\"async\" width=\"1024\" height=\"683\" data-id=\"17002\" src=\"https:\/\/www.elpolitologoyelpolitico.com.ar\/wp-content\/uploads\/2022\/03\/IMG-20220301-WA0026-1024x683.jpg\" alt=\"\" class=\"wp-image-17002\" srcset=\"https:\/\/www.elpolitologoyelpolitico.com.ar\/wp-content\/uploads\/2022\/03\/IMG-20220301-WA0026-1024x683.jpg 1024w, https:\/\/www.elpolitologoyelpolitico.com.ar\/wp-content\/uploads\/2022\/03\/IMG-20220301-WA0026-300x200.jpg 300w, https:\/\/www.elpolitologoyelpolitico.com.ar\/wp-content\/uploads\/2022\/03\/IMG-20220301-WA0026-768x512.jpg 768w, https:\/\/www.elpolitologoyelpolitico.com.ar\/wp-content\/uploads\/2022\/03\/IMG-20220301-WA0026-1536x1024.jpg 1536w, https:\/\/www.elpolitologoyelpolitico.com.ar\/wp-content\/uploads\/2022\/03\/IMG-20220301-WA0026.jpg 1599w\" sizes=\"(max-width: 1024px) 100vw, 1024px\" \/><\/figure>\n\n\n\n<figure class=\"wp-block-image size-large\"><img decoding=\"async\" width=\"1024\" height=\"682\" data-id=\"17001\" src=\"https:\/\/www.elpolitologoyelpolitico.com.ar\/wp-content\/uploads\/2022\/03\/IMG-20220301-WA0027.jpg\" alt=\"\" class=\"wp-image-17001\" srcset=\"https:\/\/www.elpolitologoyelpolitico.com.ar\/wp-content\/uploads\/2022\/03\/IMG-20220301-WA0027.jpg 1024w, https:\/\/www.elpolitologoyelpolitico.com.ar\/wp-content\/uploads\/2022\/03\/IMG-20220301-WA0027-300x200.jpg 300w, https:\/\/www.elpolitologoyelpolitico.com.ar\/wp-content\/uploads\/2022\/03\/IMG-20220301-WA0027-768x512.jpg 768w\" sizes=\"(max-width: 1024px) 100vw, 1024px\" \/><\/figure>\n<\/figure>\n\t\t\t\t\t\t\t\t<\/div>\n\t\t\t\t<\/div>\n\t\t\t\t\t<\/div>\n\t\t<\/div>\n\t\t\t\t\t<\/div>\n\t\t<\/section>\n\t\t\t\t<\/div>\n\t\t<div class=\"fb-background-color\">\n\t\t\t  <div \n\t\t\t  \tclass = \"fb-comments\" \n\t\t\t  \tdata-href = \"https:\/\/www.elpolitologoyelpolitico.com.ar\/wordpress\/2022\/03\/01\/inicio-de-sesiones-carreras-invito-a-proyectar-el-futuro-y-realizo-cinco-importantes-anuncios\/\"\n\t\t\t  \tdata-numposts = \"10\"\n\t\t\t  \tdata-lazy = \"true\"\n\t\t\t\tdata-colorscheme = \"light\"\n\t\t\t\tdata-order-by = \"social\"\n\t\t\t\tdata-mobile=true>\n\t\t\t  <\/div><\/div>\n\t\t  <style>\n\t\t    .fb-background-color {\n\t\t\t\tbackground: #ffffff !important;\n\t\t\t}\n\t\t\t.fb_iframe_widget_fluid_desktop iframe {\n\t\t\t    width: 100% !important;\n\t\t\t}\n\t\t  <\/style>\n\t\t  ","protected":false},"excerpt":{"rendered":"<p>La Gobernadora, Arabela Carreras, abri\u00f3 el 51\u00b0 periodo de sesiones ordinarias de la Legislatura de R\u00edo Negro, con un mensaje que invit\u00f3 a \u201cproyectar el futuro\u201d de la provincia. Inmediatamente, realiz\u00f3 cinco anuncios vinculados a la producci\u00f3n de Hidr\u00f3geno Verde, la regularizaci\u00f3n de tierras fiscales, la construcci\u00f3n del Hospital Materno Infantil en General Roca y [&hellip;]<\/p>\n","protected":false},"author":4,"featured_media":17000,"comment_status":"closed","ping_status":"closed","sticky":false,"template":"","format":"standard","meta":{"_joinchat":[],"footnotes":""},"categories":[39],"tags":[],"class_list":["post-16999","post","type-post","status-publish","format-standard","has-post-thumbnail","hentry","category-en-esta-seccion"],"_links":{"self":[{"href":"https:\/\/www.elpolitologoyelpolitico.com.ar\/wordpress\/wp-json\/wp\/v2\/posts\/16999","targetHints":{"allow":["GET"]}}],"collection":[{"href":"https:\/\/www.elpolitologoyelpolitico.com.ar\/wordpress\/wp-json\/wp\/v2\/posts"}],"about":[{"href":"https:\/\/www.elpolitologoyelpolitico.com.ar\/wordpress\/wp-json\/wp\/v2\/types\/post"}],"author":[{"embeddable":true,"href":"https:\/\/www.elpolitologoyelpolitico.com.ar\/wordpress\/wp-json\/wp\/v2\/users\/4"}],"replies":[{"embeddable":true,"href":"https:\/\/www.elpolitologoyelpolitico.com.ar\/wordpress\/wp-json\/wp\/v2\/comments?post=16999"}],"version-history":[{"count":0,"href":"https:\/\/www.elpolitologoyelpolitico.com.ar\/wordpress\/wp-json\/wp\/v2\/posts\/16999\/revisions"}],"wp:featuredmedia":[{"embeddable":true,"href":"https:\/\/www.elpolitologoyelpolitico.com.ar\/wordpress\/wp-json\/wp\/v2\/media\/17000"}],"wp:attachment":[{"href":"https:\/\/www.elpolitologoyelpolitico.com.ar\/wordpress\/wp-json\/wp\/v2\/media?parent=16999"}],"wp:term":[{"taxonomy":"category","embeddable":true,"href":"https:\/\/www.elpolitologoyelpolitico.com.ar\/wordpress\/wp-json\/wp\/v2\/categories?post=16999"},{"taxonomy":"post_tag","embeddable":true,"href":"https:\/\/www.elpolitologoyelpolitico.com.ar\/wordpress\/wp-json\/wp\/v2\/tags?post=16999"}],"curies":[{"name":"wp","href":"https:\/\/api.w.org\/{rel}","templated":true}]}}