{"id":16991,"date":"2022-03-01T21:37:33","date_gmt":"2022-03-01T21:37:33","guid":{"rendered":"https:\/\/www.elpolitologoyelpolitico.com.ar\/wordpress\/?p=16991"},"modified":"2022-03-01T21:44:05","modified_gmt":"2022-03-01T21:44:05","slug":"rio-negro-epico-concluye-el-verano-mas-exitoso-de-los-ultimos-10-anos","status":"publish","type":"post","link":"https:\/\/www.elpolitologoyelpolitico.com.ar\/wordpress\/2022\/03\/01\/rio-negro-epico-concluye-el-verano-mas-exitoso-de-los-ultimos-10-anos\/","title":{"rendered":"R\u00edo Negro \u00c9pico: concluye el verano m\u00e1s exitoso de los \u00faltimos 10 a\u00f1os"},"content":{"rendered":"\t\t<div data-elementor-type=\"wp-post\" data-elementor-id=\"16991\" class=\"elementor elementor-16991\">\n\t\t\t\t\t\t<section class=\"elementor-section elementor-top-section elementor-element elementor-element-15636a3c elementor-section-boxed elementor-section-height-default elementor-section-height-default\" data-id=\"15636a3c\" data-element_type=\"section\" data-e-type=\"section\">\n\t\t\t\t\t\t<div class=\"elementor-container elementor-column-gap-default\">\n\t\t\t\t\t<div class=\"elementor-column elementor-col-100 elementor-top-column elementor-element elementor-element-39214647\" data-id=\"39214647\" data-element_type=\"column\" data-e-type=\"column\">\n\t\t\t<div class=\"elementor-widget-wrap elementor-element-populated\">\n\t\t\t\t\t\t<div class=\"elementor-element elementor-element-62e0da93 elementor-widget elementor-widget-text-editor\" data-id=\"62e0da93\" data-element_type=\"widget\" data-e-type=\"widget\" data-widget_type=\"text-editor.default\">\n\t\t\t\t<div class=\"elementor-widget-container\">\n\t\t\t\t\t\t\t\t\t\n<p><\/p>\n\n\n\n<p>Con variadas propuestas y fiestas populares para turistas y residentes, la Provincia vivi\u00f3 un fin de semana extra largo con niveles de ocupaci\u00f3n altos. As\u00ed concluye una temporada con r\u00e9cord hist\u00f3rico de visitantes que mantienen a R\u00edo Negro en la cima de los destinos m\u00e1s elegidos del pa\u00eds.<\/p>\n\n\n\n<p>Con motivo del fin de semana largo de carnaval, los centros tur\u00edsticos rionegrinos estuvieron con ocupaci\u00f3n plena. La Cordillera por su parte con San Carlos de Bariloche, el Bols\u00f3n y Dina Huapi como los destinos favoritos por los amantes de la monta\u00f1a treparon al 90%, mientras que la costa sostuvo cifras superiores al 97% entre Las Grutas, Viedma y Playas Doradas.<\/p>\n\n\n\n<p><strong>Temporada \u00e9pica en cada regi\u00f3n<\/strong><\/p>\n\n\n\n<p>Seg\u00fan datos suministrados por Observatorio Tur\u00edstico de R\u00edo Negro, en el marco de la temporada de verano, 928,657 personas eligieron vacacionar en la provincia durante parte de diciembre, enero y febrero en los destinos de la provincia, que la ubic\u00f3 entre las m\u00e1s solicitadas a nivel nacional.<\/p>\n\n\n\n<p>Esta cifra r\u00e9cord gener\u00f3 un impacto econ\u00f3mico total de $23,500 millones marcando un verdadero hito en los \u00faltimos 10 a\u00f1os en materia tur\u00edstica.<\/p>\n\n\n\n<p>Las cifras surgidas de estos dos primeros meses del a\u00f1o marcan una gran recuperaci\u00f3n del sector que ven\u00eda de ser afectado por la pandemia del COVID-19 y generan grandes expectativas de cara al mes de marzo y los fines de semana largos venideros para los cuales ya hay altos niveles de reservas hoteleras.<\/p>\n\n\n\n<p><strong>Verano \u00e9pico en la costa<\/strong><\/p>\n\n\n\n<p>Con una amplia oferta recreativa que acompa\u00f1a a los atractivos naturales de Las Grutas, los encantos de Playas Doradas y las importantes costas de Viedma, 449,405 pasajeros optaron por programar sus vacaciones en la costa r\u00edonegrina.<\/p>\n\n\n\n<p>Adem\u00e1s de estas playas, que se caracterizan por sus grandes extensiones y variedad de propuestas, los peque\u00f1os y tranquilos rincones encantadores del Camino de la Costa y el Golfo San Mat\u00edas tambi\u00e9n recibieron visitantes de todo el pa\u00eds.<\/p>\n\n\n\n<p><strong>La monta\u00f1a todo el a\u00f1o<\/strong><\/p>\n\n\n\n<p>Aunque son las grandes estrellas del invierno, en verano Bariloche, El Bols\u00f3n y Dina Huapi tambi\u00e9n guardan su encanto. Es por eso que 479,252 turistas eligieron estos imponentes destinos para vacacionar en el comienzo del 2022.<\/p>\n\n\n\n<p>Con una amplia oferta de turismo aventura y actividades en contacto con la naturaleza, los destinos cordilleranos vivieron una temporada plena con n\u00fameros que se estima se extender\u00e1n debido a las altas reservas generadas a trav\u00e9s del programa nacional PreViaje 2, que tuvo a Bariloche como el destino m\u00e1s elegido a nivel nacional.<\/p>\n\n\n\n<figure class=\"wp-block-gallery has-nested-images columns-default is-cropped wp-block-gallery-2 is-layout-flex wp-block-gallery-is-layout-flex\">\n<figure class=\"wp-block-image size-large\"><img fetchpriority=\"high\" decoding=\"async\" width=\"1024\" height=\"683\" data-id=\"16994\" src=\"https:\/\/www.elpolitologoyelpolitico.com.ar\/wp-content\/uploads\/2022\/03\/IMG-20220228-WA0060-1024x683.jpg\" alt=\"\" class=\"wp-image-16994\" srcset=\"https:\/\/www.elpolitologoyelpolitico.com.ar\/wp-content\/uploads\/2022\/03\/IMG-20220228-WA0060-1024x683.jpg 1024w, https:\/\/www.elpolitologoyelpolitico.com.ar\/wp-content\/uploads\/2022\/03\/IMG-20220228-WA0060-300x200.jpg 300w, https:\/\/www.elpolitologoyelpolitico.com.ar\/wp-content\/uploads\/2022\/03\/IMG-20220228-WA0060-768x512.jpg 768w, https:\/\/www.elpolitologoyelpolitico.com.ar\/wp-content\/uploads\/2022\/03\/IMG-20220228-WA0060-1536x1024.jpg 1536w, https:\/\/www.elpolitologoyelpolitico.com.ar\/wp-content\/uploads\/2022\/03\/IMG-20220228-WA0060.jpg 1599w\" sizes=\"(max-width: 1024px) 100vw, 1024px\" \/><\/figure>\n\n\n\n<figure class=\"wp-block-image size-large\"><img decoding=\"async\" width=\"750\" height=\"422\" data-id=\"16993\" src=\"https:\/\/www.elpolitologoyelpolitico.com.ar\/wp-content\/uploads\/2022\/03\/IMG-20220228-WA0061.jpg\" alt=\"\" class=\"wp-image-16993\" srcset=\"https:\/\/www.elpolitologoyelpolitico.com.ar\/wp-content\/uploads\/2022\/03\/IMG-20220228-WA0061.jpg 750w, https:\/\/www.elpolitologoyelpolitico.com.ar\/wp-content\/uploads\/2022\/03\/IMG-20220228-WA0061-300x169.jpg 300w\" sizes=\"(max-width: 750px) 100vw, 750px\" \/><\/figure>\n<\/figure>\n\t\t\t\t\t\t\t\t<\/div>\n\t\t\t\t<\/div>\n\t\t\t\t\t<\/div>\n\t\t<\/div>\n\t\t\t\t\t<\/div>\n\t\t<\/section>\n\t\t\t\t<\/div>\n\t\t<div class=\"fb-background-color\">\n\t\t\t  <div \n\t\t\t  \tclass = \"fb-comments\" \n\t\t\t  \tdata-href = \"https:\/\/www.elpolitologoyelpolitico.com.ar\/wordpress\/2022\/03\/01\/rio-negro-epico-concluye-el-verano-mas-exitoso-de-los-ultimos-10-anos\/\"\n\t\t\t  \tdata-numposts = \"10\"\n\t\t\t  \tdata-lazy = \"true\"\n\t\t\t\tdata-colorscheme = \"light\"\n\t\t\t\tdata-order-by = \"social\"\n\t\t\t\tdata-mobile=true>\n\t\t\t  <\/div><\/div>\n\t\t  <style>\n\t\t    .fb-background-color {\n\t\t\t\tbackground: #ffffff !important;\n\t\t\t}\n\t\t\t.fb_iframe_widget_fluid_desktop iframe {\n\t\t\t    width: 100% !important;\n\t\t\t}\n\t\t  <\/style>\n\t\t  ","protected":false},"excerpt":{"rendered":"<p>Con variadas propuestas y fiestas populares para turistas y residentes, la Provincia vivi\u00f3 un fin de semana extra largo con niveles de ocupaci\u00f3n altos. As\u00ed concluye una temporada con r\u00e9cord hist\u00f3rico de visitantes que mantienen a R\u00edo Negro en la cima de los destinos m\u00e1s elegidos del pa\u00eds. Con motivo del fin de semana largo [&hellip;]<\/p>\n","protected":false},"author":4,"featured_media":16992,"comment_status":"closed","ping_status":"closed","sticky":false,"template":"","format":"standard","meta":{"_joinchat":[],"footnotes":""},"categories":[4],"tags":[],"class_list":["post-16991","post","type-post","status-publish","format-standard","has-post-thumbnail","hentry","category-politicas-publicas"],"_links":{"self":[{"href":"https:\/\/www.elpolitologoyelpolitico.com.ar\/wordpress\/wp-json\/wp\/v2\/posts\/16991","targetHints":{"allow":["GET"]}}],"collection":[{"href":"https:\/\/www.elpolitologoyelpolitico.com.ar\/wordpress\/wp-json\/wp\/v2\/posts"}],"about":[{"href":"https:\/\/www.elpolitologoyelpolitico.com.ar\/wordpress\/wp-json\/wp\/v2\/types\/post"}],"author":[{"embeddable":true,"href":"https:\/\/www.elpolitologoyelpolitico.com.ar\/wordpress\/wp-json\/wp\/v2\/users\/4"}],"replies":[{"embeddable":true,"href":"https:\/\/www.elpolitologoyelpolitico.com.ar\/wordpress\/wp-json\/wp\/v2\/comments?post=16991"}],"version-history":[{"count":0,"href":"https:\/\/www.elpolitologoyelpolitico.com.ar\/wordpress\/wp-json\/wp\/v2\/posts\/16991\/revisions"}],"wp:featuredmedia":[{"embeddable":true,"href":"https:\/\/www.elpolitologoyelpolitico.com.ar\/wordpress\/wp-json\/wp\/v2\/media\/16992"}],"wp:attachment":[{"href":"https:\/\/www.elpolitologoyelpolitico.com.ar\/wordpress\/wp-json\/wp\/v2\/media?parent=16991"}],"wp:term":[{"taxonomy":"category","embeddable":true,"href":"https:\/\/www.elpolitologoyelpolitico.com.ar\/wordpress\/wp-json\/wp\/v2\/categories?post=16991"},{"taxonomy":"post_tag","embeddable":true,"href":"https:\/\/www.elpolitologoyelpolitico.com.ar\/wordpress\/wp-json\/wp\/v2\/tags?post=16991"}],"curies":[{"name":"wp","href":"https:\/\/api.w.org\/{rel}","templated":true}]}}