{"id":16984,"date":"2022-03-01T20:45:56","date_gmt":"2022-03-01T20:45:56","guid":{"rendered":"https:\/\/www.elpolitologoyelpolitico.com.ar\/wordpress\/?p=16984"},"modified":"2022-03-01T20:46:31","modified_gmt":"2022-03-01T20:46:31","slug":"patagones-a-partir-del-2-de-marzo-se-retomaran-las-castraciones-en-el-sum-del-barrio-eva-peron","status":"publish","type":"post","link":"https:\/\/www.elpolitologoyelpolitico.com.ar\/wordpress\/2022\/03\/01\/patagones-a-partir-del-2-de-marzo-se-retomaran-las-castraciones-en-el-sum-del-barrio-eva-peron\/","title":{"rendered":"PATAGONES: A partir del 2 de marzo se retomaran las castraciones en el SUM del Barrio Eva Per\u00f3n"},"content":{"rendered":"\t\t<div data-elementor-type=\"wp-post\" data-elementor-id=\"16984\" class=\"elementor elementor-16984\">\n\t\t\t\t\t\t<section class=\"elementor-section elementor-top-section elementor-element elementor-element-a767f92 elementor-section-boxed elementor-section-height-default elementor-section-height-default\" data-id=\"a767f92\" data-element_type=\"section\" data-e-type=\"section\">\n\t\t\t\t\t\t<div class=\"elementor-container elementor-column-gap-default\">\n\t\t\t\t\t<div class=\"elementor-column elementor-col-100 elementor-top-column elementor-element elementor-element-666a3d5f\" data-id=\"666a3d5f\" data-element_type=\"column\" data-e-type=\"column\">\n\t\t\t<div class=\"elementor-widget-wrap elementor-element-populated\">\n\t\t\t\t\t\t<div class=\"elementor-element elementor-element-149944f2 elementor-widget elementor-widget-text-editor\" data-id=\"149944f2\" data-element_type=\"widget\" data-e-type=\"widget\" data-widget_type=\"text-editor.default\">\n\t\t\t\t<div class=\"elementor-widget-container\">\n\t\t\t\t\t\t\t\t\t\n<p><strong>\u00a0<\/strong><\/p>\n\n\n\n<p>Desde&nbsp; la asociaci\u00f3n APDA de Patagones se contin\u00faa trabajando para la comunidad.<\/p>\n\n\n\n<p>Durante el mes de enero se intensifico el trabajo de castraciones ante el incremento del n\u00famero de canes en celo.<\/p>\n\n\n\n<p>Asimismo a partir del 2 de marzo se retomaran las castraciones en el sum de Barrio Eva Per\u00f3n (268 viv) con turno previo, los d\u00edas martes y mi\u00e9rcoles a partir de las 14:00hs. Se le dar\u00e1 prioridad a las familias con bajos recursos.<\/p>\n\n\n\n<p>Los tel\u00e9fonos de contacto son: v\u00eda whatsapp 2920-346366 o llamadas al: 2920520608<\/p>\n\n\n\n<p>\u201cCada vez es m\u00e1s la superpoblaci\u00f3n canina- felina y solo nosotras estamos esterilizando, queremos presentar esta emergencia sanitaria ante el Intendente de Patagones\u201d se\u00f1al\u00f3 Carla Evangelisti, integrante de APDA.<\/p>\n\n\n\n<figure class=\"wp-block-image size-full\"><img fetchpriority=\"high\" decoding=\"async\" width=\"720\" height=\"715\" src=\"https:\/\/www.elpolitologoyelpolitico.com.ar\/wp-content\/uploads\/2022\/03\/IMG-20220228-WA0058.jpg\" alt=\"\" class=\"wp-image-16986\" srcset=\"https:\/\/www.elpolitologoyelpolitico.com.ar\/wp-content\/uploads\/2022\/03\/IMG-20220228-WA0058.jpg 720w, https:\/\/www.elpolitologoyelpolitico.com.ar\/wp-content\/uploads\/2022\/03\/IMG-20220228-WA0058-300x298.jpg 300w, https:\/\/www.elpolitologoyelpolitico.com.ar\/wp-content\/uploads\/2022\/03\/IMG-20220228-WA0058-150x150.jpg 150w\" sizes=\"(max-width: 720px) 100vw, 720px\" \/><\/figure>\n\t\t\t\t\t\t\t\t<\/div>\n\t\t\t\t<\/div>\n\t\t\t\t\t<\/div>\n\t\t<\/div>\n\t\t\t\t\t<\/div>\n\t\t<\/section>\n\t\t\t\t<\/div>\n\t\t<div class=\"fb-background-color\">\n\t\t\t  <div \n\t\t\t  \tclass = \"fb-comments\" \n\t\t\t  \tdata-href = \"https:\/\/www.elpolitologoyelpolitico.com.ar\/wordpress\/2022\/03\/01\/patagones-a-partir-del-2-de-marzo-se-retomaran-las-castraciones-en-el-sum-del-barrio-eva-peron\/\"\n\t\t\t  \tdata-numposts = \"10\"\n\t\t\t  \tdata-lazy = \"true\"\n\t\t\t\tdata-colorscheme = \"light\"\n\t\t\t\tdata-order-by = \"social\"\n\t\t\t\tdata-mobile=true>\n\t\t\t  <\/div><\/div>\n\t\t  <style>\n\t\t    .fb-background-color {\n\t\t\t\tbackground: #ffffff !important;\n\t\t\t}\n\t\t\t.fb_iframe_widget_fluid_desktop iframe {\n\t\t\t    width: 100% !important;\n\t\t\t}\n\t\t  <\/style>\n\t\t  ","protected":false},"excerpt":{"rendered":"<p>\u00a0 Desde&nbsp; la asociaci\u00f3n APDA de Patagones se contin\u00faa trabajando para la comunidad. Durante el mes de enero se intensifico el trabajo de castraciones ante el incremento del n\u00famero de canes en celo. Asimismo a partir del 2 de marzo se retomaran las castraciones en el sum de Barrio Eva Per\u00f3n (268 viv) con turno [&hellip;]<\/p>\n","protected":false},"author":4,"featured_media":16985,"comment_status":"closed","ping_status":"closed","sticky":false,"template":"","format":"standard","meta":{"_joinchat":[],"footnotes":""},"categories":[39],"tags":[],"class_list":["post-16984","post","type-post","status-publish","format-standard","has-post-thumbnail","hentry","category-en-esta-seccion"],"_links":{"self":[{"href":"https:\/\/www.elpolitologoyelpolitico.com.ar\/wordpress\/wp-json\/wp\/v2\/posts\/16984","targetHints":{"allow":["GET"]}}],"collection":[{"href":"https:\/\/www.elpolitologoyelpolitico.com.ar\/wordpress\/wp-json\/wp\/v2\/posts"}],"about":[{"href":"https:\/\/www.elpolitologoyelpolitico.com.ar\/wordpress\/wp-json\/wp\/v2\/types\/post"}],"author":[{"embeddable":true,"href":"https:\/\/www.elpolitologoyelpolitico.com.ar\/wordpress\/wp-json\/wp\/v2\/users\/4"}],"replies":[{"embeddable":true,"href":"https:\/\/www.elpolitologoyelpolitico.com.ar\/wordpress\/wp-json\/wp\/v2\/comments?post=16984"}],"version-history":[{"count":0,"href":"https:\/\/www.elpolitologoyelpolitico.com.ar\/wordpress\/wp-json\/wp\/v2\/posts\/16984\/revisions"}],"wp:featuredmedia":[{"embeddable":true,"href":"https:\/\/www.elpolitologoyelpolitico.com.ar\/wordpress\/wp-json\/wp\/v2\/media\/16985"}],"wp:attachment":[{"href":"https:\/\/www.elpolitologoyelpolitico.com.ar\/wordpress\/wp-json\/wp\/v2\/media?parent=16984"}],"wp:term":[{"taxonomy":"category","embeddable":true,"href":"https:\/\/www.elpolitologoyelpolitico.com.ar\/wordpress\/wp-json\/wp\/v2\/categories?post=16984"},{"taxonomy":"post_tag","embeddable":true,"href":"https:\/\/www.elpolitologoyelpolitico.com.ar\/wordpress\/wp-json\/wp\/v2\/tags?post=16984"}],"curies":[{"name":"wp","href":"https:\/\/api.w.org\/{rel}","templated":true}]}}