{"id":16971,"date":"2022-03-01T15:40:50","date_gmt":"2022-03-01T15:40:50","guid":{"rendered":"https:\/\/www.elpolitologoyelpolitico.com.ar\/wordpress\/?p=16971"},"modified":"2022-03-01T15:41:45","modified_gmt":"2022-03-01T15:41:45","slug":"el-director-de-operativos-del-registro-de-las-personas-bonaerense-viene-al-distrito","status":"publish","type":"post","link":"https:\/\/www.elpolitologoyelpolitico.com.ar\/wordpress\/2022\/03\/01\/el-director-de-operativos-del-registro-de-las-personas-bonaerense-viene-al-distrito\/","title":{"rendered":"El Director de Operativos del Registro de las Personas Bonaerense viene al Distrito"},"content":{"rendered":"\t\t<div data-elementor-type=\"wp-post\" data-elementor-id=\"16971\" class=\"elementor elementor-16971\">\n\t\t\t\t\t\t<section class=\"elementor-section elementor-top-section elementor-element elementor-element-3f88c453 elementor-section-boxed elementor-section-height-default elementor-section-height-default\" data-id=\"3f88c453\" data-element_type=\"section\" data-e-type=\"section\">\n\t\t\t\t\t\t<div class=\"elementor-container elementor-column-gap-default\">\n\t\t\t\t\t<div class=\"elementor-column elementor-col-100 elementor-top-column elementor-element elementor-element-4094f135\" data-id=\"4094f135\" data-element_type=\"column\" data-e-type=\"column\">\n\t\t\t<div class=\"elementor-widget-wrap elementor-element-populated\">\n\t\t\t\t\t\t<div class=\"elementor-element elementor-element-48bb3f14 elementor-widget elementor-widget-text-editor\" data-id=\"48bb3f14\" data-element_type=\"widget\" data-e-type=\"widget\" data-widget_type=\"text-editor.default\">\n\t\t\t\t<div class=\"elementor-widget-container\">\n\t\t\t\t\t\t\t\t\t\n<p><\/p>\n\n\n\n<p>El Registro Provincial de las Personas, a trav\u00e9s de&nbsp; su Director Mariano Rios Ordo\u00f1ez, confirm\u00f3 que&nbsp; en el marco de los operativos de documentaci\u00f3n y tras las gestiones realizadas por&nbsp;los ediles&nbsp; del Frente de Todos de Patagones y de manera&nbsp; conjunta con el Diputado provincial Alejandro Dicchiara, la presencia en&nbsp; localidades del interior del distrito, el 12\/3 en Pradere, y el 13\/3&nbsp; San Blas, en ambos casos en el horario de 10hs a 17hs.<\/p>\n\n\n\n<p>&nbsp;El Director de Operativos Gustavo Pastorive, confirm\u00f3 la presencia del organismo en estas localidades del distrito con el fin de poder realizar los distintos tr\u00e1mites que competen a dicho organismo.<\/p>\n\n\n\n<p>Desde el bloque afirmaron que este tipo de gestiones se seguiran realizando en beneficio de los vecinos y con el fin&nbsp; de cubrir aquellos derechos y necesidades que tienen los habitantes del distrito como as\u00ed tambi\u00e9n&nbsp; mejorar la calidad de vida.&nbsp;<\/p>\n\n\n\n<p>Uno de los objetivos de este programa es acercar este organismo a la gente fundamentalmente en aquellas localidades que hoy no cuentan con una oficina permanente,&nbsp; esta es la primera de varias visitas que tiene previsto hacer el Registro Provincial de de las personas en el marco de este programa.<\/p>\n\n\n\n<p><strong>TR\u00c1MITES<\/strong><\/p>\n\n\n\n<p>Los tr\u00e1mites que se podr\u00e1n realizar seran: Solicitar Partidas de Nacimiento, DNI \/Pasaporte, certificado de domicilio y extrav\u00edo, certificado de pre- identificaci\u00f3n (CPI), cambio de g\u00e9nero.<\/p>\n\t\t\t\t\t\t\t\t<\/div>\n\t\t\t\t<\/div>\n\t\t\t\t\t<\/div>\n\t\t<\/div>\n\t\t\t\t\t<\/div>\n\t\t<\/section>\n\t\t\t\t<\/div>\n\t\t<div class=\"fb-background-color\">\n\t\t\t  <div \n\t\t\t  \tclass = \"fb-comments\" \n\t\t\t  \tdata-href = \"https:\/\/www.elpolitologoyelpolitico.com.ar\/wordpress\/2022\/03\/01\/el-director-de-operativos-del-registro-de-las-personas-bonaerense-viene-al-distrito\/\"\n\t\t\t  \tdata-numposts = \"10\"\n\t\t\t  \tdata-lazy = \"true\"\n\t\t\t\tdata-colorscheme = \"light\"\n\t\t\t\tdata-order-by = \"social\"\n\t\t\t\tdata-mobile=true>\n\t\t\t  <\/div><\/div>\n\t\t  <style>\n\t\t    .fb-background-color {\n\t\t\t\tbackground: #ffffff !important;\n\t\t\t}\n\t\t\t.fb_iframe_widget_fluid_desktop iframe {\n\t\t\t    width: 100% !important;\n\t\t\t}\n\t\t  <\/style>\n\t\t  ","protected":false},"excerpt":{"rendered":"<p>El Registro Provincial de las Personas, a trav\u00e9s de&nbsp; su Director Mariano Rios Ordo\u00f1ez, confirm\u00f3 que&nbsp; en el marco de los operativos de documentaci\u00f3n y tras las gestiones realizadas por&nbsp;los ediles&nbsp; del Frente de Todos de Patagones y de manera&nbsp; conjunta con el Diputado provincial Alejandro Dicchiara, la presencia en&nbsp; localidades del interior del distrito, [&hellip;]<\/p>\n","protected":false},"author":4,"featured_media":16973,"comment_status":"closed","ping_status":"closed","sticky":false,"template":"","format":"standard","meta":{"_joinchat":[],"footnotes":""},"categories":[39],"tags":[],"class_list":["post-16971","post","type-post","status-publish","format-standard","has-post-thumbnail","hentry","category-en-esta-seccion"],"_links":{"self":[{"href":"https:\/\/www.elpolitologoyelpolitico.com.ar\/wordpress\/wp-json\/wp\/v2\/posts\/16971","targetHints":{"allow":["GET"]}}],"collection":[{"href":"https:\/\/www.elpolitologoyelpolitico.com.ar\/wordpress\/wp-json\/wp\/v2\/posts"}],"about":[{"href":"https:\/\/www.elpolitologoyelpolitico.com.ar\/wordpress\/wp-json\/wp\/v2\/types\/post"}],"author":[{"embeddable":true,"href":"https:\/\/www.elpolitologoyelpolitico.com.ar\/wordpress\/wp-json\/wp\/v2\/users\/4"}],"replies":[{"embeddable":true,"href":"https:\/\/www.elpolitologoyelpolitico.com.ar\/wordpress\/wp-json\/wp\/v2\/comments?post=16971"}],"version-history":[{"count":0,"href":"https:\/\/www.elpolitologoyelpolitico.com.ar\/wordpress\/wp-json\/wp\/v2\/posts\/16971\/revisions"}],"wp:featuredmedia":[{"embeddable":true,"href":"https:\/\/www.elpolitologoyelpolitico.com.ar\/wordpress\/wp-json\/wp\/v2\/media\/16973"}],"wp:attachment":[{"href":"https:\/\/www.elpolitologoyelpolitico.com.ar\/wordpress\/wp-json\/wp\/v2\/media?parent=16971"}],"wp:term":[{"taxonomy":"category","embeddable":true,"href":"https:\/\/www.elpolitologoyelpolitico.com.ar\/wordpress\/wp-json\/wp\/v2\/categories?post=16971"},{"taxonomy":"post_tag","embeddable":true,"href":"https:\/\/www.elpolitologoyelpolitico.com.ar\/wordpress\/wp-json\/wp\/v2\/tags?post=16971"}],"curies":[{"name":"wp","href":"https:\/\/api.w.org\/{rel}","templated":true}]}}