{"id":16953,"date":"2022-02-28T20:52:38","date_gmt":"2022-02-28T20:52:38","guid":{"rendered":"https:\/\/www.elpolitologoyelpolitico.com.ar\/wordpress\/?p=16953"},"modified":"2022-02-28T20:53:48","modified_gmt":"2022-02-28T20:53:48","slug":"vuelta-a-clase-salud-remarca-la-importancia-de-completar-calendarios-de-vacunacion","status":"publish","type":"post","link":"https:\/\/www.elpolitologoyelpolitico.com.ar\/wordpress\/2022\/02\/28\/vuelta-a-clase-salud-remarca-la-importancia-de-completar-calendarios-de-vacunacion\/","title":{"rendered":"Vuelta a clase: Salud remarca la importancia de completar calendarios de vacunaci\u00f3n"},"content":{"rendered":"\t\t<div data-elementor-type=\"wp-post\" data-elementor-id=\"16953\" class=\"elementor elementor-16953\">\n\t\t\t\t\t\t<section class=\"elementor-section elementor-top-section elementor-element elementor-element-26181c46 elementor-section-boxed elementor-section-height-default elementor-section-height-default\" data-id=\"26181c46\" data-element_type=\"section\" data-e-type=\"section\">\n\t\t\t\t\t\t<div class=\"elementor-container elementor-column-gap-default\">\n\t\t\t\t\t<div class=\"elementor-column elementor-col-100 elementor-top-column elementor-element elementor-element-1e297bb6\" data-id=\"1e297bb6\" data-element_type=\"column\" data-e-type=\"column\">\n\t\t\t<div class=\"elementor-widget-wrap elementor-element-populated\">\n\t\t\t\t\t\t<div class=\"elementor-element elementor-element-38353a3 elementor-widget elementor-widget-text-editor\" data-id=\"38353a3\" data-element_type=\"widget\" data-e-type=\"widget\" data-widget_type=\"text-editor.default\">\n\t\t\t\t<div class=\"elementor-widget-container\">\n\t\t\t\t\t\t\t\t\t\n<p><\/p>\n\n\n\n<p>Ante el inicio del ciclo lectivo en establecimientos educativos rionegrinos, desde el Ministerio de Salud se recuerda que esta es una buena ocasi\u00f3n para revisar el carnet y chequear que todas las vacunas est\u00e9n al d\u00eda. Adem\u00e1s se brinda una serie de consejos para mantener buena salud en los ni\u00f1os y las ni\u00f1as que vuelven a la escuela.<\/p>\n\n\n\n<p>Desde la Cartera sanitaria se recuerda que es fundamental tener el carnet de vacunaci\u00f3n al d\u00eda para evitar enfermedades inmunoprevenibles.<\/p>\n\n\n\n<p>Asimismo, se extiende la recomendaci\u00f3n a padres, docentes y no docentes que compartir\u00e1n espacios con los m\u00e1s peque\u00f1os. Las vacunas del Calendario Nacional son gratuitas y obligatorias, y se aplican en Centros de Salud y hospitales p\u00fablicos con el objetivo de prevenir diversas enfermedades.<\/p>\n\n\n\n<p><strong>Te recordamos:<\/strong><\/p>\n\n\n\n<p>Entre los 5 y los 6 a\u00f1os, corresponden:<\/p>\n\n\n\n<p>\u2022 Polio (contra la poliomielitis).<\/p>\n\n\n\n<p>\u2022 Triple viral (contra el sarampi\u00f3n, la rub\u00e9ola y las paperas).<\/p>\n\n\n\n<p>\u2022 Triple bacteriana celular (contra la difteria, el t\u00e9tanos y la tos convulsa).<\/p>\n\n\n\n<p>\u2022 Varicela.<\/p>\n\n\n\n<p><strong>A los 11 a\u00f1os:<\/strong><\/p>\n\n\n\n<p>\u2022 Hepatitis B: si recibi\u00f3 el esquema durante la infancia, no es necesario volver a vacunarlo. En caso contrario, es necesario iniciar o completar el esquema seg\u00fan corresponda antes de que termine la primaria. Son 3 dosis: al mes de la primera dosis, se da la segunda, y a los 6 meses de la primera, se da la tercera.<\/p>\n\n\n\n<p>\u2022 Triple viral: previene contra el sarampi\u00f3n, la rub\u00e9ola y las paperas. Si ya recibi\u00f3 la vacuna durante la infancia, no es necesario volver a vacunarlo. En caso contrario, es necesario iniciar o completar el esquema antes de terminar la primaria.<\/p>\n\n\n\n<p>\u2022 Triple bacteriana acelular: para prevenir la difteria, el t\u00e9tanos y la tos convulsa.<\/p>\n\n\n\n<p>\u2022 Vacuna contra el VPH: para ni\u00f1os y ni\u00f1as. Son dos dosis con intervalo de 6 meses.<\/p>\n\n\n\n<p>\u2022 Vacuna antimeningococo tetravalente: refuerzo.<\/p>\n\n\n\n<p><strong>Consejos y recomendaciones<\/strong><\/p>\n\n\n\n<p>En este mismo sentido, adem\u00e1s de aplicarles las vacunas obligatorias, se aconseja tener todas las dosis contra la Covid-19 y no deben descuidarse otros aspectos de la salud de los chicos importantes la etapa escolar.<\/p>\n\n\n\n<p>&#8211; Es aconsejable visitar al pediatra al menos una vez al a\u00f1o, a\u00fan cuando no exista una problem\u00e1tica puntual, para confirmar que el menor se est\u00e1 desarrollando correctamente.<\/p>\n\n\n\n<p>&#8211; Es importante realizar un control oftalmol\u00f3gico anual lo que permitir\u00e1 detectar posibles problemas visuales, que de no ser diagnosticados tempranamente pueden afectar su desempe\u00f1o escolar y social.<\/p>\n\n\n\n<p>-Tener una alimentaci\u00f3n sana y realizar actividad f\u00edsica es fundamental, una nutrici\u00f3n variada y en cantidades adecuadas, con frutas y verduras incluidas, favorece el crecimiento y el rendimiento escolar. Tambi\u00e9n los chicos necesitan movimiento y actividades para recrearse y desarrollarse de forma saludable.<\/p>\n\n\n\n<p>&#8211; Adem\u00e1s, se recomienda llevar a los chicos al dentista al menos una vez al a\u00f1o y promover en ellos el h\u00e1bito del cepillado de dientes diario para evitar caries y otras enfermedades estomatol\u00f3gicas.<\/p>\n\n\n\n<p>-Finalmente, pero no menos importante, si el ni\u00f1o o ni\u00f1a presenta dificultades en el lenguaje, pregunta con frecuencia\u00a0 \u00ab\u00bfqu\u00e9?\u00bb o utiliza\u00a0 artefactos electr\u00f3nicos a un volumen muy alto, es conveniente consultar a un profesional\u00a0 para que analice si existe alg\u00fan problema auditivo.<\/p>\n\n\n\n<figure class=\"wp-block-image size-full\"><img fetchpriority=\"high\" decoding=\"async\" width=\"1024\" height=\"683\" src=\"https:\/\/www.elpolitologoyelpolitico.com.ar\/wp-content\/uploads\/2022\/02\/IMG-20220228-WA0036.jpg\" alt=\"\" class=\"wp-image-16955\" srcset=\"https:\/\/www.elpolitologoyelpolitico.com.ar\/wp-content\/uploads\/2022\/02\/IMG-20220228-WA0036.jpg 1024w, https:\/\/www.elpolitologoyelpolitico.com.ar\/wp-content\/uploads\/2022\/02\/IMG-20220228-WA0036-300x200.jpg 300w, https:\/\/www.elpolitologoyelpolitico.com.ar\/wp-content\/uploads\/2022\/02\/IMG-20220228-WA0036-768x512.jpg 768w\" sizes=\"(max-width: 1024px) 100vw, 1024px\" \/><\/figure>\n\t\t\t\t\t\t\t\t<\/div>\n\t\t\t\t<\/div>\n\t\t\t\t\t<\/div>\n\t\t<\/div>\n\t\t\t\t\t<\/div>\n\t\t<\/section>\n\t\t\t\t<\/div>\n\t\t<div class=\"fb-background-color\">\n\t\t\t  <div \n\t\t\t  \tclass = \"fb-comments\" \n\t\t\t  \tdata-href = \"https:\/\/www.elpolitologoyelpolitico.com.ar\/wordpress\/2022\/02\/28\/vuelta-a-clase-salud-remarca-la-importancia-de-completar-calendarios-de-vacunacion\/\"\n\t\t\t  \tdata-numposts = \"10\"\n\t\t\t  \tdata-lazy = \"true\"\n\t\t\t\tdata-colorscheme = \"light\"\n\t\t\t\tdata-order-by = \"social\"\n\t\t\t\tdata-mobile=true>\n\t\t\t  <\/div><\/div>\n\t\t  <style>\n\t\t    .fb-background-color {\n\t\t\t\tbackground: #ffffff !important;\n\t\t\t}\n\t\t\t.fb_iframe_widget_fluid_desktop iframe {\n\t\t\t    width: 100% !important;\n\t\t\t}\n\t\t  <\/style>\n\t\t  ","protected":false},"excerpt":{"rendered":"<p>Ante el inicio del ciclo lectivo en establecimientos educativos rionegrinos, desde el Ministerio de Salud se recuerda que esta es una buena ocasi\u00f3n para revisar el carnet y chequear que todas las vacunas est\u00e9n al d\u00eda. Adem\u00e1s se brinda una serie de consejos para mantener buena salud en los ni\u00f1os y las ni\u00f1as que vuelven [&hellip;]<\/p>\n","protected":false},"author":4,"featured_media":16954,"comment_status":"closed","ping_status":"closed","sticky":false,"template":"","format":"standard","meta":{"_joinchat":[],"footnotes":""},"categories":[4],"tags":[],"class_list":["post-16953","post","type-post","status-publish","format-standard","has-post-thumbnail","hentry","category-politicas-publicas"],"_links":{"self":[{"href":"https:\/\/www.elpolitologoyelpolitico.com.ar\/wordpress\/wp-json\/wp\/v2\/posts\/16953","targetHints":{"allow":["GET"]}}],"collection":[{"href":"https:\/\/www.elpolitologoyelpolitico.com.ar\/wordpress\/wp-json\/wp\/v2\/posts"}],"about":[{"href":"https:\/\/www.elpolitologoyelpolitico.com.ar\/wordpress\/wp-json\/wp\/v2\/types\/post"}],"author":[{"embeddable":true,"href":"https:\/\/www.elpolitologoyelpolitico.com.ar\/wordpress\/wp-json\/wp\/v2\/users\/4"}],"replies":[{"embeddable":true,"href":"https:\/\/www.elpolitologoyelpolitico.com.ar\/wordpress\/wp-json\/wp\/v2\/comments?post=16953"}],"version-history":[{"count":0,"href":"https:\/\/www.elpolitologoyelpolitico.com.ar\/wordpress\/wp-json\/wp\/v2\/posts\/16953\/revisions"}],"wp:featuredmedia":[{"embeddable":true,"href":"https:\/\/www.elpolitologoyelpolitico.com.ar\/wordpress\/wp-json\/wp\/v2\/media\/16954"}],"wp:attachment":[{"href":"https:\/\/www.elpolitologoyelpolitico.com.ar\/wordpress\/wp-json\/wp\/v2\/media?parent=16953"}],"wp:term":[{"taxonomy":"category","embeddable":true,"href":"https:\/\/www.elpolitologoyelpolitico.com.ar\/wordpress\/wp-json\/wp\/v2\/categories?post=16953"},{"taxonomy":"post_tag","embeddable":true,"href":"https:\/\/www.elpolitologoyelpolitico.com.ar\/wordpress\/wp-json\/wp\/v2\/tags?post=16953"}],"curies":[{"name":"wp","href":"https:\/\/api.w.org\/{rel}","templated":true}]}}