{"id":16939,"date":"2022-02-28T18:28:43","date_gmt":"2022-02-28T18:28:43","guid":{"rendered":"https:\/\/www.elpolitologoyelpolitico.com.ar\/wordpress\/?p=16939"},"modified":"2022-02-28T18:29:50","modified_gmt":"2022-02-28T18:29:50","slug":"un-concurso-para-fomentar-el-manejo-responsable-de-los-residuos","status":"publish","type":"post","link":"https:\/\/www.elpolitologoyelpolitico.com.ar\/wordpress\/2022\/02\/28\/un-concurso-para-fomentar-el-manejo-responsable-de-los-residuos\/","title":{"rendered":"Un concurso para fomentar el manejo responsable de los residuos\u00a0"},"content":{"rendered":"\t\t<div data-elementor-type=\"wp-post\" data-elementor-id=\"16939\" class=\"elementor elementor-16939\">\n\t\t\t\t\t\t<section class=\"elementor-section elementor-top-section elementor-element elementor-element-22419297 elementor-section-boxed elementor-section-height-default elementor-section-height-default\" data-id=\"22419297\" data-element_type=\"section\" data-e-type=\"section\">\n\t\t\t\t\t\t<div class=\"elementor-container elementor-column-gap-default\">\n\t\t\t\t\t<div class=\"elementor-column elementor-col-100 elementor-top-column elementor-element elementor-element-352fff44\" data-id=\"352fff44\" data-element_type=\"column\" data-e-type=\"column\">\n\t\t\t<div class=\"elementor-widget-wrap elementor-element-populated\">\n\t\t\t\t\t\t<div class=\"elementor-element elementor-element-8adbd87 elementor-widget elementor-widget-text-editor\" data-id=\"8adbd87\" data-element_type=\"widget\" data-e-type=\"widget\" data-widget_type=\"text-editor.default\">\n\t\t\t\t<div class=\"elementor-widget-container\">\n\t\t\t\t\t\t\t\t\t\n<p><\/p>\n\n\n\n<p>El concurso&nbsp; \u00abRecicl\u00e1, festej\u00e1 y gan\u00e1\u00bb esta presente en la Fiesta Provincial del R\u00edo.<\/p>\n\n\n\n<p>El gobierno de Viedma anunci\u00f3 que durante las jornadas de la Fiesta del R\u00edo se podr\u00e1 participar de un sorteo que organiza el \u00e1rea de Ambiente del municipio, que consiste en el intercambio de residuos reciclables por cupones para participar del sorteo de importantes premios.<\/p>\n\n\n\n<p>En los d\u00edas 27 y 28 se habilitar\u00e1 un stand en la que se dispondr\u00e1 una urna para depositar cupones, que luego partcipar\u00e1n del sorteo de una motocicleta de 110cc de cilindrada como primer premio; un viaje a La Falda (C\u00f3rdoba) con pensi\u00f3n completa y excursiones para una persona como segundo premio; y finalmente una bicicleta playera para el tercer premio.<\/p>\n\n\n\n<p>Para obtener cada cup\u00f3n se deber\u00e1 llevar e intercambiar una bolsa con algunos envases o materiales reciclables como botellas de pl\u00e1stico, latas de aluminio, envases tipo tetra brik, cart\u00f3n o papel de embalaje.<\/p>\n\n\n\n<p>Los premios son aportados por distintas empresas y firmas de la ciudad que colaboran con el municipio para hacer posible el sorteo. La moto es un aporte de Cementos del Valle; el viaje ser\u00e1 obsequiado por la empresa Balogh Turismo; y la bicicleta ser\u00e1 entregada por la tradicional bicicleter\u00eda viedmense Del Vecchio.<\/p>\n\n\n\n<figure class=\"wp-block-image size-full\"><img fetchpriority=\"high\" decoding=\"async\" width=\"720\" height=\"577\" src=\"https:\/\/www.elpolitologoyelpolitico.com.ar\/wp-content\/uploads\/2022\/02\/IMG-20220228-WA0032.jpg\" alt=\"\" class=\"wp-image-16941\" srcset=\"https:\/\/www.elpolitologoyelpolitico.com.ar\/wp-content\/uploads\/2022\/02\/IMG-20220228-WA0032.jpg 720w, https:\/\/www.elpolitologoyelpolitico.com.ar\/wp-content\/uploads\/2022\/02\/IMG-20220228-WA0032-300x240.jpg 300w\" sizes=\"(max-width: 720px) 100vw, 720px\" \/><\/figure>\n\t\t\t\t\t\t\t\t<\/div>\n\t\t\t\t<\/div>\n\t\t\t\t\t<\/div>\n\t\t<\/div>\n\t\t\t\t\t<\/div>\n\t\t<\/section>\n\t\t\t\t<\/div>\n\t\t<div class=\"fb-background-color\">\n\t\t\t  <div \n\t\t\t  \tclass = \"fb-comments\" \n\t\t\t  \tdata-href = \"https:\/\/www.elpolitologoyelpolitico.com.ar\/wordpress\/2022\/02\/28\/un-concurso-para-fomentar-el-manejo-responsable-de-los-residuos\/\"\n\t\t\t  \tdata-numposts = \"10\"\n\t\t\t  \tdata-lazy = \"true\"\n\t\t\t\tdata-colorscheme = \"light\"\n\t\t\t\tdata-order-by = \"social\"\n\t\t\t\tdata-mobile=true>\n\t\t\t  <\/div><\/div>\n\t\t  <style>\n\t\t    .fb-background-color {\n\t\t\t\tbackground: #ffffff !important;\n\t\t\t}\n\t\t\t.fb_iframe_widget_fluid_desktop iframe {\n\t\t\t    width: 100% !important;\n\t\t\t}\n\t\t  <\/style>\n\t\t  ","protected":false},"excerpt":{"rendered":"<p>El concurso&nbsp; \u00abRecicl\u00e1, festej\u00e1 y gan\u00e1\u00bb esta presente en la Fiesta Provincial del R\u00edo. El gobierno de Viedma anunci\u00f3 que durante las jornadas de la Fiesta del R\u00edo se podr\u00e1 participar de un sorteo que organiza el \u00e1rea de Ambiente del municipio, que consiste en el intercambio de residuos reciclables por cupones para participar del [&hellip;]<\/p>\n","protected":false},"author":4,"featured_media":16940,"comment_status":"closed","ping_status":"closed","sticky":false,"template":"","format":"standard","meta":{"_joinchat":[],"footnotes":""},"categories":[39],"tags":[],"class_list":["post-16939","post","type-post","status-publish","format-standard","has-post-thumbnail","hentry","category-en-esta-seccion"],"_links":{"self":[{"href":"https:\/\/www.elpolitologoyelpolitico.com.ar\/wordpress\/wp-json\/wp\/v2\/posts\/16939","targetHints":{"allow":["GET"]}}],"collection":[{"href":"https:\/\/www.elpolitologoyelpolitico.com.ar\/wordpress\/wp-json\/wp\/v2\/posts"}],"about":[{"href":"https:\/\/www.elpolitologoyelpolitico.com.ar\/wordpress\/wp-json\/wp\/v2\/types\/post"}],"author":[{"embeddable":true,"href":"https:\/\/www.elpolitologoyelpolitico.com.ar\/wordpress\/wp-json\/wp\/v2\/users\/4"}],"replies":[{"embeddable":true,"href":"https:\/\/www.elpolitologoyelpolitico.com.ar\/wordpress\/wp-json\/wp\/v2\/comments?post=16939"}],"version-history":[{"count":0,"href":"https:\/\/www.elpolitologoyelpolitico.com.ar\/wordpress\/wp-json\/wp\/v2\/posts\/16939\/revisions"}],"wp:featuredmedia":[{"embeddable":true,"href":"https:\/\/www.elpolitologoyelpolitico.com.ar\/wordpress\/wp-json\/wp\/v2\/media\/16940"}],"wp:attachment":[{"href":"https:\/\/www.elpolitologoyelpolitico.com.ar\/wordpress\/wp-json\/wp\/v2\/media?parent=16939"}],"wp:term":[{"taxonomy":"category","embeddable":true,"href":"https:\/\/www.elpolitologoyelpolitico.com.ar\/wordpress\/wp-json\/wp\/v2\/categories?post=16939"},{"taxonomy":"post_tag","embeddable":true,"href":"https:\/\/www.elpolitologoyelpolitico.com.ar\/wordpress\/wp-json\/wp\/v2\/tags?post=16939"}],"curies":[{"name":"wp","href":"https:\/\/api.w.org\/{rel}","templated":true}]}}