{"id":16910,"date":"2022-02-26T20:54:45","date_gmt":"2022-02-26T20:54:45","guid":{"rendered":"https:\/\/www.elpolitologoyelpolitico.com.ar\/wordpress\/?p=16910"},"modified":"2022-02-26T20:55:50","modified_gmt":"2022-02-26T20:55:50","slug":"trabajo-en-red-la-estrategia-clave-para-la-prevencion-y-abordaje-de-la-violencia-de-genero","status":"publish","type":"post","link":"https:\/\/www.elpolitologoyelpolitico.com.ar\/wordpress\/2022\/02\/26\/trabajo-en-red-la-estrategia-clave-para-la-prevencion-y-abordaje-de-la-violencia-de-genero\/","title":{"rendered":"Trabajo en red, la estrategia clave para la prevenci\u00f3n y abordaje de la violencia de g\u00e9nero"},"content":{"rendered":"\t\t<div data-elementor-type=\"wp-post\" data-elementor-id=\"16910\" class=\"elementor elementor-16910\">\n\t\t\t\t\t\t<section class=\"elementor-section elementor-top-section elementor-element elementor-element-5914ebdf elementor-section-boxed elementor-section-height-default elementor-section-height-default\" data-id=\"5914ebdf\" data-element_type=\"section\" data-e-type=\"section\">\n\t\t\t\t\t\t<div class=\"elementor-container elementor-column-gap-default\">\n\t\t\t\t\t<div class=\"elementor-column elementor-col-100 elementor-top-column elementor-element elementor-element-3f0a6faf\" data-id=\"3f0a6faf\" data-element_type=\"column\" data-e-type=\"column\">\n\t\t\t<div class=\"elementor-widget-wrap elementor-element-populated\">\n\t\t\t\t\t\t<div class=\"elementor-element elementor-element-3b28615b elementor-widget elementor-widget-text-editor\" data-id=\"3b28615b\" data-element_type=\"widget\" data-e-type=\"widget\" data-widget_type=\"text-editor.default\">\n\t\t\t\t<div class=\"elementor-widget-container\">\n\t\t\t\t\t\t\t\t\t\n<p><\/p>\n\n\n\n<p>Las instituciones abocadas a la prevenci\u00f3n y abordaje de situaciones de violencia por motivos de g\u00e9nero llevan adelante mesas de trabajo para profundizar y ajustar la red en el territorio.<\/p>\n\n\n\n<p>Los encuentros se llevan adelante en cada localidad, convocando a referentes del Municipio y de Provincia.<\/p>\n\n\n\n<p>Este ciclo de mesas de trabajo focalizadas comenz\u00f3 el jueves en Ingeniero Jacobacci, continuando ayer en \u00d1orquinco. En ambas ocasiones cada instituci\u00f3n pudo poner en com\u00fan sus herramientas, sus obst\u00e1culos y necesidades, con el objetivo de articular un abordaje integral, conjunto y continuado entre los equipos de provincia presentes y la municipalidad.&nbsp;<\/p>\n\n\n\n<p>La secretaria de Coordinaci\u00f3n de Pol\u00edticas P\u00fablicas con Perspectiva de G\u00e9nero del Ministerio de Gobierno y Comunidad, Luz Val Heredia, explic\u00f3 que \u201cconvocamos a estas mesas para acompa\u00f1ar la intervenci\u00f3n que se viene haciendo en cada localidad, pensando siempre en trabajar de manera coordinada para poder dar respuestas adecuadas\u201d.&nbsp;<\/p>\n\n\n\n<p>\u201cEn las Mesas Regionales de G\u00e9nero y Diversidad pudimos comenzar una articulaci\u00f3n importante, y en estos encuentros buscamos trabajar detalladamente la situaci\u00f3n de cada ciudad, teniendo en cuenta sus recursos y las estrategias de trabajo que vienen desarrollando, de manera que podamos fortalecerlas a partir de distintos programas provinciales\u201d, destac\u00f3 Val Heredia.<\/p>\n\n\n\n<p>Al respecto, la subsecretaria de Atenci\u00f3n Integral a las personas v\u00edctimas de violencia de g\u00e9nero del Ministerio de Desarrollo Humano y Articulaci\u00f3n Solidaria, Amanda Almir\u00f3n, indic\u00f3 que \u201ctrabajar de manera articulada implica la elaboraci\u00f3n de una estrategia que permita pensar m\u00e1s all\u00e1 de la situaci\u00f3n de emergencia, que deber ser contenida, para dotar de herramientas a las personas en situaci\u00f3n de violencia. El contacto y la contenci\u00f3n de su c\u00edrculo afectivo, la profundizaci\u00f3n de sus redes, y la inserci\u00f3n a grupos y actividades comunitarias permiten vislumbrar una perspectiva m\u00e1s acabada de los abordajes\u201d.<\/p>\n\n\n\n<p>Fueron convocados a la mesa referentes del Municipio, del equipo SAT, SENAF, Comisar\u00edas, Juzgados de Paz, Salud, Educaci\u00f3n y Delegaciones del Ministerio de Desarrollo Humano.<\/p>\n\n\n\n<figure class=\"wp-block-image size-large is-resized\"><img fetchpriority=\"high\" decoding=\"async\" src=\"https:\/\/www.elpolitologoyelpolitico.com.ar\/wp-content\/uploads\/2022\/02\/IMG-20220226-WA0037-1024x768.jpg\" alt=\"\" class=\"wp-image-16914\" width=\"614\" height=\"460\" srcset=\"https:\/\/www.elpolitologoyelpolitico.com.ar\/wp-content\/uploads\/2022\/02\/IMG-20220226-WA0037-1024x768.jpg 1024w, https:\/\/www.elpolitologoyelpolitico.com.ar\/wp-content\/uploads\/2022\/02\/IMG-20220226-WA0037-300x225.jpg 300w, https:\/\/www.elpolitologoyelpolitico.com.ar\/wp-content\/uploads\/2022\/02\/IMG-20220226-WA0037-768x576.jpg 768w, https:\/\/www.elpolitologoyelpolitico.com.ar\/wp-content\/uploads\/2022\/02\/IMG-20220226-WA0037.jpg 1280w\" sizes=\"(max-width: 614px) 100vw, 614px\" \/><\/figure>\n\t\t\t\t\t\t\t\t<\/div>\n\t\t\t\t<\/div>\n\t\t\t\t\t<\/div>\n\t\t<\/div>\n\t\t\t\t\t<\/div>\n\t\t<\/section>\n\t\t\t\t<\/div>\n\t\t<div class=\"fb-background-color\">\n\t\t\t  <div \n\t\t\t  \tclass = \"fb-comments\" \n\t\t\t  \tdata-href = \"https:\/\/www.elpolitologoyelpolitico.com.ar\/wordpress\/2022\/02\/26\/trabajo-en-red-la-estrategia-clave-para-la-prevencion-y-abordaje-de-la-violencia-de-genero\/\"\n\t\t\t  \tdata-numposts = \"10\"\n\t\t\t  \tdata-lazy = \"true\"\n\t\t\t\tdata-colorscheme = \"light\"\n\t\t\t\tdata-order-by = \"social\"\n\t\t\t\tdata-mobile=true>\n\t\t\t  <\/div><\/div>\n\t\t  <style>\n\t\t    .fb-background-color {\n\t\t\t\tbackground: #ffffff !important;\n\t\t\t}\n\t\t\t.fb_iframe_widget_fluid_desktop iframe {\n\t\t\t    width: 100% !important;\n\t\t\t}\n\t\t  <\/style>\n\t\t  ","protected":false},"excerpt":{"rendered":"<p>Las instituciones abocadas a la prevenci\u00f3n y abordaje de situaciones de violencia por motivos de g\u00e9nero llevan adelante mesas de trabajo para profundizar y ajustar la red en el territorio. Los encuentros se llevan adelante en cada localidad, convocando a referentes del Municipio y de Provincia. Este ciclo de mesas de trabajo focalizadas comenz\u00f3 el [&hellip;]<\/p>\n","protected":false},"author":4,"featured_media":16913,"comment_status":"closed","ping_status":"closed","sticky":false,"template":"","format":"standard","meta":{"_joinchat":[],"footnotes":""},"categories":[4],"tags":[],"class_list":["post-16910","post","type-post","status-publish","format-standard","has-post-thumbnail","hentry","category-politicas-publicas"],"_links":{"self":[{"href":"https:\/\/www.elpolitologoyelpolitico.com.ar\/wordpress\/wp-json\/wp\/v2\/posts\/16910","targetHints":{"allow":["GET"]}}],"collection":[{"href":"https:\/\/www.elpolitologoyelpolitico.com.ar\/wordpress\/wp-json\/wp\/v2\/posts"}],"about":[{"href":"https:\/\/www.elpolitologoyelpolitico.com.ar\/wordpress\/wp-json\/wp\/v2\/types\/post"}],"author":[{"embeddable":true,"href":"https:\/\/www.elpolitologoyelpolitico.com.ar\/wordpress\/wp-json\/wp\/v2\/users\/4"}],"replies":[{"embeddable":true,"href":"https:\/\/www.elpolitologoyelpolitico.com.ar\/wordpress\/wp-json\/wp\/v2\/comments?post=16910"}],"version-history":[{"count":0,"href":"https:\/\/www.elpolitologoyelpolitico.com.ar\/wordpress\/wp-json\/wp\/v2\/posts\/16910\/revisions"}],"wp:featuredmedia":[{"embeddable":true,"href":"https:\/\/www.elpolitologoyelpolitico.com.ar\/wordpress\/wp-json\/wp\/v2\/media\/16913"}],"wp:attachment":[{"href":"https:\/\/www.elpolitologoyelpolitico.com.ar\/wordpress\/wp-json\/wp\/v2\/media?parent=16910"}],"wp:term":[{"taxonomy":"category","embeddable":true,"href":"https:\/\/www.elpolitologoyelpolitico.com.ar\/wordpress\/wp-json\/wp\/v2\/categories?post=16910"},{"taxonomy":"post_tag","embeddable":true,"href":"https:\/\/www.elpolitologoyelpolitico.com.ar\/wordpress\/wp-json\/wp\/v2\/tags?post=16910"}],"curies":[{"name":"wp","href":"https:\/\/api.w.org\/{rel}","templated":true}]}}