{"id":16896,"date":"2022-02-26T17:59:57","date_gmt":"2022-02-26T17:59:57","guid":{"rendered":"https:\/\/www.elpolitologoyelpolitico.com.ar\/wordpress\/?p=16896"},"modified":"2022-02-26T18:01:05","modified_gmt":"2022-02-26T18:01:05","slug":"la-liga-3x3-de-basquet-confirmo-la-proxima-fecha-en-viedma","status":"publish","type":"post","link":"https:\/\/www.elpolitologoyelpolitico.com.ar\/wordpress\/2022\/02\/26\/la-liga-3x3-de-basquet-confirmo-la-proxima-fecha-en-viedma\/","title":{"rendered":"La Liga 3&#215;3 de B\u00e1squet confirm\u00f3 la pr\u00f3xima fecha en Viedma"},"content":{"rendered":"\t\t<div data-elementor-type=\"wp-post\" data-elementor-id=\"16896\" class=\"elementor elementor-16896\">\n\t\t\t\t\t\t<section class=\"elementor-section elementor-top-section elementor-element elementor-element-3794be7d elementor-section-boxed elementor-section-height-default elementor-section-height-default\" data-id=\"3794be7d\" data-element_type=\"section\" data-e-type=\"section\">\n\t\t\t\t\t\t<div class=\"elementor-container elementor-column-gap-default\">\n\t\t\t\t\t<div class=\"elementor-column elementor-col-100 elementor-top-column elementor-element elementor-element-47fc55a3\" data-id=\"47fc55a3\" data-element_type=\"column\" data-e-type=\"column\">\n\t\t\t<div class=\"elementor-widget-wrap elementor-element-populated\">\n\t\t\t\t\t\t<div class=\"elementor-element elementor-element-cd1bb7a elementor-widget elementor-widget-text-editor\" data-id=\"cd1bb7a\" data-element_type=\"widget\" data-e-type=\"widget\" data-widget_type=\"text-editor.default\">\n\t\t\t\t<div class=\"elementor-widget-container\">\n\t\t\t\t\t\t\t\t\t\n<p><\/p>\n\n\n\n<p>Se confirm\u00f3 la fecha del 5 de marzo para que Viedma vuelva a ser sede de la cuarta parada de la Liga 3&#215;3 que reunir\u00e1 a 12 equipos de la zona en la Plazoleta del Fundador, con jugadores de la Liga Argentina y la Liga Federal de b\u00e1squet.<\/p>\n\n\n\n<p>Ayer viernes el secretario de Deporte de R\u00edo Negro, Diego Rosati junto al subsecretario de Coordinaci\u00f3n y Deporte Federado, Nahuel Astutti mantuvieron un encuentro con el&nbsp; interventor de la Federaci\u00f3n provincial de B\u00e1squet, Fernando Casadei, para definir los detalles de organizaci\u00f3n del evento.<\/p>\n\n\n\n<p>La Liga ya tuvo sus primeras tres paradas y R\u00edo Negro recibir\u00e1 la pr\u00f3xima fecha que promete ser un gran espect\u00e1culo deportivo con la actuaci\u00f3n de Club Deportivo Viedma, Bah\u00eda Basket, Villa Mitre y Del Progreso por la Liga Argentina; y de Sol de Mayo y Uni\u00f3n de R\u00edo Colorado por la Liga Federal que ya confirmaron la cita, mientras se espera que m\u00e1s equipos se sumen a la lista.<\/p>\n\n\n\n<p>La organizaci\u00f3n anticip\u00f3 que cualquier instituci\u00f3n que quiera participar, puede hacerlo y tambi\u00e9n podr\u00e1n inscribirse equipos sin representaci\u00f3n a una instituci\u00f3n, incluso deportistas no federados. Asimismo, la Federaci\u00f3n rionegrina junto a la Confederaci\u00f3n argentina de la disciplina&nbsp; trabajan en la inscripci\u00f3n a la parada que deber\u00e1 contar con un m\u00ednimo de 12 equipos y quienes los integren deben ser mayores de 20 a\u00f1os.<\/p>\n\t\t\t\t\t\t\t\t<\/div>\n\t\t\t\t<\/div>\n\t\t\t\t\t<\/div>\n\t\t<\/div>\n\t\t\t\t\t<\/div>\n\t\t<\/section>\n\t\t\t\t<\/div>\n\t\t<div class=\"fb-background-color\">\n\t\t\t  <div \n\t\t\t  \tclass = \"fb-comments\" \n\t\t\t  \tdata-href = \"https:\/\/www.elpolitologoyelpolitico.com.ar\/wordpress\/2022\/02\/26\/la-liga-3x3-de-basquet-confirmo-la-proxima-fecha-en-viedma\/\"\n\t\t\t  \tdata-numposts = \"10\"\n\t\t\t  \tdata-lazy = \"true\"\n\t\t\t\tdata-colorscheme = \"light\"\n\t\t\t\tdata-order-by = \"social\"\n\t\t\t\tdata-mobile=true>\n\t\t\t  <\/div><\/div>\n\t\t  <style>\n\t\t    .fb-background-color {\n\t\t\t\tbackground: #ffffff !important;\n\t\t\t}\n\t\t\t.fb_iframe_widget_fluid_desktop iframe {\n\t\t\t    width: 100% !important;\n\t\t\t}\n\t\t  <\/style>\n\t\t  ","protected":false},"excerpt":{"rendered":"<p>Se confirm\u00f3 la fecha del 5 de marzo para que Viedma vuelva a ser sede de la cuarta parada de la Liga 3&#215;3 que reunir\u00e1 a 12 equipos de la zona en la Plazoleta del Fundador, con jugadores de la Liga Argentina y la Liga Federal de b\u00e1squet. Ayer viernes el secretario de Deporte de [&hellip;]<\/p>\n","protected":false},"author":4,"featured_media":16897,"comment_status":"closed","ping_status":"closed","sticky":false,"template":"","format":"standard","meta":{"_joinchat":[],"footnotes":""},"categories":[39],"tags":[],"class_list":["post-16896","post","type-post","status-publish","format-standard","has-post-thumbnail","hentry","category-en-esta-seccion"],"_links":{"self":[{"href":"https:\/\/www.elpolitologoyelpolitico.com.ar\/wordpress\/wp-json\/wp\/v2\/posts\/16896","targetHints":{"allow":["GET"]}}],"collection":[{"href":"https:\/\/www.elpolitologoyelpolitico.com.ar\/wordpress\/wp-json\/wp\/v2\/posts"}],"about":[{"href":"https:\/\/www.elpolitologoyelpolitico.com.ar\/wordpress\/wp-json\/wp\/v2\/types\/post"}],"author":[{"embeddable":true,"href":"https:\/\/www.elpolitologoyelpolitico.com.ar\/wordpress\/wp-json\/wp\/v2\/users\/4"}],"replies":[{"embeddable":true,"href":"https:\/\/www.elpolitologoyelpolitico.com.ar\/wordpress\/wp-json\/wp\/v2\/comments?post=16896"}],"version-history":[{"count":0,"href":"https:\/\/www.elpolitologoyelpolitico.com.ar\/wordpress\/wp-json\/wp\/v2\/posts\/16896\/revisions"}],"wp:featuredmedia":[{"embeddable":true,"href":"https:\/\/www.elpolitologoyelpolitico.com.ar\/wordpress\/wp-json\/wp\/v2\/media\/16897"}],"wp:attachment":[{"href":"https:\/\/www.elpolitologoyelpolitico.com.ar\/wordpress\/wp-json\/wp\/v2\/media?parent=16896"}],"wp:term":[{"taxonomy":"category","embeddable":true,"href":"https:\/\/www.elpolitologoyelpolitico.com.ar\/wordpress\/wp-json\/wp\/v2\/categories?post=16896"},{"taxonomy":"post_tag","embeddable":true,"href":"https:\/\/www.elpolitologoyelpolitico.com.ar\/wordpress\/wp-json\/wp\/v2\/tags?post=16896"}],"curies":[{"name":"wp","href":"https:\/\/api.w.org\/{rel}","templated":true}]}}