{"id":16846,"date":"2022-02-25T21:33:52","date_gmt":"2022-02-25T21:33:52","guid":{"rendered":"https:\/\/www.elpolitologoyelpolitico.com.ar\/wordpress\/?p=16846"},"modified":"2022-02-25T21:34:26","modified_gmt":"2022-02-25T21:34:26","slug":"trabajo-y-el-parque-industrial-avanzan-en-un-convenio-de-capacitaciones","status":"publish","type":"post","link":"https:\/\/www.elpolitologoyelpolitico.com.ar\/wordpress\/2022\/02\/25\/trabajo-y-el-parque-industrial-avanzan-en-un-convenio-de-capacitaciones\/","title":{"rendered":"Trabajo y el Parque Industrial avanzan en un convenio de capacitaciones"},"content":{"rendered":"\t\t<div data-elementor-type=\"wp-post\" data-elementor-id=\"16846\" class=\"elementor elementor-16846\">\n\t\t\t\t\t\t<section class=\"elementor-section elementor-top-section elementor-element elementor-element-2dbdc7a5 elementor-section-boxed elementor-section-height-default elementor-section-height-default\" data-id=\"2dbdc7a5\" data-element_type=\"section\" data-e-type=\"section\">\n\t\t\t\t\t\t<div class=\"elementor-container elementor-column-gap-default\">\n\t\t\t\t\t<div class=\"elementor-column elementor-col-100 elementor-top-column elementor-element elementor-element-6aaa2d65\" data-id=\"6aaa2d65\" data-element_type=\"column\" data-e-type=\"column\">\n\t\t\t<div class=\"elementor-widget-wrap elementor-element-populated\">\n\t\t\t\t\t\t<div class=\"elementor-element elementor-element-13714926 elementor-widget elementor-widget-text-editor\" data-id=\"13714926\" data-element_type=\"widget\" data-e-type=\"widget\" data-widget_type=\"text-editor.default\">\n\t\t\t\t<div class=\"elementor-widget-container\">\n\t\t\t\t\t\t\t\t\t\n<p><\/p>\n\n\n\n<p>El Ministerio de Trabajo contin\u00faa con la realizaci\u00f3n de actividades en forma conjunta con el Parque Industrial de Viedma con el objetivo de avanzar en procesos de formaci\u00f3n.<\/p>\n\n\n\n<p>Las actividades se llevan a cabo a partir de la reuni\u00f3n que mantuvo semanas atr\u00e1s el ministro de Trabajo, Jorge Stopiello y el presidente del ENREPAVI, Mario Macre.<\/p>\n\n\n\n<p>Esta semana, el secretario de Empleo y Capacitaci\u00f3n, Francisco Pereda y la subsecretaria de esa \u00e1rea, Rina Spina se reunieron con autoridades del Parque Industrial y de la que tambi\u00e9n participaron el delegado zonal de Trabajo de Viedma, Roberto Zubiri; y Fernando Fuentes y Mart\u00edn Sim\u00f3n, ambos de la Agencia Territorial del Ministerio de Trabajo y Seguridad Social de la Naci\u00f3n.<\/p>\n\n\n\n<p>En la reuni\u00f3n se avanz\u00f3 en la confecci\u00f3n de un convenio para promover capacitaciones en torno a la legislaci\u00f3n laboral, normas de seguridad e higiene y r\u00fabricas (todos aspectos que integran la actividad de fiscalizaci\u00f3n que realiza el Ministerio de Trabajo), desde un perspectiva de prevenci\u00f3n de manera tal de colaborar con las empresas anticipando los aspectos a ser controlados en el futuro, como tambi\u00e9n la realizaci\u00f3n de capacitaciones en torno a ambientes saludables de trabajo, abordaje de perspectiva de g\u00e9nero y la problem\u00e1tica vinculada al trabajo infantil.<\/p>\n\n\n\n<p>Por su parte, la Agencia Territorial present\u00f3 herramientas que dispone el MTEySS de Naci\u00f3n a los fines de fortalecer las capacidades de empleo de las empresas y en conjunto se evaluaron distintas herramientas vinculadas a la formaci\u00f3n en oficios que permitan lograr personal calificado y que tenga posibilidades de acceso al empleo a partir de ello.<\/p>\n\t\t\t\t\t\t\t\t<\/div>\n\t\t\t\t<\/div>\n\t\t\t\t\t<\/div>\n\t\t<\/div>\n\t\t\t\t\t<\/div>\n\t\t<\/section>\n\t\t\t\t<\/div>\n\t\t<div class=\"fb-background-color\">\n\t\t\t  <div \n\t\t\t  \tclass = \"fb-comments\" \n\t\t\t  \tdata-href = \"https:\/\/www.elpolitologoyelpolitico.com.ar\/wordpress\/2022\/02\/25\/trabajo-y-el-parque-industrial-avanzan-en-un-convenio-de-capacitaciones\/\"\n\t\t\t  \tdata-numposts = \"10\"\n\t\t\t  \tdata-lazy = \"true\"\n\t\t\t\tdata-colorscheme = \"light\"\n\t\t\t\tdata-order-by = \"social\"\n\t\t\t\tdata-mobile=true>\n\t\t\t  <\/div><\/div>\n\t\t  <style>\n\t\t    .fb-background-color {\n\t\t\t\tbackground: #ffffff !important;\n\t\t\t}\n\t\t\t.fb_iframe_widget_fluid_desktop iframe {\n\t\t\t    width: 100% !important;\n\t\t\t}\n\t\t  <\/style>\n\t\t  ","protected":false},"excerpt":{"rendered":"<p>El Ministerio de Trabajo contin\u00faa con la realizaci\u00f3n de actividades en forma conjunta con el Parque Industrial de Viedma con el objetivo de avanzar en procesos de formaci\u00f3n. Las actividades se llevan a cabo a partir de la reuni\u00f3n que mantuvo semanas atr\u00e1s el ministro de Trabajo, Jorge Stopiello y el presidente del ENREPAVI, Mario [&hellip;]<\/p>\n","protected":false},"author":4,"featured_media":16847,"comment_status":"closed","ping_status":"closed","sticky":false,"template":"","format":"standard","meta":{"_joinchat":[],"footnotes":""},"categories":[4],"tags":[],"class_list":["post-16846","post","type-post","status-publish","format-standard","has-post-thumbnail","hentry","category-politicas-publicas"],"_links":{"self":[{"href":"https:\/\/www.elpolitologoyelpolitico.com.ar\/wordpress\/wp-json\/wp\/v2\/posts\/16846","targetHints":{"allow":["GET"]}}],"collection":[{"href":"https:\/\/www.elpolitologoyelpolitico.com.ar\/wordpress\/wp-json\/wp\/v2\/posts"}],"about":[{"href":"https:\/\/www.elpolitologoyelpolitico.com.ar\/wordpress\/wp-json\/wp\/v2\/types\/post"}],"author":[{"embeddable":true,"href":"https:\/\/www.elpolitologoyelpolitico.com.ar\/wordpress\/wp-json\/wp\/v2\/users\/4"}],"replies":[{"embeddable":true,"href":"https:\/\/www.elpolitologoyelpolitico.com.ar\/wordpress\/wp-json\/wp\/v2\/comments?post=16846"}],"version-history":[{"count":0,"href":"https:\/\/www.elpolitologoyelpolitico.com.ar\/wordpress\/wp-json\/wp\/v2\/posts\/16846\/revisions"}],"wp:featuredmedia":[{"embeddable":true,"href":"https:\/\/www.elpolitologoyelpolitico.com.ar\/wordpress\/wp-json\/wp\/v2\/media\/16847"}],"wp:attachment":[{"href":"https:\/\/www.elpolitologoyelpolitico.com.ar\/wordpress\/wp-json\/wp\/v2\/media?parent=16846"}],"wp:term":[{"taxonomy":"category","embeddable":true,"href":"https:\/\/www.elpolitologoyelpolitico.com.ar\/wordpress\/wp-json\/wp\/v2\/categories?post=16846"},{"taxonomy":"post_tag","embeddable":true,"href":"https:\/\/www.elpolitologoyelpolitico.com.ar\/wordpress\/wp-json\/wp\/v2\/tags?post=16846"}],"curies":[{"name":"wp","href":"https:\/\/api.w.org\/{rel}","templated":true}]}}