{"id":16840,"date":"2022-02-25T20:53:24","date_gmt":"2022-02-25T20:53:24","guid":{"rendered":"https:\/\/www.elpolitologoyelpolitico.com.ar\/wordpress\/?p=16840"},"modified":"2022-02-25T20:53:27","modified_gmt":"2022-02-25T20:53:27","slug":"el-7-de-marzo-sera-dia-no-laborable-en-las-dependencias-municipales-del-distrito","status":"publish","type":"post","link":"https:\/\/www.elpolitologoyelpolitico.com.ar\/wordpress\/2022\/02\/25\/el-7-de-marzo-sera-dia-no-laborable-en-las-dependencias-municipales-del-distrito\/","title":{"rendered":"El 7 de marzo ser\u00e1 d\u00eda no laborable en las dependencias municipales del Distrito"},"content":{"rendered":"\n<p><\/p>\n\n\n\n<p>Con motivo del 195\u00b0 aniversario de la hist\u00f3rica gesta librada en 1827, durante el intento de invasi\u00f3n del Imperio Brasile\u00f1o en Carmen de Patagones, el pr\u00f3ximo 7 de marzo ser\u00e1 d\u00eda no laborable en todas las dependencias municipales del Partido.&nbsp;<\/p>\n\n\n\n<p>La medida fue confirmada mediante el Decreto Municipal 319\/22, que refiere la importancia de facilitar una mayor participaci\u00f3n de la comunidad en las actividades programadas con motivo de la Fiesta de la Soberan\u00eda Patag\u00f3nica.<\/p>\n<div class=\"fb-background-color\">\n\t\t\t  <div \n\t\t\t  \tclass = \"fb-comments\" \n\t\t\t  \tdata-href = \"https:\/\/www.elpolitologoyelpolitico.com.ar\/wordpress\/2022\/02\/25\/el-7-de-marzo-sera-dia-no-laborable-en-las-dependencias-municipales-del-distrito\/\"\n\t\t\t  \tdata-numposts = \"10\"\n\t\t\t  \tdata-lazy = \"true\"\n\t\t\t\tdata-colorscheme = \"light\"\n\t\t\t\tdata-order-by = \"social\"\n\t\t\t\tdata-mobile=true>\n\t\t\t  <\/div><\/div>\n\t\t  <style>\n\t\t    .fb-background-color {\n\t\t\t\tbackground: #ffffff !important;\n\t\t\t}\n\t\t\t.fb_iframe_widget_fluid_desktop iframe {\n\t\t\t    width: 100% !important;\n\t\t\t}\n\t\t  <\/style>\n\t\t  ","protected":false},"excerpt":{"rendered":"<p>Con motivo del 195\u00b0 aniversario de la hist\u00f3rica gesta librada en 1827, durante el intento de invasi\u00f3n del Imperio Brasile\u00f1o en Carmen de Patagones, el pr\u00f3ximo 7 de marzo ser\u00e1 d\u00eda no laborable en todas las dependencias municipales del Partido.&nbsp; La medida fue confirmada mediante el Decreto Municipal 319\/22, que refiere la importancia de facilitar [&hellip;]<\/p>\n","protected":false},"author":4,"featured_media":16842,"comment_status":"closed","ping_status":"closed","sticky":false,"template":"","format":"standard","meta":{"_joinchat":[],"footnotes":""},"categories":[39],"tags":[],"class_list":["post-16840","post","type-post","status-publish","format-standard","has-post-thumbnail","hentry","category-en-esta-seccion"],"_links":{"self":[{"href":"https:\/\/www.elpolitologoyelpolitico.com.ar\/wordpress\/wp-json\/wp\/v2\/posts\/16840","targetHints":{"allow":["GET"]}}],"collection":[{"href":"https:\/\/www.elpolitologoyelpolitico.com.ar\/wordpress\/wp-json\/wp\/v2\/posts"}],"about":[{"href":"https:\/\/www.elpolitologoyelpolitico.com.ar\/wordpress\/wp-json\/wp\/v2\/types\/post"}],"author":[{"embeddable":true,"href":"https:\/\/www.elpolitologoyelpolitico.com.ar\/wordpress\/wp-json\/wp\/v2\/users\/4"}],"replies":[{"embeddable":true,"href":"https:\/\/www.elpolitologoyelpolitico.com.ar\/wordpress\/wp-json\/wp\/v2\/comments?post=16840"}],"version-history":[{"count":0,"href":"https:\/\/www.elpolitologoyelpolitico.com.ar\/wordpress\/wp-json\/wp\/v2\/posts\/16840\/revisions"}],"wp:featuredmedia":[{"embeddable":true,"href":"https:\/\/www.elpolitologoyelpolitico.com.ar\/wordpress\/wp-json\/wp\/v2\/media\/16842"}],"wp:attachment":[{"href":"https:\/\/www.elpolitologoyelpolitico.com.ar\/wordpress\/wp-json\/wp\/v2\/media?parent=16840"}],"wp:term":[{"taxonomy":"category","embeddable":true,"href":"https:\/\/www.elpolitologoyelpolitico.com.ar\/wordpress\/wp-json\/wp\/v2\/categories?post=16840"},{"taxonomy":"post_tag","embeddable":true,"href":"https:\/\/www.elpolitologoyelpolitico.com.ar\/wordpress\/wp-json\/wp\/v2\/tags?post=16840"}],"curies":[{"name":"wp","href":"https:\/\/api.w.org\/{rel}","templated":true}]}}