{"id":16834,"date":"2022-02-25T19:21:35","date_gmt":"2022-02-25T19:21:35","guid":{"rendered":"https:\/\/www.elpolitologoyelpolitico.com.ar\/wordpress\/?p=16834"},"modified":"2022-02-25T19:22:10","modified_gmt":"2022-02-25T19:22:10","slug":"familias-de-el-juncal-de-viedma-tendran-acceso-a-la-red-electrica","status":"publish","type":"post","link":"https:\/\/www.elpolitologoyelpolitico.com.ar\/wordpress\/2022\/02\/25\/familias-de-el-juncal-de-viedma-tendran-acceso-a-la-red-electrica\/","title":{"rendered":"Familias de El Juncal de Viedma tendr\u00e1n acceso a la red el\u00e9ctrica"},"content":{"rendered":"\t\t<div data-elementor-type=\"wp-post\" data-elementor-id=\"16834\" class=\"elementor elementor-16834\">\n\t\t\t\t\t\t<section class=\"elementor-section elementor-top-section elementor-element elementor-element-43ba1fc6 elementor-section-boxed elementor-section-height-default elementor-section-height-default\" data-id=\"43ba1fc6\" data-element_type=\"section\" data-e-type=\"section\">\n\t\t\t\t\t\t<div class=\"elementor-container elementor-column-gap-default\">\n\t\t\t\t\t<div class=\"elementor-column elementor-col-100 elementor-top-column elementor-element elementor-element-7eb3ee6c\" data-id=\"7eb3ee6c\" data-element_type=\"column\" data-e-type=\"column\">\n\t\t\t<div class=\"elementor-widget-wrap elementor-element-populated\">\n\t\t\t\t\t\t<div class=\"elementor-element elementor-element-7a84102c elementor-widget elementor-widget-text-editor\" data-id=\"7a84102c\" data-element_type=\"widget\" data-e-type=\"widget\" data-widget_type=\"text-editor.default\">\n\t\t\t\t<div class=\"elementor-widget-container\">\n\t\t\t\t\t\t\t\t\t\n<p><\/p>\n\n\n\n<p>Se realiz\u00f3 la apertura de ofertas para que 45 familias de El Juncal puedan conectarse a la red el\u00e9ctrica y tengan alumbrado p\u00fablico. Una obra que es parte del plan de infraestructura para loteos sociales emprendido por la Provincia.<\/p>\n\n\n\n<p>La obra que se realizar\u00e1 consiste en llevar un servicio el\u00e9ctrico seguro y de calidad a hogares de El Juncal, con la conexi\u00f3n a la red el\u00e9ctrica y en la ejecuci\u00f3n del alumbrado p\u00fablico. Estos trabajos mejorar\u00e1n notablemente su calidad de vida, y se constituyen en una obra completa para el acceso a este tipo de energ\u00eda.<\/p>\n\n\n\n<p>En este segundo llamado a licitaci\u00f3n se presentaron dos empresas, una fue rechazada por falta de documentaci\u00f3n, y se considerar\u00e1 la oferta de Cotrel Limitada, que hizo lo propio por $6.630.613.<\/p>\n\n\n\n<p>Estos trabajos son hist\u00f3ricos para familias que por primera vez tendr\u00e1n electricidad en sus viviendas e iluminaci\u00f3n en sus calles.&nbsp; \u201cEl Juncal\u201d, es un loteo social que se ubica en una zona importante del IDEVI (Instituto de Desarrollo del Valle Inferior), de la ciudad de Viedma.&nbsp;<\/p>\n\n\n\n<p>El plan de infraestructura que lleva adelante el Gobierno Provincial tiene el prop\u00f3sito de mejorar con obra p\u00fablica, el desarrollo y potencial de su comunidad y territorio.&nbsp;<\/p>\n\n\n\n<p>Durante el acto licitatorio, estuvieron presentes el ministro de Obras y Servicios P\u00fablicos, Carlos Valeri, junto al intendente, Pedro Pesatti; el presidente del IDEVI, Daniel Quinteros; el secretario de Obras e Infraestructura provincial, Alejandro Echarren, y el subsecretario de Infraestructura, Daniel Bengochea.<\/p>\n\t\t\t\t\t\t\t\t<\/div>\n\t\t\t\t<\/div>\n\t\t\t\t\t<\/div>\n\t\t<\/div>\n\t\t\t\t\t<\/div>\n\t\t<\/section>\n\t\t\t\t<\/div>\n\t\t<div class=\"fb-background-color\">\n\t\t\t  <div \n\t\t\t  \tclass = \"fb-comments\" \n\t\t\t  \tdata-href = \"https:\/\/www.elpolitologoyelpolitico.com.ar\/wordpress\/2022\/02\/25\/familias-de-el-juncal-de-viedma-tendran-acceso-a-la-red-electrica\/\"\n\t\t\t  \tdata-numposts = \"10\"\n\t\t\t  \tdata-lazy = \"true\"\n\t\t\t\tdata-colorscheme = \"light\"\n\t\t\t\tdata-order-by = \"social\"\n\t\t\t\tdata-mobile=true>\n\t\t\t  <\/div><\/div>\n\t\t  <style>\n\t\t    .fb-background-color {\n\t\t\t\tbackground: #ffffff !important;\n\t\t\t}\n\t\t\t.fb_iframe_widget_fluid_desktop iframe {\n\t\t\t    width: 100% !important;\n\t\t\t}\n\t\t  <\/style>\n\t\t  ","protected":false},"excerpt":{"rendered":"<p>Se realiz\u00f3 la apertura de ofertas para que 45 familias de El Juncal puedan conectarse a la red el\u00e9ctrica y tengan alumbrado p\u00fablico. Una obra que es parte del plan de infraestructura para loteos sociales emprendido por la Provincia. La obra que se realizar\u00e1 consiste en llevar un servicio el\u00e9ctrico seguro y de calidad a [&hellip;]<\/p>\n","protected":false},"author":4,"featured_media":16835,"comment_status":"closed","ping_status":"closed","sticky":false,"template":"","format":"standard","meta":{"_joinchat":[],"footnotes":""},"categories":[4],"tags":[],"class_list":["post-16834","post","type-post","status-publish","format-standard","has-post-thumbnail","hentry","category-politicas-publicas"],"_links":{"self":[{"href":"https:\/\/www.elpolitologoyelpolitico.com.ar\/wordpress\/wp-json\/wp\/v2\/posts\/16834","targetHints":{"allow":["GET"]}}],"collection":[{"href":"https:\/\/www.elpolitologoyelpolitico.com.ar\/wordpress\/wp-json\/wp\/v2\/posts"}],"about":[{"href":"https:\/\/www.elpolitologoyelpolitico.com.ar\/wordpress\/wp-json\/wp\/v2\/types\/post"}],"author":[{"embeddable":true,"href":"https:\/\/www.elpolitologoyelpolitico.com.ar\/wordpress\/wp-json\/wp\/v2\/users\/4"}],"replies":[{"embeddable":true,"href":"https:\/\/www.elpolitologoyelpolitico.com.ar\/wordpress\/wp-json\/wp\/v2\/comments?post=16834"}],"version-history":[{"count":0,"href":"https:\/\/www.elpolitologoyelpolitico.com.ar\/wordpress\/wp-json\/wp\/v2\/posts\/16834\/revisions"}],"wp:featuredmedia":[{"embeddable":true,"href":"https:\/\/www.elpolitologoyelpolitico.com.ar\/wordpress\/wp-json\/wp\/v2\/media\/16835"}],"wp:attachment":[{"href":"https:\/\/www.elpolitologoyelpolitico.com.ar\/wordpress\/wp-json\/wp\/v2\/media?parent=16834"}],"wp:term":[{"taxonomy":"category","embeddable":true,"href":"https:\/\/www.elpolitologoyelpolitico.com.ar\/wordpress\/wp-json\/wp\/v2\/categories?post=16834"},{"taxonomy":"post_tag","embeddable":true,"href":"https:\/\/www.elpolitologoyelpolitico.com.ar\/wordpress\/wp-json\/wp\/v2\/tags?post=16834"}],"curies":[{"name":"wp","href":"https:\/\/api.w.org\/{rel}","templated":true}]}}