{"id":16827,"date":"2022-02-25T15:07:45","date_gmt":"2022-02-25T15:07:45","guid":{"rendered":"https:\/\/www.elpolitologoyelpolitico.com.ar\/wordpress\/?p=16827"},"modified":"2022-02-25T15:14:05","modified_gmt":"2022-02-25T15:14:05","slug":"tras-las-gestiones-de-zara-referentes-de-vialidad-provincial-analizaron-el-estado-del-camino-a-san-blas-y-en-los-proximos-dias-inicia-un-programa-de-intervencion","status":"publish","type":"post","link":"https:\/\/www.elpolitologoyelpolitico.com.ar\/wordpress\/2022\/02\/25\/tras-las-gestiones-de-zara-referentes-de-vialidad-provincial-analizaron-el-estado-del-camino-a-san-blas-y-en-los-proximos-dias-inicia-un-programa-de-intervencion\/","title":{"rendered":"Tras las gestiones de Zara, referentes de Vialidad Provincial analizaron el estado del camino a San Blas y en los pr\u00f3ximos d\u00edas inicia un programa de intervenci\u00f3n\u00a0"},"content":{"rendered":"\t\t<div data-elementor-type=\"wp-post\" data-elementor-id=\"16827\" class=\"elementor elementor-16827\">\n\t\t\t\t\t\t<section class=\"elementor-section elementor-top-section elementor-element elementor-element-3b9dba6f elementor-section-boxed elementor-section-height-default elementor-section-height-default\" data-id=\"3b9dba6f\" data-element_type=\"section\" data-e-type=\"section\">\n\t\t\t\t\t\t<div class=\"elementor-container elementor-column-gap-default\">\n\t\t\t\t\t<div class=\"elementor-column elementor-col-100 elementor-top-column elementor-element elementor-element-2f2f0cae\" data-id=\"2f2f0cae\" data-element_type=\"column\" data-e-type=\"column\">\n\t\t\t<div class=\"elementor-widget-wrap elementor-element-populated\">\n\t\t\t\t\t\t<div class=\"elementor-element elementor-element-8a6a49e elementor-widget elementor-widget-text-editor\" data-id=\"8a6a49e\" data-element_type=\"widget\" data-e-type=\"widget\" data-widget_type=\"text-editor.default\">\n\t\t\t\t<div class=\"elementor-widget-container\">\n\t\t\t\t\t\t\t\t\t\n<p><\/p>\n\n\n\n<p>El pasado martes, el Secretario de Obras P\u00fablicas, Jorge Isaac, junto al Subsecretario de Servicios Urbanos, Alberto Castillo, personal municipal y el Coordinador de Gesti\u00f3n de Riesgos y Emergencias de Caminos rurales de la Direcci\u00f3n de Vialidad Provincial, Hugo Gervacio, recorrieron la traza del camino que va desde la Ruta Nacional N\u00b03 hacia la localidad de Bah\u00eda San Blas.&nbsp;<\/p>\n\n\n\n<p>El objetivo fue determinar la intervenci\u00f3n que se deber\u00eda realizar para ponerlo en condiciones de transitabilidad, luego de las gestiones realizadas ante el Organismo, por parte del Intendente, Ing. Jos\u00e9 Luis Zara.&nbsp;<\/p>\n\n\n\n<p>Luego del recorrido, el representante de Vialidad Provincial obtuvo un panorama de la situaci\u00f3n del camino, los lugares que requieren urgente intervenci\u00f3n y asumi\u00f3 el compromiso de elaborar un programa que, de no mediar inconvenientes, iniciar\u00eda la segunda quincena del mes de marzo.&nbsp;<\/p>\n\n\n\n<p>\u201cSe prev\u00e9 un trabajo conjunto entre Vialidad y la Municipalidad, con el aporte de ambas partes de maquinaria y personal que realizar\u00e1 la reconstrucci\u00f3n de algunos sectores, en otros se realizar\u00e1 el alteo de la traza, conformando el terrapl\u00e9n y la superficie de rodadura, mejorando el sistema de evacuaci\u00f3n de agua de lluvia, generando desag\u00fces laterales a fin de evitar anegamientos\u201d, precis\u00f3 al respecto el Secretario de Obras P\u00fablicas, Jorge Isaac.<\/p>\n\n\n\n<figure class=\"wp-block-image size-full\"><img fetchpriority=\"high\" decoding=\"async\" width=\"720\" height=\"540\" src=\"https:\/\/www.elpolitologoyelpolitico.com.ar\/wp-content\/uploads\/2022\/02\/IMG-20220224-WA0071.jpg\" alt=\"\" class=\"wp-image-16829\" srcset=\"https:\/\/www.elpolitologoyelpolitico.com.ar\/wp-content\/uploads\/2022\/02\/IMG-20220224-WA0071.jpg 720w, https:\/\/www.elpolitologoyelpolitico.com.ar\/wp-content\/uploads\/2022\/02\/IMG-20220224-WA0071-300x225.jpg 300w\" sizes=\"(max-width: 720px) 100vw, 720px\" \/><\/figure>\n\n\n\n<p><\/p>\n\t\t\t\t\t\t\t\t<\/div>\n\t\t\t\t<\/div>\n\t\t\t\t\t<\/div>\n\t\t<\/div>\n\t\t\t\t\t<\/div>\n\t\t<\/section>\n\t\t\t\t<\/div>\n\t\t<div class=\"fb-background-color\">\n\t\t\t  <div \n\t\t\t  \tclass = \"fb-comments\" \n\t\t\t  \tdata-href = \"https:\/\/www.elpolitologoyelpolitico.com.ar\/wordpress\/2022\/02\/25\/tras-las-gestiones-de-zara-referentes-de-vialidad-provincial-analizaron-el-estado-del-camino-a-san-blas-y-en-los-proximos-dias-inicia-un-programa-de-intervencion\/\"\n\t\t\t  \tdata-numposts = \"10\"\n\t\t\t  \tdata-lazy = \"true\"\n\t\t\t\tdata-colorscheme = \"light\"\n\t\t\t\tdata-order-by = \"social\"\n\t\t\t\tdata-mobile=true>\n\t\t\t  <\/div><\/div>\n\t\t  <style>\n\t\t    .fb-background-color {\n\t\t\t\tbackground: #ffffff !important;\n\t\t\t}\n\t\t\t.fb_iframe_widget_fluid_desktop iframe {\n\t\t\t    width: 100% !important;\n\t\t\t}\n\t\t  <\/style>\n\t\t  ","protected":false},"excerpt":{"rendered":"<p>El pasado martes, el Secretario de Obras P\u00fablicas, Jorge Isaac, junto al Subsecretario de Servicios Urbanos, Alberto Castillo, personal municipal y el Coordinador de Gesti\u00f3n de Riesgos y Emergencias de Caminos rurales de la Direcci\u00f3n de Vialidad Provincial, Hugo Gervacio, recorrieron la traza del camino que va desde la Ruta Nacional N\u00b03 hacia la localidad [&hellip;]<\/p>\n","protected":false},"author":4,"featured_media":16828,"comment_status":"closed","ping_status":"closed","sticky":false,"template":"","format":"standard","meta":{"_joinchat":[],"footnotes":""},"categories":[4],"tags":[],"class_list":["post-16827","post","type-post","status-publish","format-standard","has-post-thumbnail","hentry","category-politicas-publicas"],"_links":{"self":[{"href":"https:\/\/www.elpolitologoyelpolitico.com.ar\/wordpress\/wp-json\/wp\/v2\/posts\/16827","targetHints":{"allow":["GET"]}}],"collection":[{"href":"https:\/\/www.elpolitologoyelpolitico.com.ar\/wordpress\/wp-json\/wp\/v2\/posts"}],"about":[{"href":"https:\/\/www.elpolitologoyelpolitico.com.ar\/wordpress\/wp-json\/wp\/v2\/types\/post"}],"author":[{"embeddable":true,"href":"https:\/\/www.elpolitologoyelpolitico.com.ar\/wordpress\/wp-json\/wp\/v2\/users\/4"}],"replies":[{"embeddable":true,"href":"https:\/\/www.elpolitologoyelpolitico.com.ar\/wordpress\/wp-json\/wp\/v2\/comments?post=16827"}],"version-history":[{"count":0,"href":"https:\/\/www.elpolitologoyelpolitico.com.ar\/wordpress\/wp-json\/wp\/v2\/posts\/16827\/revisions"}],"wp:featuredmedia":[{"embeddable":true,"href":"https:\/\/www.elpolitologoyelpolitico.com.ar\/wordpress\/wp-json\/wp\/v2\/media\/16828"}],"wp:attachment":[{"href":"https:\/\/www.elpolitologoyelpolitico.com.ar\/wordpress\/wp-json\/wp\/v2\/media?parent=16827"}],"wp:term":[{"taxonomy":"category","embeddable":true,"href":"https:\/\/www.elpolitologoyelpolitico.com.ar\/wordpress\/wp-json\/wp\/v2\/categories?post=16827"},{"taxonomy":"post_tag","embeddable":true,"href":"https:\/\/www.elpolitologoyelpolitico.com.ar\/wordpress\/wp-json\/wp\/v2\/tags?post=16827"}],"curies":[{"name":"wp","href":"https:\/\/api.w.org\/{rel}","templated":true}]}}