{"id":16812,"date":"2022-02-25T13:37:45","date_gmt":"2022-02-25T13:37:45","guid":{"rendered":"https:\/\/www.elpolitologoyelpolitico.com.ar\/wordpress\/?p=16812"},"modified":"2022-02-25T13:38:19","modified_gmt":"2022-02-25T13:38:19","slug":"negro-mas-cultura-abren-las-convocatorias-para-espacios-culturales-y-el-sector-audiovisual","status":"publish","type":"post","link":"https:\/\/www.elpolitologoyelpolitico.com.ar\/wordpress\/2022\/02\/25\/negro-mas-cultura-abren-las-convocatorias-para-espacios-culturales-y-el-sector-audiovisual\/","title":{"rendered":"Negro M\u00e1s Cultura: abren las convocatorias para espacios culturales y el sector audiovisual"},"content":{"rendered":"\t\t<div data-elementor-type=\"wp-post\" data-elementor-id=\"16812\" class=\"elementor elementor-16812\">\n\t\t\t\t\t\t<section class=\"elementor-section elementor-top-section elementor-element elementor-element-37521f4a elementor-section-boxed elementor-section-height-default elementor-section-height-default\" data-id=\"37521f4a\" data-element_type=\"section\" data-e-type=\"section\">\n\t\t\t\t\t\t<div class=\"elementor-container elementor-column-gap-default\">\n\t\t\t\t\t<div class=\"elementor-column elementor-col-100 elementor-top-column elementor-element elementor-element-66ea7fa8\" data-id=\"66ea7fa8\" data-element_type=\"column\" data-e-type=\"column\">\n\t\t\t<div class=\"elementor-widget-wrap elementor-element-populated\">\n\t\t\t\t\t\t<div class=\"elementor-element elementor-element-6bb4c90d elementor-widget elementor-widget-text-editor\" data-id=\"6bb4c90d\" data-element_type=\"widget\" data-e-type=\"widget\" data-widget_type=\"text-editor.default\">\n\t\t\t\t<div class=\"elementor-widget-container\">\n\t\t\t\t\t\t\t\t\t\n<p><strong>R\u00edo<\/strong><\/p>\n\n\n\n<p>Desde hoy est\u00e1n abiertas las convocatorias del Programa de la Secretar\u00eda de Estado de Cultura, \u201cR\u00edo Negro M\u00e1s Cultura\u201d, para espacios culturales independientes y para realizadores y realizadoras audiovisuales.<\/p>\n\n\n\n<p>R\u00edo Negro M\u00e1s Cultura es un programa de fortalecimiento al sector cultural rionegrino y est\u00e1 dirigido a los trabajadores y trabajadoras independientes y a los espacios culturales de la provincia.&nbsp;<\/p>\n\n\n\n<p>En este marco, desde hoy estar\u00e1 abierta la convocatoria para espacios culturales independientes hasta el 4 de marzo y la Convocatoria \u201cUna Mirada, Una Locaci\u00f3n\u201d hasta el 18 de marzo.<\/p>\n\n\n\n<p><strong>Convocatoria para Espacios Culturales<\/strong><\/p>\n\n\n\n<p>El objetivo de esta convocatoria es contribuir a la sustentabilidad de espacios culturales como espacios de formaci\u00f3n, producci\u00f3n y programaci\u00f3n de espect\u00e1culos.&nbsp;<\/p>\n\n\n\n<p>La misma est\u00e1 dirigida a espacios culturales multifuncionales, academias, institutos y salas abiertas a la comunidad, que acrediten una trayectoria no menor a un a\u00f1o de funcionamiento, en los que actores y colectivos culturales desarrollen la producci\u00f3n, programaci\u00f3n, formaci\u00f3n, investigaci\u00f3n y promoci\u00f3n del arte y la cultura; espacios en los que se realicen actividades de car\u00e1cter educativo o formativo, presentaciones art\u00edsticas relacionado con disciplinas art\u00edsticas como cursos, talleres, clases, seminarios,conciertos, etc.<\/p>\n\n\n\n<p>El aporte \u00fanico por sala ser\u00e1 de $25.000. Quienes deseen inscribirse deber\u00e1n hacerlo a trav\u00e9s del siguiente link: https:\/\/cultura.rionegro.gov.ar\/?contID=68294<\/p>\n\n\n\n<p><strong>Convocatoria \u201cUna Mirada, Una Locaci\u00f3n<\/strong>\u201d<\/p>\n\n\n\n<p>Esta convocatoria tiene como fin, a trav\u00e9s de piezas audiovisuales, ampliar la variedad de locaciones que ofrece R\u00edo Negro, ligada a la diversidad de los recursos naturales y sitios emblem\u00e1ticos a lo largo de la Provincia, en las 4 regiones geogr\u00e1ficas: monta\u00f1a, mar, estepa y valle.<\/p>\n\n\n\n<p>Podr\u00e1n inscribirse todas aquellas personas mayores de 18 a\u00f1os realizadores\/as audiovisuales residentes en la provincia de R\u00edo Negro que demuestren una residencia m\u00ednima de dos a\u00f1os.<\/p>\n\n\n\n<p>Los y las participantes podr\u00e1n registrar lugares favoritos y emblem\u00e1ticos de su ciudad, rincones, paisajes, edificios singulares, espacios desconocidos, descubriendo el lugar en el que viven a trav\u00e9s de su mirada.<\/p>\n\n\n\n<p>Se seleccionar\u00e1n hasta veinte presentaciones de material bruto, que recibir\u00e1n un reconocimiento econ\u00f3mico de $30.000 cada una.<\/p>\n\n\n\n<p>Los interesados e interesadas en participar deber\u00e1n completar el formulario disponible en https:\/\/cultura.rionegro.gov.ar\/?contID=72895 cumpliendo con las bases y condiciones que all\u00ed se explicitan.<\/p>\n\t\t\t\t\t\t\t\t<\/div>\n\t\t\t\t<\/div>\n\t\t\t\t\t<\/div>\n\t\t<\/div>\n\t\t\t\t\t<\/div>\n\t\t<\/section>\n\t\t\t\t<\/div>\n\t\t<div class=\"fb-background-color\">\n\t\t\t  <div \n\t\t\t  \tclass = \"fb-comments\" \n\t\t\t  \tdata-href = \"https:\/\/www.elpolitologoyelpolitico.com.ar\/wordpress\/2022\/02\/25\/negro-mas-cultura-abren-las-convocatorias-para-espacios-culturales-y-el-sector-audiovisual\/\"\n\t\t\t  \tdata-numposts = \"10\"\n\t\t\t  \tdata-lazy = \"true\"\n\t\t\t\tdata-colorscheme = \"light\"\n\t\t\t\tdata-order-by = \"social\"\n\t\t\t\tdata-mobile=true>\n\t\t\t  <\/div><\/div>\n\t\t  <style>\n\t\t    .fb-background-color {\n\t\t\t\tbackground: #ffffff !important;\n\t\t\t}\n\t\t\t.fb_iframe_widget_fluid_desktop iframe {\n\t\t\t    width: 100% !important;\n\t\t\t}\n\t\t  <\/style>\n\t\t  ","protected":false},"excerpt":{"rendered":"<p>R\u00edo Desde hoy est\u00e1n abiertas las convocatorias del Programa de la Secretar\u00eda de Estado de Cultura, \u201cR\u00edo Negro M\u00e1s Cultura\u201d, para espacios culturales independientes y para realizadores y realizadoras audiovisuales. R\u00edo Negro M\u00e1s Cultura es un programa de fortalecimiento al sector cultural rionegrino y est\u00e1 dirigido a los trabajadores y trabajadoras independientes y a los [&hellip;]<\/p>\n","protected":false},"author":4,"featured_media":16814,"comment_status":"closed","ping_status":"closed","sticky":false,"template":"","format":"standard","meta":{"_joinchat":[],"footnotes":""},"categories":[39],"tags":[],"class_list":["post-16812","post","type-post","status-publish","format-standard","has-post-thumbnail","hentry","category-en-esta-seccion"],"_links":{"self":[{"href":"https:\/\/www.elpolitologoyelpolitico.com.ar\/wordpress\/wp-json\/wp\/v2\/posts\/16812","targetHints":{"allow":["GET"]}}],"collection":[{"href":"https:\/\/www.elpolitologoyelpolitico.com.ar\/wordpress\/wp-json\/wp\/v2\/posts"}],"about":[{"href":"https:\/\/www.elpolitologoyelpolitico.com.ar\/wordpress\/wp-json\/wp\/v2\/types\/post"}],"author":[{"embeddable":true,"href":"https:\/\/www.elpolitologoyelpolitico.com.ar\/wordpress\/wp-json\/wp\/v2\/users\/4"}],"replies":[{"embeddable":true,"href":"https:\/\/www.elpolitologoyelpolitico.com.ar\/wordpress\/wp-json\/wp\/v2\/comments?post=16812"}],"version-history":[{"count":0,"href":"https:\/\/www.elpolitologoyelpolitico.com.ar\/wordpress\/wp-json\/wp\/v2\/posts\/16812\/revisions"}],"wp:featuredmedia":[{"embeddable":true,"href":"https:\/\/www.elpolitologoyelpolitico.com.ar\/wordpress\/wp-json\/wp\/v2\/media\/16814"}],"wp:attachment":[{"href":"https:\/\/www.elpolitologoyelpolitico.com.ar\/wordpress\/wp-json\/wp\/v2\/media?parent=16812"}],"wp:term":[{"taxonomy":"category","embeddable":true,"href":"https:\/\/www.elpolitologoyelpolitico.com.ar\/wordpress\/wp-json\/wp\/v2\/categories?post=16812"},{"taxonomy":"post_tag","embeddable":true,"href":"https:\/\/www.elpolitologoyelpolitico.com.ar\/wordpress\/wp-json\/wp\/v2\/tags?post=16812"}],"curies":[{"name":"wp","href":"https:\/\/api.w.org\/{rel}","templated":true}]}}