{"id":16806,"date":"2022-02-25T12:41:27","date_gmt":"2022-02-25T12:41:27","guid":{"rendered":"https:\/\/www.elpolitologoyelpolitico.com.ar\/wordpress\/?p=16806"},"modified":"2022-02-25T12:42:35","modified_gmt":"2022-02-25T12:42:35","slug":"la-fiesta-provincial-del-rio-rendira-homenaje-a-tres-iconos-de-la-musica-popular-argentina-2","status":"publish","type":"post","link":"https:\/\/www.elpolitologoyelpolitico.com.ar\/wordpress\/2022\/02\/25\/la-fiesta-provincial-del-rio-rendira-homenaje-a-tres-iconos-de-la-musica-popular-argentina-2\/","title":{"rendered":"La Fiesta Provincial del R\u00edo rendir\u00e1 homenaje a tres iconos de la m\u00fasica popular argentina"},"content":{"rendered":"\t\t<div data-elementor-type=\"wp-post\" data-elementor-id=\"16806\" class=\"elementor elementor-16806\">\n\t\t\t\t\t\t<section class=\"elementor-section elementor-top-section elementor-element elementor-element-38eeaa68 elementor-section-boxed elementor-section-height-default elementor-section-height-default\" data-id=\"38eeaa68\" data-element_type=\"section\" data-e-type=\"section\">\n\t\t\t\t\t\t<div class=\"elementor-container elementor-column-gap-default\">\n\t\t\t\t\t<div class=\"elementor-column elementor-col-100 elementor-top-column elementor-element elementor-element-d805625\" data-id=\"d805625\" data-element_type=\"column\" data-e-type=\"column\">\n\t\t\t<div class=\"elementor-widget-wrap elementor-element-populated\">\n\t\t\t\t\t\t<div class=\"elementor-element elementor-element-7057f7df elementor-widget elementor-widget-text-editor\" data-id=\"7057f7df\" data-element_type=\"widget\" data-e-type=\"widget\" data-widget_type=\"text-editor.default\">\n\t\t\t\t<div class=\"elementor-widget-container\">\n\t\t\t\t\t\t\t\t\t\n<p><\/p>\n\n\n\n<p>Durante los tres d\u00edas de la Fiesta Provincial del R\u00edo artistas y bandas de nuestra comarca realizar\u00e1n tributos a diferentes iconos de la m\u00fasica popular argentina recorriendo diversos g\u00e9neros musicales<\/p>\n\n\n\n<p>En esta primera experiencia diferentes m\u00fasicas y m\u00fasicos de bandas, se unen para rendir tributo a Gilda, Horacio Guarany y Charly Garc\u00eda.<\/p>\n\n\n\n<p>El s\u00e1bado 26, desde las 21.30hs, se realizar\u00e1 el tributo a Gilda \u201cNo me arrepiento de este amor\u201d en la voz de Gocia junto a los m\u00fasicos Lucas Alonso en percusi\u00f3n, Carlos Huaiquillan en timbales, Pablo Guenumil en trompeta, Juan Marcos Martinez en guitarra, Miguel Trivilao en bajo, Marcelo Perez en trompeta, Sebastian Curileo en teclado y coros y Sergio Diaz en guiro, que recorrer\u00e1 canciones emblem\u00e1ticas de \u201cLa reina de la bailanta\u201d como \u201cFuiste\u201d, \u201cPaisaje\u201d y \u201cSe me ha perdido un coraz\u00f3n\u201d.<\/p>\n\n\n\n<p>Asimismo, el domingo 27, tambi\u00e9n a las 21.30hs, ser\u00e1 el turno del folclore: \u201cSi se calla el cantor, calla la vida\u201d homenaje a Horacio Guarany, interpretado por Gabriel Luquez en voz, Juan Pablo Alejandro Flores en 2da guitarra, Fabio Vallejo en 1ra guitarra, Sergio Fuente en 3ra guitarra y Carlos Calder\u00f3n en bombo leguero, acompa\u00f1ados tambi\u00e9n por el grupo de danzas municipal \u201cRa\u00edz Folclorica\u201d que interpretar\u00e1n reconocidas canciones como \u201cLa villerita\u201d, \u201cCaballo que no galopa\u201d, entre otras.<\/p>\n\n\n\n<p>En la \u00faltima jornada de la Fiesta Provincial del R\u00edo, a las 20.30hs, ser\u00e1 el turno del rock de la mano de \u201cSolo quiero ser un enfermero\u201d homenaje a Charly Garcia, que recorrer\u00e1 memorables canciones como \u201cDemoliendo Hoteles\u201d, \u201cRasgu\u00f1a las piedras\u201d, entre otras.<\/p>\n\n\n\n<p>Este tributo no solo ser\u00e1 homenaje a Charly Garc\u00eda, sino tambi\u00e9n un reconocimiento a las y los trabajadores de salud p\u00fablica, quienes acompa\u00f1aron y acompa\u00f1an cotidianamente a la comunidad en contexto de pandemia.<\/p>\n\n\n\n<p>Las y los m\u00fasicos que integran este tributo son Matias Otero en Bajo, Maxi Diaz en Teclado\/ Jony Diaz en Bater\u00eda, Flavio Gomez en voz, Diego Manquepi en 2do teclado, Mat\u00edas Miguel en 1ra Guitarra, Juan Santos en 2da Guitarra, Axel Rubiolo en Chello y Gabriela Iglesias en Viol\u00edn, acompa\u00f1ados por el Coro Municipal dirigido por Hern\u00e1n Per\u00e9z Huez\u00f3.<\/p>\n\t\t\t\t\t\t\t\t<\/div>\n\t\t\t\t<\/div>\n\t\t\t\t\t<\/div>\n\t\t<\/div>\n\t\t\t\t\t<\/div>\n\t\t<\/section>\n\t\t\t\t<\/div>\n\t\t<div class=\"fb-background-color\">\n\t\t\t  <div \n\t\t\t  \tclass = \"fb-comments\" \n\t\t\t  \tdata-href = \"https:\/\/www.elpolitologoyelpolitico.com.ar\/wordpress\/2022\/02\/25\/la-fiesta-provincial-del-rio-rendira-homenaje-a-tres-iconos-de-la-musica-popular-argentina-2\/\"\n\t\t\t  \tdata-numposts = \"10\"\n\t\t\t  \tdata-lazy = \"true\"\n\t\t\t\tdata-colorscheme = \"light\"\n\t\t\t\tdata-order-by = \"social\"\n\t\t\t\tdata-mobile=true>\n\t\t\t  <\/div><\/div>\n\t\t  <style>\n\t\t    .fb-background-color {\n\t\t\t\tbackground: #ffffff !important;\n\t\t\t}\n\t\t\t.fb_iframe_widget_fluid_desktop iframe {\n\t\t\t    width: 100% !important;\n\t\t\t}\n\t\t  <\/style>\n\t\t  ","protected":false},"excerpt":{"rendered":"<p>Durante los tres d\u00edas de la Fiesta Provincial del R\u00edo artistas y bandas de nuestra comarca realizar\u00e1n tributos a diferentes iconos de la m\u00fasica popular argentina recorriendo diversos g\u00e9neros musicales En esta primera experiencia diferentes m\u00fasicas y m\u00fasicos de bandas, se unen para rendir tributo a Gilda, Horacio Guarany y Charly Garc\u00eda. El s\u00e1bado 26, [&hellip;]<\/p>\n","protected":false},"author":4,"featured_media":16807,"comment_status":"closed","ping_status":"closed","sticky":false,"template":"","format":"standard","meta":{"_joinchat":[],"footnotes":""},"categories":[39],"tags":[],"class_list":["post-16806","post","type-post","status-publish","format-standard","has-post-thumbnail","hentry","category-en-esta-seccion"],"_links":{"self":[{"href":"https:\/\/www.elpolitologoyelpolitico.com.ar\/wordpress\/wp-json\/wp\/v2\/posts\/16806","targetHints":{"allow":["GET"]}}],"collection":[{"href":"https:\/\/www.elpolitologoyelpolitico.com.ar\/wordpress\/wp-json\/wp\/v2\/posts"}],"about":[{"href":"https:\/\/www.elpolitologoyelpolitico.com.ar\/wordpress\/wp-json\/wp\/v2\/types\/post"}],"author":[{"embeddable":true,"href":"https:\/\/www.elpolitologoyelpolitico.com.ar\/wordpress\/wp-json\/wp\/v2\/users\/4"}],"replies":[{"embeddable":true,"href":"https:\/\/www.elpolitologoyelpolitico.com.ar\/wordpress\/wp-json\/wp\/v2\/comments?post=16806"}],"version-history":[{"count":0,"href":"https:\/\/www.elpolitologoyelpolitico.com.ar\/wordpress\/wp-json\/wp\/v2\/posts\/16806\/revisions"}],"wp:featuredmedia":[{"embeddable":true,"href":"https:\/\/www.elpolitologoyelpolitico.com.ar\/wordpress\/wp-json\/wp\/v2\/media\/16807"}],"wp:attachment":[{"href":"https:\/\/www.elpolitologoyelpolitico.com.ar\/wordpress\/wp-json\/wp\/v2\/media?parent=16806"}],"wp:term":[{"taxonomy":"category","embeddable":true,"href":"https:\/\/www.elpolitologoyelpolitico.com.ar\/wordpress\/wp-json\/wp\/v2\/categories?post=16806"},{"taxonomy":"post_tag","embeddable":true,"href":"https:\/\/www.elpolitologoyelpolitico.com.ar\/wordpress\/wp-json\/wp\/v2\/tags?post=16806"}],"curies":[{"name":"wp","href":"https:\/\/api.w.org\/{rel}","templated":true}]}}