{"id":16794,"date":"2022-02-25T00:39:36","date_gmt":"2022-02-25T00:39:36","guid":{"rendered":"https:\/\/www.elpolitologoyelpolitico.com.ar\/wordpress\/?p=16794"},"modified":"2022-02-25T00:39:39","modified_gmt":"2022-02-25T00:39:39","slug":"patagones-se-suspenden-las-actividades-educativas-por-alerta-meteorologica","status":"publish","type":"post","link":"https:\/\/www.elpolitologoyelpolitico.com.ar\/wordpress\/2022\/02\/25\/patagones-se-suspenden-las-actividades-educativas-por-alerta-meteorologica\/","title":{"rendered":"PATAGONES: Se suspenden las actividades educativas por alerta meteorol\u00f3gica"},"content":{"rendered":"\n<p>El viento, la lluvia y todo lo que esta causando el temporal en Patagones y zonas aleda\u00f1as, llev\u00f3 a la decisi\u00f3n de suspender las distintas actividades educativas.<br><\/p>\n\n\n\n<p>La informaci\u00f3n oficial fue dictaminada por Jefatura Distrital y el Consejo Escolar.<br><\/p>\n\n\n\n<p>Aquellas instituciones donde se encuentren alumnos\/as deben comunicarse con las familias para que lo retiren.<\/p>\n<div class=\"fb-background-color\">\n\t\t\t  <div \n\t\t\t  \tclass = \"fb-comments\" \n\t\t\t  \tdata-href = \"https:\/\/www.elpolitologoyelpolitico.com.ar\/wordpress\/2022\/02\/25\/patagones-se-suspenden-las-actividades-educativas-por-alerta-meteorologica\/\"\n\t\t\t  \tdata-numposts = \"10\"\n\t\t\t  \tdata-lazy = \"true\"\n\t\t\t\tdata-colorscheme = \"light\"\n\t\t\t\tdata-order-by = \"social\"\n\t\t\t\tdata-mobile=true>\n\t\t\t  <\/div><\/div>\n\t\t  <style>\n\t\t    .fb-background-color {\n\t\t\t\tbackground: #ffffff !important;\n\t\t\t}\n\t\t\t.fb_iframe_widget_fluid_desktop iframe {\n\t\t\t    width: 100% !important;\n\t\t\t}\n\t\t  <\/style>\n\t\t  ","protected":false},"excerpt":{"rendered":"<p>El viento, la lluvia y todo lo que esta causando el temporal en Patagones y zonas aleda\u00f1as, llev\u00f3 a la decisi\u00f3n de suspender las distintas actividades educativas. La informaci\u00f3n oficial fue dictaminada por Jefatura Distrital y el Consejo Escolar. Aquellas instituciones donde se encuentren alumnos\/as deben comunicarse con las familias para que lo retiren.<\/p>\n","protected":false},"author":4,"featured_media":16795,"comment_status":"closed","ping_status":"closed","sticky":false,"template":"","format":"standard","meta":{"_joinchat":[],"footnotes":""},"categories":[39],"tags":[],"class_list":["post-16794","post","type-post","status-publish","format-standard","has-post-thumbnail","hentry","category-en-esta-seccion"],"_links":{"self":[{"href":"https:\/\/www.elpolitologoyelpolitico.com.ar\/wordpress\/wp-json\/wp\/v2\/posts\/16794","targetHints":{"allow":["GET"]}}],"collection":[{"href":"https:\/\/www.elpolitologoyelpolitico.com.ar\/wordpress\/wp-json\/wp\/v2\/posts"}],"about":[{"href":"https:\/\/www.elpolitologoyelpolitico.com.ar\/wordpress\/wp-json\/wp\/v2\/types\/post"}],"author":[{"embeddable":true,"href":"https:\/\/www.elpolitologoyelpolitico.com.ar\/wordpress\/wp-json\/wp\/v2\/users\/4"}],"replies":[{"embeddable":true,"href":"https:\/\/www.elpolitologoyelpolitico.com.ar\/wordpress\/wp-json\/wp\/v2\/comments?post=16794"}],"version-history":[{"count":0,"href":"https:\/\/www.elpolitologoyelpolitico.com.ar\/wordpress\/wp-json\/wp\/v2\/posts\/16794\/revisions"}],"wp:featuredmedia":[{"embeddable":true,"href":"https:\/\/www.elpolitologoyelpolitico.com.ar\/wordpress\/wp-json\/wp\/v2\/media\/16795"}],"wp:attachment":[{"href":"https:\/\/www.elpolitologoyelpolitico.com.ar\/wordpress\/wp-json\/wp\/v2\/media?parent=16794"}],"wp:term":[{"taxonomy":"category","embeddable":true,"href":"https:\/\/www.elpolitologoyelpolitico.com.ar\/wordpress\/wp-json\/wp\/v2\/categories?post=16794"},{"taxonomy":"post_tag","embeddable":true,"href":"https:\/\/www.elpolitologoyelpolitico.com.ar\/wordpress\/wp-json\/wp\/v2\/tags?post=16794"}],"curies":[{"name":"wp","href":"https:\/\/api.w.org\/{rel}","templated":true}]}}