{"id":16789,"date":"2022-02-24T23:40:55","date_gmt":"2022-02-24T23:40:55","guid":{"rendered":"https:\/\/www.elpolitologoyelpolitico.com.ar\/wordpress\/?p=16789"},"modified":"2022-02-24T23:40:58","modified_gmt":"2022-02-24T23:40:58","slug":"rio-negro-avanza-para-la-generacion-de-40-lotes-de-suelo-urbano-en-roca","status":"publish","type":"post","link":"https:\/\/www.elpolitologoyelpolitico.com.ar\/wordpress\/2022\/02\/24\/rio-negro-avanza-para-la-generacion-de-40-lotes-de-suelo-urbano-en-roca\/","title":{"rendered":"R\u00edo Negro avanza para la generaci\u00f3n de 40 lotes de Suelo Urbano en Roca"},"content":{"rendered":"\n<p><\/p>\n\n\n\n<p>La Gobernadora, Arabela Carreras, y el ministro de Gobierno y Comunidad, Rodrigo Buteler, recibieron al Presidente del Bloque de Concejales por Juntos Somos R\u00edo Negro (JSRN) de General Roca, Gustavo Maida, para avanzar en la implementaci\u00f3n del programa \u201cR\u00edo Negro Suelo Urbano\u201d.<\/p>\n\n\n\n<p>\u201cGeneral Roca forma parte de nuestro proyecto de integraci\u00f3n provincial y Suelo Urbano es una de las grandes pol\u00edticas p\u00fablicas que tenemos de acceso a la tierra. Queremos llegar a la ciudad con esta herramienta para brindar m\u00e1s oportunidades a las familias roquenses\u201d, destac\u00f3 Buteler. En este sentido a\u00f1adi\u00f3 que \u201cvamos a trabajar junto a la interventora del IPPV, In\u00e9s P\u00e9rez Raventos, en la factibilidad de llevar los servicios a este loteo\u201d.<\/p>\n\n\n\n<p>Por su parte, el Concejal Maida inform\u00f3 que \u201cvamos a gestionar ante la Municipalidad para poder hacer los trabajos de nivelaci\u00f3n y de relleno de los terrenos correspondientes, para la posterior licitaci\u00f3n de la obra\u201d.<\/p>\n\n\n\n<p>Explic\u00f3 que \u201cse trata de un loteo de tres manzanas al oeste de la ciudad de Roca que fue cedido a la Provincia a trav\u00e9s del Concejo Deliberante\u201d.<\/p>\n\n\n\n<p>En este marco, el Ministro y Concejal se reunieron adem\u00e1s con la Subsecretar\u00eda de Licitaciones y Suministros de Suelo Urbano, M\u00f3nica Temprano, y la interventora del IPPV In\u00e9s Perez Raventos, con quienes avanzaron en el an\u00e1lisis de la factibilidad del proyecto y acordaron los pr\u00f3ximos pasos a seguir.<\/p>\n\n\n\n<p>Con respecto a esto, Buteler destac\u00f3 que \u201chay muchas familias roquenses que esperan poder acceder a lotes con servicios a un precio razonable y a la altura de sus posibilidades. Por eso, estamos trabajando fuertemente para lograr implementar este programa en la ciudad\u201d.<\/p>\n\n\n\n<figure class=\"wp-block-image size-large\"><img fetchpriority=\"high\" decoding=\"async\" width=\"1024\" height=\"605\" src=\"https:\/\/www.elpolitologoyelpolitico.com.ar\/wp-content\/uploads\/2022\/02\/IMG-20220224-WA0042-1024x605.jpg\" alt=\"\" class=\"wp-image-16791\" srcset=\"https:\/\/www.elpolitologoyelpolitico.com.ar\/wp-content\/uploads\/2022\/02\/IMG-20220224-WA0042-1024x605.jpg 1024w, https:\/\/www.elpolitologoyelpolitico.com.ar\/wp-content\/uploads\/2022\/02\/IMG-20220224-WA0042-300x177.jpg 300w, https:\/\/www.elpolitologoyelpolitico.com.ar\/wp-content\/uploads\/2022\/02\/IMG-20220224-WA0042-768x454.jpg 768w, https:\/\/www.elpolitologoyelpolitico.com.ar\/wp-content\/uploads\/2022\/02\/IMG-20220224-WA0042.jpg 1280w\" sizes=\"(max-width: 1024px) 100vw, 1024px\" \/><\/figure>\n<div class=\"fb-background-color\">\n\t\t\t  <div \n\t\t\t  \tclass = \"fb-comments\" \n\t\t\t  \tdata-href = \"https:\/\/www.elpolitologoyelpolitico.com.ar\/wordpress\/2022\/02\/24\/rio-negro-avanza-para-la-generacion-de-40-lotes-de-suelo-urbano-en-roca\/\"\n\t\t\t  \tdata-numposts = \"10\"\n\t\t\t  \tdata-lazy = \"true\"\n\t\t\t\tdata-colorscheme = \"light\"\n\t\t\t\tdata-order-by = \"social\"\n\t\t\t\tdata-mobile=true>\n\t\t\t  <\/div><\/div>\n\t\t  <style>\n\t\t    .fb-background-color {\n\t\t\t\tbackground: #ffffff !important;\n\t\t\t}\n\t\t\t.fb_iframe_widget_fluid_desktop iframe {\n\t\t\t    width: 100% !important;\n\t\t\t}\n\t\t  <\/style>\n\t\t  ","protected":false},"excerpt":{"rendered":"<p>La Gobernadora, Arabela Carreras, y el ministro de Gobierno y Comunidad, Rodrigo Buteler, recibieron al Presidente del Bloque de Concejales por Juntos Somos R\u00edo Negro (JSRN) de General Roca, Gustavo Maida, para avanzar en la implementaci\u00f3n del programa \u201cR\u00edo Negro Suelo Urbano\u201d. \u201cGeneral Roca forma parte de nuestro proyecto de integraci\u00f3n provincial y Suelo Urbano [&hellip;]<\/p>\n","protected":false},"author":4,"featured_media":16790,"comment_status":"closed","ping_status":"closed","sticky":false,"template":"","format":"standard","meta":{"_joinchat":[],"footnotes":""},"categories":[4],"tags":[],"class_list":["post-16789","post","type-post","status-publish","format-standard","has-post-thumbnail","hentry","category-politicas-publicas"],"_links":{"self":[{"href":"https:\/\/www.elpolitologoyelpolitico.com.ar\/wordpress\/wp-json\/wp\/v2\/posts\/16789","targetHints":{"allow":["GET"]}}],"collection":[{"href":"https:\/\/www.elpolitologoyelpolitico.com.ar\/wordpress\/wp-json\/wp\/v2\/posts"}],"about":[{"href":"https:\/\/www.elpolitologoyelpolitico.com.ar\/wordpress\/wp-json\/wp\/v2\/types\/post"}],"author":[{"embeddable":true,"href":"https:\/\/www.elpolitologoyelpolitico.com.ar\/wordpress\/wp-json\/wp\/v2\/users\/4"}],"replies":[{"embeddable":true,"href":"https:\/\/www.elpolitologoyelpolitico.com.ar\/wordpress\/wp-json\/wp\/v2\/comments?post=16789"}],"version-history":[{"count":0,"href":"https:\/\/www.elpolitologoyelpolitico.com.ar\/wordpress\/wp-json\/wp\/v2\/posts\/16789\/revisions"}],"wp:featuredmedia":[{"embeddable":true,"href":"https:\/\/www.elpolitologoyelpolitico.com.ar\/wordpress\/wp-json\/wp\/v2\/media\/16790"}],"wp:attachment":[{"href":"https:\/\/www.elpolitologoyelpolitico.com.ar\/wordpress\/wp-json\/wp\/v2\/media?parent=16789"}],"wp:term":[{"taxonomy":"category","embeddable":true,"href":"https:\/\/www.elpolitologoyelpolitico.com.ar\/wordpress\/wp-json\/wp\/v2\/categories?post=16789"},{"taxonomy":"post_tag","embeddable":true,"href":"https:\/\/www.elpolitologoyelpolitico.com.ar\/wordpress\/wp-json\/wp\/v2\/tags?post=16789"}],"curies":[{"name":"wp","href":"https:\/\/api.w.org\/{rel}","templated":true}]}}