{"id":16758,"date":"2022-02-24T16:05:01","date_gmt":"2022-02-24T16:05:01","guid":{"rendered":"https:\/\/www.elpolitologoyelpolitico.com.ar\/wordpress\/?p=16758"},"modified":"2022-02-24T16:05:33","modified_gmt":"2022-02-24T16:05:33","slug":"ya-estan-a-la-venta-las-entradas-para-los-espectaculos-de-la-fiesta-de-la-soberania-patagonica","status":"publish","type":"post","link":"https:\/\/www.elpolitologoyelpolitico.com.ar\/wordpress\/2022\/02\/24\/ya-estan-a-la-venta-las-entradas-para-los-espectaculos-de-la-fiesta-de-la-soberania-patagonica\/","title":{"rendered":"Ya est\u00e1n a la venta las entradas para los espect\u00e1culos de la Fiesta de la Soberan\u00eda Patag\u00f3nica"},"content":{"rendered":"\t\t<div data-elementor-type=\"wp-post\" data-elementor-id=\"16758\" class=\"elementor elementor-16758\">\n\t\t\t\t\t\t<section class=\"elementor-section elementor-top-section elementor-element elementor-element-6dffc00a elementor-section-boxed elementor-section-height-default elementor-section-height-default\" data-id=\"6dffc00a\" data-element_type=\"section\" data-e-type=\"section\">\n\t\t\t\t\t\t<div class=\"elementor-container elementor-column-gap-default\">\n\t\t\t\t\t<div class=\"elementor-column elementor-col-100 elementor-top-column elementor-element elementor-element-6a0fb9b0\" data-id=\"6a0fb9b0\" data-element_type=\"column\" data-e-type=\"column\">\n\t\t\t<div class=\"elementor-widget-wrap elementor-element-populated\">\n\t\t\t\t\t\t<div class=\"elementor-element elementor-element-2b66813a elementor-widget elementor-widget-text-editor\" data-id=\"2b66813a\" data-element_type=\"widget\" data-e-type=\"widget\" data-widget_type=\"text-editor.default\">\n\t\t\t\t<div class=\"elementor-widget-container\">\n\t\t\t\t\t\t\t\t\t\n<p><\/p>\n\n\n\n<p>La Municipalidad de Patagones informa a los vecinos que a partir de ma\u00f1ana, jueves 24 de febrero, comenzar\u00e1 la venta de entradas para los espect\u00e1culos de la Fiesta de la Soberan\u00eda Patag\u00f3nica.<\/p>\n\n\n\n<p>Las mismas estar\u00e1n a la venta en la Agencia de Recaudaci\u00f3n Municipal (ARM), ubicada en la intersecci\u00f3n de las calles Avellaneda y Bertorello de 8 a 13 horas.<\/p>\n\n\n\n<p>Adem\u00e1s, a partir del 3 de marzo tambi\u00e9n podr\u00e1n ser adquiridas en el predio del Ferrocarril, donde se llevar\u00e1 a cabo la fiesta.<\/p>\n\n\n\n<p>Tambi\u00e9n estar\u00e1n disponibles para la venta en las distintas delegaciones del interior del Partido.<\/p>\n\t\t\t\t\t\t\t\t<\/div>\n\t\t\t\t<\/div>\n\t\t\t\t\t<\/div>\n\t\t<\/div>\n\t\t\t\t\t<\/div>\n\t\t<\/section>\n\t\t\t\t<\/div>\n\t\t<div class=\"fb-background-color\">\n\t\t\t  <div \n\t\t\t  \tclass = \"fb-comments\" \n\t\t\t  \tdata-href = \"https:\/\/www.elpolitologoyelpolitico.com.ar\/wordpress\/2022\/02\/24\/ya-estan-a-la-venta-las-entradas-para-los-espectaculos-de-la-fiesta-de-la-soberania-patagonica\/\"\n\t\t\t  \tdata-numposts = \"10\"\n\t\t\t  \tdata-lazy = \"true\"\n\t\t\t\tdata-colorscheme = \"light\"\n\t\t\t\tdata-order-by = \"social\"\n\t\t\t\tdata-mobile=true>\n\t\t\t  <\/div><\/div>\n\t\t  <style>\n\t\t    .fb-background-color {\n\t\t\t\tbackground: #ffffff !important;\n\t\t\t}\n\t\t\t.fb_iframe_widget_fluid_desktop iframe {\n\t\t\t    width: 100% !important;\n\t\t\t}\n\t\t  <\/style>\n\t\t  ","protected":false},"excerpt":{"rendered":"<p>La Municipalidad de Patagones informa a los vecinos que a partir de ma\u00f1ana, jueves 24 de febrero, comenzar\u00e1 la venta de entradas para los espect\u00e1culos de la Fiesta de la Soberan\u00eda Patag\u00f3nica. Las mismas estar\u00e1n a la venta en la Agencia de Recaudaci\u00f3n Municipal (ARM), ubicada en la intersecci\u00f3n de las calles Avellaneda y Bertorello [&hellip;]<\/p>\n","protected":false},"author":4,"featured_media":16759,"comment_status":"closed","ping_status":"closed","sticky":false,"template":"","format":"standard","meta":{"_joinchat":[],"footnotes":""},"categories":[39],"tags":[],"class_list":["post-16758","post","type-post","status-publish","format-standard","has-post-thumbnail","hentry","category-en-esta-seccion"],"_links":{"self":[{"href":"https:\/\/www.elpolitologoyelpolitico.com.ar\/wordpress\/wp-json\/wp\/v2\/posts\/16758","targetHints":{"allow":["GET"]}}],"collection":[{"href":"https:\/\/www.elpolitologoyelpolitico.com.ar\/wordpress\/wp-json\/wp\/v2\/posts"}],"about":[{"href":"https:\/\/www.elpolitologoyelpolitico.com.ar\/wordpress\/wp-json\/wp\/v2\/types\/post"}],"author":[{"embeddable":true,"href":"https:\/\/www.elpolitologoyelpolitico.com.ar\/wordpress\/wp-json\/wp\/v2\/users\/4"}],"replies":[{"embeddable":true,"href":"https:\/\/www.elpolitologoyelpolitico.com.ar\/wordpress\/wp-json\/wp\/v2\/comments?post=16758"}],"version-history":[{"count":0,"href":"https:\/\/www.elpolitologoyelpolitico.com.ar\/wordpress\/wp-json\/wp\/v2\/posts\/16758\/revisions"}],"wp:featuredmedia":[{"embeddable":true,"href":"https:\/\/www.elpolitologoyelpolitico.com.ar\/wordpress\/wp-json\/wp\/v2\/media\/16759"}],"wp:attachment":[{"href":"https:\/\/www.elpolitologoyelpolitico.com.ar\/wordpress\/wp-json\/wp\/v2\/media?parent=16758"}],"wp:term":[{"taxonomy":"category","embeddable":true,"href":"https:\/\/www.elpolitologoyelpolitico.com.ar\/wordpress\/wp-json\/wp\/v2\/categories?post=16758"},{"taxonomy":"post_tag","embeddable":true,"href":"https:\/\/www.elpolitologoyelpolitico.com.ar\/wordpress\/wp-json\/wp\/v2\/tags?post=16758"}],"curies":[{"name":"wp","href":"https:\/\/api.w.org\/{rel}","templated":true}]}}