{"id":16745,"date":"2022-02-24T00:54:31","date_gmt":"2022-02-24T00:54:31","guid":{"rendered":"https:\/\/www.elpolitologoyelpolitico.com.ar\/wordpress\/?p=16745"},"modified":"2022-02-24T00:55:23","modified_gmt":"2022-02-24T00:55:23","slug":"diferentes-actividades-deportivas-acompanaran-la-fiesta-provincial-del-rio","status":"publish","type":"post","link":"https:\/\/www.elpolitologoyelpolitico.com.ar\/wordpress\/2022\/02\/24\/diferentes-actividades-deportivas-acompanaran-la-fiesta-provincial-del-rio\/","title":{"rendered":"Diferentes actividades deportivas acompa\u00f1ar\u00e1n la Fiesta Provincial del R\u00edo"},"content":{"rendered":"\t\t<div data-elementor-type=\"wp-post\" data-elementor-id=\"16745\" class=\"elementor elementor-16745\">\n\t\t\t\t\t\t<section class=\"elementor-section elementor-top-section elementor-element elementor-element-5fcc23cc elementor-section-boxed elementor-section-height-default elementor-section-height-default\" data-id=\"5fcc23cc\" data-element_type=\"section\" data-e-type=\"section\">\n\t\t\t\t\t\t<div class=\"elementor-container elementor-column-gap-default\">\n\t\t\t\t\t<div class=\"elementor-column elementor-col-100 elementor-top-column elementor-element elementor-element-16477a3a\" data-id=\"16477a3a\" data-element_type=\"column\" data-e-type=\"column\">\n\t\t\t<div class=\"elementor-widget-wrap elementor-element-populated\">\n\t\t\t\t\t\t<div class=\"elementor-element elementor-element-389dd0f4 elementor-widget elementor-widget-text-editor\" data-id=\"389dd0f4\" data-element_type=\"widget\" data-e-type=\"widget\" data-widget_type=\"text-editor.default\">\n\t\t\t\t<div class=\"elementor-widget-container\">\n\t\t\t\t\t\t\t\t\t\n<p><\/p>\n\n\n\n<p>En el marco de la Fiesta Provincial del R\u00edo, se desarrollar\u00e1n tambi\u00e9n diferentes propuestas deportivas en la Costanera de la ciudad.<\/p>\n\n\n\n<p>Este viernes 25 de febrero, desde las 16hs se disputar\u00e1 la final de la Liga Municipal de B\u00e1squet 3\u00d73, donde participan las categor\u00edas mini mixto, u14, u16 y u18 (femenino y masculino) con 30 equipos de mini a U18 y 100 jugadorxs en los cuales se disputan m\u00e1s de 50 partidos.<\/p>\n\n\n\n<p>Esta liga se organiza en conjunto con la Asociaci\u00f3n de B\u00e1squet del Valle Inferior en el nuevo play\u00f3n del parque Jorge Ferreira.<\/p>\n\n\n\n<p>El viernes 25 de febrero, desde las 15hs, se realizar\u00e1 un Torneo abierto de Ajedrez en el Parque Jorge Ferreira, a la altura del Reloj de Sol. Inscripciones abiertas hasta el mismo horario de juego. L\u00edmite 16 jugadorxs.<\/p>\n\n\n\n<p>El Torneo de Ajedrez&nbsp; ser\u00e1 dirigido y arbitrado por Godofredo Llanos Romero y se realizar\u00e1 con sistema de juego suizo; de seis rondas, sistema de desempate bucholtz total con un ritmo de juego de 20 minutos por persona.<\/p>\n\n\n\n<p>Asimismo el viernes 25, desde las 14hs, se llevar\u00e1 adelante un Torneo de F\u00fatbol Playa en el caj\u00f3n de arena delPolideportivo, y el s\u00e1bado 26, desde las 10hs en el parador de Roma Costero, habr\u00e1 Cruce Simple del r\u00edo.<\/p>\n\n\n\n<p>Adem\u00e1s el 26 de febrero, desde las 12hs se llevar\u00e1 adelante el triaKids, para ni\u00f1as y ni\u00f1os de 4 a\u00f1os a 12 a\u00f1os, donde tendr\u00e1n que concurrir con casco y bicicleta. Las Inscripciones pueden realizarse al mail <a href=\"mailto:viedmadeportes@hotmail.com\">viedmadeportes@hotmail.com<\/a><\/p>\n\n\n\n<p>Adem\u00e1s, el domingo 27 acompa\u00f1aremos al Club Villa Congreso en la Competencia de Aguas abiertas 3k, que se realizar\u00e1 desde las 10hs en el Puente Basilio Villarino.<\/p>\n\t\t\t\t\t\t\t\t<\/div>\n\t\t\t\t<\/div>\n\t\t\t\t\t<\/div>\n\t\t<\/div>\n\t\t\t\t\t<\/div>\n\t\t<\/section>\n\t\t\t\t<\/div>\n\t\t<div class=\"fb-background-color\">\n\t\t\t  <div \n\t\t\t  \tclass = \"fb-comments\" \n\t\t\t  \tdata-href = \"https:\/\/www.elpolitologoyelpolitico.com.ar\/wordpress\/2022\/02\/24\/diferentes-actividades-deportivas-acompanaran-la-fiesta-provincial-del-rio\/\"\n\t\t\t  \tdata-numposts = \"10\"\n\t\t\t  \tdata-lazy = \"true\"\n\t\t\t\tdata-colorscheme = \"light\"\n\t\t\t\tdata-order-by = \"social\"\n\t\t\t\tdata-mobile=true>\n\t\t\t  <\/div><\/div>\n\t\t  <style>\n\t\t    .fb-background-color {\n\t\t\t\tbackground: #ffffff !important;\n\t\t\t}\n\t\t\t.fb_iframe_widget_fluid_desktop iframe {\n\t\t\t    width: 100% !important;\n\t\t\t}\n\t\t  <\/style>\n\t\t  ","protected":false},"excerpt":{"rendered":"<p>En el marco de la Fiesta Provincial del R\u00edo, se desarrollar\u00e1n tambi\u00e9n diferentes propuestas deportivas en la Costanera de la ciudad. Este viernes 25 de febrero, desde las 16hs se disputar\u00e1 la final de la Liga Municipal de B\u00e1squet 3\u00d73, donde participan las categor\u00edas mini mixto, u14, u16 y u18 (femenino y masculino) con 30 [&hellip;]<\/p>\n","protected":false},"author":4,"featured_media":16746,"comment_status":"closed","ping_status":"closed","sticky":false,"template":"","format":"standard","meta":{"_joinchat":[],"footnotes":""},"categories":[39],"tags":[],"class_list":["post-16745","post","type-post","status-publish","format-standard","has-post-thumbnail","hentry","category-en-esta-seccion"],"_links":{"self":[{"href":"https:\/\/www.elpolitologoyelpolitico.com.ar\/wordpress\/wp-json\/wp\/v2\/posts\/16745","targetHints":{"allow":["GET"]}}],"collection":[{"href":"https:\/\/www.elpolitologoyelpolitico.com.ar\/wordpress\/wp-json\/wp\/v2\/posts"}],"about":[{"href":"https:\/\/www.elpolitologoyelpolitico.com.ar\/wordpress\/wp-json\/wp\/v2\/types\/post"}],"author":[{"embeddable":true,"href":"https:\/\/www.elpolitologoyelpolitico.com.ar\/wordpress\/wp-json\/wp\/v2\/users\/4"}],"replies":[{"embeddable":true,"href":"https:\/\/www.elpolitologoyelpolitico.com.ar\/wordpress\/wp-json\/wp\/v2\/comments?post=16745"}],"version-history":[{"count":0,"href":"https:\/\/www.elpolitologoyelpolitico.com.ar\/wordpress\/wp-json\/wp\/v2\/posts\/16745\/revisions"}],"wp:featuredmedia":[{"embeddable":true,"href":"https:\/\/www.elpolitologoyelpolitico.com.ar\/wordpress\/wp-json\/wp\/v2\/media\/16746"}],"wp:attachment":[{"href":"https:\/\/www.elpolitologoyelpolitico.com.ar\/wordpress\/wp-json\/wp\/v2\/media?parent=16745"}],"wp:term":[{"taxonomy":"category","embeddable":true,"href":"https:\/\/www.elpolitologoyelpolitico.com.ar\/wordpress\/wp-json\/wp\/v2\/categories?post=16745"},{"taxonomy":"post_tag","embeddable":true,"href":"https:\/\/www.elpolitologoyelpolitico.com.ar\/wordpress\/wp-json\/wp\/v2\/tags?post=16745"}],"curies":[{"name":"wp","href":"https:\/\/api.w.org\/{rel}","templated":true}]}}