{"id":16735,"date":"2022-02-24T00:32:02","date_gmt":"2022-02-24T00:32:02","guid":{"rendered":"https:\/\/www.elpolitologoyelpolitico.com.ar\/wordpress\/?p=16735"},"modified":"2022-02-24T00:32:49","modified_gmt":"2022-02-24T00:32:49","slug":"inicio-la-obra-de-construccion-de-una-cisterna-de-reserva-de-agua-y-el-intendente-zara-superviso-los-primeros-trabajos","status":"publish","type":"post","link":"https:\/\/www.elpolitologoyelpolitico.com.ar\/wordpress\/2022\/02\/24\/inicio-la-obra-de-construccion-de-una-cisterna-de-reserva-de-agua-y-el-intendente-zara-superviso-los-primeros-trabajos\/","title":{"rendered":"Inici\u00f3 la obra de construcci\u00f3n de una cisterna de reserva de agua y el Intendente Zara supervis\u00f3 los primeros trabajos"},"content":{"rendered":"\t\t<div data-elementor-type=\"wp-post\" data-elementor-id=\"16735\" class=\"elementor elementor-16735\">\n\t\t\t\t\t\t<section class=\"elementor-section elementor-top-section elementor-element elementor-element-40709af0 elementor-section-boxed elementor-section-height-default elementor-section-height-default\" data-id=\"40709af0\" data-element_type=\"section\" data-e-type=\"section\">\n\t\t\t\t\t\t<div class=\"elementor-container elementor-column-gap-default\">\n\t\t\t\t\t<div class=\"elementor-column elementor-col-100 elementor-top-column elementor-element elementor-element-6dd06677\" data-id=\"6dd06677\" data-element_type=\"column\" data-e-type=\"column\">\n\t\t\t<div class=\"elementor-widget-wrap elementor-element-populated\">\n\t\t\t\t\t\t<div class=\"elementor-element elementor-element-27932977 elementor-widget elementor-widget-text-editor\" data-id=\"27932977\" data-element_type=\"widget\" data-e-type=\"widget\" data-widget_type=\"text-editor.default\">\n\t\t\t\t<div class=\"elementor-widget-container\">\n\t\t\t\t\t\t\t\t\t\n<p><\/p>\n\n\n\n<p>El Intendente Municipal, Ing. Jos\u00e9 Luis Zara, visit\u00f3 este martes la plaza Lacarra, de Carmen de Patagones, con motivo del inicio de la obra de construcci\u00f3n de una cisterna de reserva de agua.&nbsp;<\/p>\n\n\n\n<p>El jefe comunal estuvo acompa\u00f1ado por el Secretario de Obras P\u00fablicas, Jorge Isaac.&nbsp;<\/p>\n\n\n\n<p>La obra fue gestionada por Zara ante la Subsecretar\u00eda de Recursos H\u00eddricos y es financiada a trav\u00e9s de la Direcci\u00f3n Provincial de Agua y Cloaca (DIPAC).<\/p>\n\n\n\n<p>La nueva cisterna, cuya inversi\u00f3n es superior a los 90 millones de pesos, tendr\u00e1 una capacidad de 2 millones de litros de agua, destinada a atender las necesidades de los habitantes de la ciudad cabecera.<\/p>\n\n\n\n<p>Funcionar\u00e1 en conjunto con la cisterna existente y un tanque elevado, de manera de producir la reserva m\u00ednima diaria, alcanzando a m\u00e1s de 20 mil habitantes.&nbsp;<\/p>\n\n\n\n<p>Los trabajos a realizar comprenden la construcci\u00f3n de ca\u00f1er\u00edas de interconexi\u00f3n PVC y la construcci\u00f3n de una cisterna de hormig\u00f3n armado de 2000 m3 en la intersecci\u00f3n de las calles C\u00f3rdoba e Yrigoyen.<\/p>\n\n\n\n<figure class=\"wp-block-gallery has-nested-images columns-default is-cropped wp-block-gallery-2 is-layout-flex wp-block-gallery-is-layout-flex\">\n<figure class=\"wp-block-image size-large\"><img fetchpriority=\"high\" decoding=\"async\" width=\"720\" height=\"478\" data-id=\"16738\" src=\"https:\/\/www.elpolitologoyelpolitico.com.ar\/wp-content\/uploads\/2022\/02\/IMG-20220223-WA0076.jpg\" alt=\"\" class=\"wp-image-16738\" srcset=\"https:\/\/www.elpolitologoyelpolitico.com.ar\/wp-content\/uploads\/2022\/02\/IMG-20220223-WA0076.jpg 720w, https:\/\/www.elpolitologoyelpolitico.com.ar\/wp-content\/uploads\/2022\/02\/IMG-20220223-WA0076-300x199.jpg 300w\" sizes=\"(max-width: 720px) 100vw, 720px\" \/><\/figure>\n\n\n\n<figure class=\"wp-block-image size-large\"><img decoding=\"async\" width=\"720\" height=\"478\" data-id=\"16737\" src=\"https:\/\/www.elpolitologoyelpolitico.com.ar\/wp-content\/uploads\/2022\/02\/IMG-20220223-WA0074.jpg\" alt=\"\" class=\"wp-image-16737\" srcset=\"https:\/\/www.elpolitologoyelpolitico.com.ar\/wp-content\/uploads\/2022\/02\/IMG-20220223-WA0074.jpg 720w, https:\/\/www.elpolitologoyelpolitico.com.ar\/wp-content\/uploads\/2022\/02\/IMG-20220223-WA0074-300x199.jpg 300w\" sizes=\"(max-width: 720px) 100vw, 720px\" \/><\/figure>\n\n\n\n<figure class=\"wp-block-image size-large\"><img decoding=\"async\" width=\"720\" height=\"453\" data-id=\"16739\" src=\"https:\/\/www.elpolitologoyelpolitico.com.ar\/wp-content\/uploads\/2022\/02\/IMG-20220223-WA0075.jpg\" alt=\"\" class=\"wp-image-16739\" srcset=\"https:\/\/www.elpolitologoyelpolitico.com.ar\/wp-content\/uploads\/2022\/02\/IMG-20220223-WA0075.jpg 720w, https:\/\/www.elpolitologoyelpolitico.com.ar\/wp-content\/uploads\/2022\/02\/IMG-20220223-WA0075-300x189.jpg 300w\" sizes=\"(max-width: 720px) 100vw, 720px\" \/><\/figure>\n\n\n\n<figure class=\"wp-block-image size-large\"><img loading=\"lazy\" decoding=\"async\" width=\"720\" height=\"478\" data-id=\"16740\" src=\"https:\/\/www.elpolitologoyelpolitico.com.ar\/wp-content\/uploads\/2022\/02\/IMG-20220223-WA0077.jpg\" alt=\"\" class=\"wp-image-16740\" srcset=\"https:\/\/www.elpolitologoyelpolitico.com.ar\/wp-content\/uploads\/2022\/02\/IMG-20220223-WA0077.jpg 720w, https:\/\/www.elpolitologoyelpolitico.com.ar\/wp-content\/uploads\/2022\/02\/IMG-20220223-WA0077-300x199.jpg 300w\" sizes=\"(max-width: 720px) 100vw, 720px\" \/><\/figure>\n<\/figure>\n\t\t\t\t\t\t\t\t<\/div>\n\t\t\t\t<\/div>\n\t\t\t\t\t<\/div>\n\t\t<\/div>\n\t\t\t\t\t<\/div>\n\t\t<\/section>\n\t\t\t\t<\/div>\n\t\t<div class=\"fb-background-color\">\n\t\t\t  <div \n\t\t\t  \tclass = \"fb-comments\" \n\t\t\t  \tdata-href = \"https:\/\/www.elpolitologoyelpolitico.com.ar\/wordpress\/2022\/02\/24\/inicio-la-obra-de-construccion-de-una-cisterna-de-reserva-de-agua-y-el-intendente-zara-superviso-los-primeros-trabajos\/\"\n\t\t\t  \tdata-numposts = \"10\"\n\t\t\t  \tdata-lazy = \"true\"\n\t\t\t\tdata-colorscheme = \"light\"\n\t\t\t\tdata-order-by = \"social\"\n\t\t\t\tdata-mobile=true>\n\t\t\t  <\/div><\/div>\n\t\t  <style>\n\t\t    .fb-background-color {\n\t\t\t\tbackground: #ffffff !important;\n\t\t\t}\n\t\t\t.fb_iframe_widget_fluid_desktop iframe {\n\t\t\t    width: 100% !important;\n\t\t\t}\n\t\t  <\/style>\n\t\t  ","protected":false},"excerpt":{"rendered":"<p>El Intendente Municipal, Ing. Jos\u00e9 Luis Zara, visit\u00f3 este martes la plaza Lacarra, de Carmen de Patagones, con motivo del inicio de la obra de construcci\u00f3n de una cisterna de reserva de agua.&nbsp; El jefe comunal estuvo acompa\u00f1ado por el Secretario de Obras P\u00fablicas, Jorge Isaac.&nbsp; La obra fue gestionada por Zara ante la Subsecretar\u00eda [&hellip;]<\/p>\n","protected":false},"author":4,"featured_media":16736,"comment_status":"closed","ping_status":"closed","sticky":false,"template":"","format":"standard","meta":{"_joinchat":[],"footnotes":""},"categories":[4],"tags":[],"class_list":["post-16735","post","type-post","status-publish","format-standard","has-post-thumbnail","hentry","category-politicas-publicas"],"_links":{"self":[{"href":"https:\/\/www.elpolitologoyelpolitico.com.ar\/wordpress\/wp-json\/wp\/v2\/posts\/16735","targetHints":{"allow":["GET"]}}],"collection":[{"href":"https:\/\/www.elpolitologoyelpolitico.com.ar\/wordpress\/wp-json\/wp\/v2\/posts"}],"about":[{"href":"https:\/\/www.elpolitologoyelpolitico.com.ar\/wordpress\/wp-json\/wp\/v2\/types\/post"}],"author":[{"embeddable":true,"href":"https:\/\/www.elpolitologoyelpolitico.com.ar\/wordpress\/wp-json\/wp\/v2\/users\/4"}],"replies":[{"embeddable":true,"href":"https:\/\/www.elpolitologoyelpolitico.com.ar\/wordpress\/wp-json\/wp\/v2\/comments?post=16735"}],"version-history":[{"count":0,"href":"https:\/\/www.elpolitologoyelpolitico.com.ar\/wordpress\/wp-json\/wp\/v2\/posts\/16735\/revisions"}],"wp:featuredmedia":[{"embeddable":true,"href":"https:\/\/www.elpolitologoyelpolitico.com.ar\/wordpress\/wp-json\/wp\/v2\/media\/16736"}],"wp:attachment":[{"href":"https:\/\/www.elpolitologoyelpolitico.com.ar\/wordpress\/wp-json\/wp\/v2\/media?parent=16735"}],"wp:term":[{"taxonomy":"category","embeddable":true,"href":"https:\/\/www.elpolitologoyelpolitico.com.ar\/wordpress\/wp-json\/wp\/v2\/categories?post=16735"},{"taxonomy":"post_tag","embeddable":true,"href":"https:\/\/www.elpolitologoyelpolitico.com.ar\/wordpress\/wp-json\/wp\/v2\/tags?post=16735"}],"curies":[{"name":"wp","href":"https:\/\/api.w.org\/{rel}","templated":true}]}}