{"id":16715,"date":"2022-02-23T18:49:27","date_gmt":"2022-02-23T18:49:27","guid":{"rendered":"https:\/\/www.elpolitologoyelpolitico.com.ar\/wordpress\/?p=16715"},"modified":"2022-02-23T18:50:16","modified_gmt":"2022-02-23T18:50:16","slug":"comienzan-las-clases-presenciales-en-patagones","status":"publish","type":"post","link":"https:\/\/www.elpolitologoyelpolitico.com.ar\/wordpress\/2022\/02\/23\/comienzan-las-clases-presenciales-en-patagones\/","title":{"rendered":"\u00bfCOMIENZAN LAS CLASES PRESENCIALES EN PATAGONES?\u00a0"},"content":{"rendered":"\t\t<div data-elementor-type=\"wp-post\" data-elementor-id=\"16715\" class=\"elementor elementor-16715\">\n\t\t\t\t\t\t<section class=\"elementor-section elementor-top-section elementor-element elementor-element-184a7c4d elementor-section-boxed elementor-section-height-default elementor-section-height-default\" data-id=\"184a7c4d\" data-element_type=\"section\" data-e-type=\"section\">\n\t\t\t\t\t\t<div class=\"elementor-container elementor-column-gap-default\">\n\t\t\t\t\t<div class=\"elementor-column elementor-col-100 elementor-top-column elementor-element elementor-element-22ac9e1f\" data-id=\"22ac9e1f\" data-element_type=\"column\" data-e-type=\"column\">\n\t\t\t<div class=\"elementor-widget-wrap elementor-element-populated\">\n\t\t\t\t\t\t<div class=\"elementor-element elementor-element-4a4c6d49 elementor-widget elementor-widget-text-editor\" data-id=\"4a4c6d49\" data-element_type=\"widget\" data-e-type=\"widget\" data-widget_type=\"text-editor.default\">\n\t\t\t\t<div class=\"elementor-widget-container\">\n\t\t\t\t\t\t\t\t\t\n<p><\/p>\n\n\n\n<p>La semana que viene empieza el mes de marzo y muchos se preguntan si las clases siguen de manera presencial, virtual o mixta en el Partido de Patagones.<\/p>\n\n\n\n<p>En todas las modalidades ya esta definida la vuelta la presencialidad completa el 2 de marzo. <strong>Ese d\u00eda todos deben ir a las escuelas.<\/strong><\/p>\n\n\n\n<p>En lugares cerrados se continua con el tapaboca, alcohol en gel y lavado de manos.&nbsp;<\/p>\n\n\n\n<p>No se pedir\u00e1 el pase sanitario y si pueden vacunarse en algunas escuelas (por voluntad propia).&nbsp;&nbsp;<\/p>\n\n\n\n<p>Hay que tener en cuenta, que en caso que haya un caso positivo en el aula, no se a\u00edsla al grupo, sino que permanecer\u00e1 aislada solo la persona afectada.&nbsp;<\/p>\n\n\n\n<p>Pero, cuando haya mas de 4 casos positivos en el aula, deber\u00e1 intervenir telemedicina.<\/p>\n\n\n\n<p>Por \u00faltimo, cuando los alumnos tengan educaci\u00f3n f\u00edsica, se va a controlar la ficha de salud.<\/p>\n\t\t\t\t\t\t\t\t<\/div>\n\t\t\t\t<\/div>\n\t\t\t\t\t<\/div>\n\t\t<\/div>\n\t\t\t\t\t<\/div>\n\t\t<\/section>\n\t\t\t\t<\/div>\n\t\t<div class=\"fb-background-color\">\n\t\t\t  <div \n\t\t\t  \tclass = \"fb-comments\" \n\t\t\t  \tdata-href = \"https:\/\/www.elpolitologoyelpolitico.com.ar\/wordpress\/2022\/02\/23\/comienzan-las-clases-presenciales-en-patagones\/\"\n\t\t\t  \tdata-numposts = \"10\"\n\t\t\t  \tdata-lazy = \"true\"\n\t\t\t\tdata-colorscheme = \"light\"\n\t\t\t\tdata-order-by = \"social\"\n\t\t\t\tdata-mobile=true>\n\t\t\t  <\/div><\/div>\n\t\t  <style>\n\t\t    .fb-background-color {\n\t\t\t\tbackground: #ffffff !important;\n\t\t\t}\n\t\t\t.fb_iframe_widget_fluid_desktop iframe {\n\t\t\t    width: 100% !important;\n\t\t\t}\n\t\t  <\/style>\n\t\t  ","protected":false},"excerpt":{"rendered":"<p>La semana que viene empieza el mes de marzo y muchos se preguntan si las clases siguen de manera presencial, virtual o mixta en el Partido de Patagones. En todas las modalidades ya esta definida la vuelta la presencialidad completa el 2 de marzo. Ese d\u00eda todos deben ir a las escuelas. En lugares cerrados [&hellip;]<\/p>\n","protected":false},"author":4,"featured_media":16716,"comment_status":"closed","ping_status":"closed","sticky":false,"template":"","format":"standard","meta":{"_joinchat":[],"footnotes":""},"categories":[39],"tags":[],"class_list":["post-16715","post","type-post","status-publish","format-standard","has-post-thumbnail","hentry","category-en-esta-seccion"],"_links":{"self":[{"href":"https:\/\/www.elpolitologoyelpolitico.com.ar\/wordpress\/wp-json\/wp\/v2\/posts\/16715","targetHints":{"allow":["GET"]}}],"collection":[{"href":"https:\/\/www.elpolitologoyelpolitico.com.ar\/wordpress\/wp-json\/wp\/v2\/posts"}],"about":[{"href":"https:\/\/www.elpolitologoyelpolitico.com.ar\/wordpress\/wp-json\/wp\/v2\/types\/post"}],"author":[{"embeddable":true,"href":"https:\/\/www.elpolitologoyelpolitico.com.ar\/wordpress\/wp-json\/wp\/v2\/users\/4"}],"replies":[{"embeddable":true,"href":"https:\/\/www.elpolitologoyelpolitico.com.ar\/wordpress\/wp-json\/wp\/v2\/comments?post=16715"}],"version-history":[{"count":0,"href":"https:\/\/www.elpolitologoyelpolitico.com.ar\/wordpress\/wp-json\/wp\/v2\/posts\/16715\/revisions"}],"wp:featuredmedia":[{"embeddable":true,"href":"https:\/\/www.elpolitologoyelpolitico.com.ar\/wordpress\/wp-json\/wp\/v2\/media\/16716"}],"wp:attachment":[{"href":"https:\/\/www.elpolitologoyelpolitico.com.ar\/wordpress\/wp-json\/wp\/v2\/media?parent=16715"}],"wp:term":[{"taxonomy":"category","embeddable":true,"href":"https:\/\/www.elpolitologoyelpolitico.com.ar\/wordpress\/wp-json\/wp\/v2\/categories?post=16715"},{"taxonomy":"post_tag","embeddable":true,"href":"https:\/\/www.elpolitologoyelpolitico.com.ar\/wordpress\/wp-json\/wp\/v2\/tags?post=16715"}],"curies":[{"name":"wp","href":"https:\/\/api.w.org\/{rel}","templated":true}]}}