{"id":16700,"date":"2022-02-23T12:25:38","date_gmt":"2022-02-23T12:25:38","guid":{"rendered":"https:\/\/www.elpolitologoyelpolitico.com.ar\/wordpress\/?p=16700"},"modified":"2022-02-23T12:26:18","modified_gmt":"2022-02-23T12:26:18","slug":"gobierno-propuso-un-21-de-aumento-para-el-primer-semestre","status":"publish","type":"post","link":"https:\/\/www.elpolitologoyelpolitico.com.ar\/wordpress\/2022\/02\/23\/gobierno-propuso-un-21-de-aumento-para-el-primer-semestre\/","title":{"rendered":"Gobierno propuso un 21% de aumento para el primer semestre"},"content":{"rendered":"\t\t<div data-elementor-type=\"wp-post\" data-elementor-id=\"16700\" class=\"elementor elementor-16700\">\n\t\t\t\t\t\t<section class=\"elementor-section elementor-top-section elementor-element elementor-element-a25c8cc elementor-section-boxed elementor-section-height-default elementor-section-height-default\" data-id=\"a25c8cc\" data-element_type=\"section\" data-e-type=\"section\">\n\t\t\t\t\t\t<div class=\"elementor-container elementor-column-gap-default\">\n\t\t\t\t\t<div class=\"elementor-column elementor-col-100 elementor-top-column elementor-element elementor-element-9d9526f\" data-id=\"9d9526f\" data-element_type=\"column\" data-e-type=\"column\">\n\t\t\t<div class=\"elementor-widget-wrap elementor-element-populated\">\n\t\t\t\t\t\t<div class=\"elementor-element elementor-element-74151c4a elementor-widget elementor-widget-text-editor\" data-id=\"74151c4a\" data-element_type=\"widget\" data-e-type=\"widget\" data-widget_type=\"text-editor.default\">\n\t\t\t\t<div class=\"elementor-widget-container\">\n\t\t\t\t\t\t\t\t\t\n<p><\/p>\n\n\n\n<p>El Gobierno Provincial propuso a los gremios estatales ATE y UPCN un aumento del 21% para el primer semestre de 2022, con el compromiso de una revisi\u00f3n de la pauta en junio. De esta forma, se retom\u00f3 la discusi\u00f3n paritaria en el \u00e1mbito de la Administraci\u00f3n P\u00fablica rionegrina.<\/p>\n\n\n\n<p>La propuesta gubernamental es de un 6% en marzo, un 4% en abril, un 6% en mayo y un 5% en junio. Los sindicatos analizar\u00e1n el ofrecimiento en sus respectivos cuerpos org\u00e1nicos.<\/p>\n\n\n\n<p>Adem\u00e1s, se estableci\u00f3 en el acta final el compromiso de revisi\u00f3n y actualizaci\u00f3n de la pauta en junio, basando el an\u00e1lisis en datos de INDEC, los niveles de recaudaci\u00f3n de la Provincia y el comportamiento de los \u00edndices inflacionarios.<\/p>\n\n\n\n<p>Participaron del encuentro los ministros de Gobierno y Comunidad, Rodrigo Buteler y de Econom\u00eda, Luis Vaisberg; la secretaria de la Funci\u00f3n P\u00fablica, Liliana Arriaga; el secretario general de ATE, Rodrigo Vicente y el secretario gremial de UPCN, Luis Rosas.<\/p>\n\t\t\t\t\t\t\t\t<\/div>\n\t\t\t\t<\/div>\n\t\t\t\t\t<\/div>\n\t\t<\/div>\n\t\t\t\t\t<\/div>\n\t\t<\/section>\n\t\t\t\t<\/div>\n\t\t<div class=\"fb-background-color\">\n\t\t\t  <div \n\t\t\t  \tclass = \"fb-comments\" \n\t\t\t  \tdata-href = \"https:\/\/www.elpolitologoyelpolitico.com.ar\/wordpress\/2022\/02\/23\/gobierno-propuso-un-21-de-aumento-para-el-primer-semestre\/\"\n\t\t\t  \tdata-numposts = \"10\"\n\t\t\t  \tdata-lazy = \"true\"\n\t\t\t\tdata-colorscheme = \"light\"\n\t\t\t\tdata-order-by = \"social\"\n\t\t\t\tdata-mobile=true>\n\t\t\t  <\/div><\/div>\n\t\t  <style>\n\t\t    .fb-background-color {\n\t\t\t\tbackground: #ffffff !important;\n\t\t\t}\n\t\t\t.fb_iframe_widget_fluid_desktop iframe {\n\t\t\t    width: 100% !important;\n\t\t\t}\n\t\t  <\/style>\n\t\t  ","protected":false},"excerpt":{"rendered":"<p>El Gobierno Provincial propuso a los gremios estatales ATE y UPCN un aumento del 21% para el primer semestre de 2022, con el compromiso de una revisi\u00f3n de la pauta en junio. De esta forma, se retom\u00f3 la discusi\u00f3n paritaria en el \u00e1mbito de la Administraci\u00f3n P\u00fablica rionegrina. La propuesta gubernamental es de un 6% [&hellip;]<\/p>\n","protected":false},"author":4,"featured_media":16701,"comment_status":"closed","ping_status":"closed","sticky":false,"template":"","format":"standard","meta":{"_joinchat":[],"footnotes":""},"categories":[4],"tags":[],"class_list":["post-16700","post","type-post","status-publish","format-standard","has-post-thumbnail","hentry","category-politicas-publicas"],"_links":{"self":[{"href":"https:\/\/www.elpolitologoyelpolitico.com.ar\/wordpress\/wp-json\/wp\/v2\/posts\/16700","targetHints":{"allow":["GET"]}}],"collection":[{"href":"https:\/\/www.elpolitologoyelpolitico.com.ar\/wordpress\/wp-json\/wp\/v2\/posts"}],"about":[{"href":"https:\/\/www.elpolitologoyelpolitico.com.ar\/wordpress\/wp-json\/wp\/v2\/types\/post"}],"author":[{"embeddable":true,"href":"https:\/\/www.elpolitologoyelpolitico.com.ar\/wordpress\/wp-json\/wp\/v2\/users\/4"}],"replies":[{"embeddable":true,"href":"https:\/\/www.elpolitologoyelpolitico.com.ar\/wordpress\/wp-json\/wp\/v2\/comments?post=16700"}],"version-history":[{"count":0,"href":"https:\/\/www.elpolitologoyelpolitico.com.ar\/wordpress\/wp-json\/wp\/v2\/posts\/16700\/revisions"}],"wp:featuredmedia":[{"embeddable":true,"href":"https:\/\/www.elpolitologoyelpolitico.com.ar\/wordpress\/wp-json\/wp\/v2\/media\/16701"}],"wp:attachment":[{"href":"https:\/\/www.elpolitologoyelpolitico.com.ar\/wordpress\/wp-json\/wp\/v2\/media?parent=16700"}],"wp:term":[{"taxonomy":"category","embeddable":true,"href":"https:\/\/www.elpolitologoyelpolitico.com.ar\/wordpress\/wp-json\/wp\/v2\/categories?post=16700"},{"taxonomy":"post_tag","embeddable":true,"href":"https:\/\/www.elpolitologoyelpolitico.com.ar\/wordpress\/wp-json\/wp\/v2\/tags?post=16700"}],"curies":[{"name":"wp","href":"https:\/\/api.w.org\/{rel}","templated":true}]}}