{"id":16687,"date":"2022-02-22T23:53:38","date_gmt":"2022-02-22T23:53:38","guid":{"rendered":"https:\/\/www.elpolitologoyelpolitico.com.ar\/wordpress\/?p=16687"},"modified":"2022-02-23T00:10:41","modified_gmt":"2022-02-23T00:10:41","slug":"hidrogeno-verde-carreras-recibio-a-estudiantes-holandeses-que-trabajaran-en-sierra-grande","status":"publish","type":"post","link":"https:\/\/www.elpolitologoyelpolitico.com.ar\/wordpress\/2022\/02\/22\/hidrogeno-verde-carreras-recibio-a-estudiantes-holandeses-que-trabajaran-en-sierra-grande\/","title":{"rendered":"Hidr\u00f3geno Verde: Carreras recibi\u00f3 a estudiantes holandeses que trabajar\u00e1n en Sierra Grande"},"content":{"rendered":"\t\t<div data-elementor-type=\"wp-post\" data-elementor-id=\"16687\" class=\"elementor elementor-16687\">\n\t\t\t\t\t\t<section class=\"elementor-section elementor-top-section elementor-element elementor-element-47729894 elementor-section-boxed elementor-section-height-default elementor-section-height-default\" data-id=\"47729894\" data-element_type=\"section\" data-e-type=\"section\">\n\t\t\t\t\t\t<div class=\"elementor-container elementor-column-gap-default\">\n\t\t\t\t\t<div class=\"elementor-column elementor-col-100 elementor-top-column elementor-element elementor-element-771c04d8\" data-id=\"771c04d8\" data-element_type=\"column\" data-e-type=\"column\">\n\t\t\t<div class=\"elementor-widget-wrap elementor-element-populated\">\n\t\t\t\t\t\t<div class=\"elementor-element elementor-element-6056d7b7 elementor-widget elementor-widget-text-editor\" data-id=\"6056d7b7\" data-element_type=\"widget\" data-e-type=\"widget\" data-widget_type=\"text-editor.default\">\n\t\t\t\t<div class=\"elementor-widget-container\">\n\t\t\t\t\t\t\t\t\t\n<p><\/p>\n\n\n\n<p>La Gobernadora Arabela Carreras recibi\u00f3 hoy a seis estudiantes master de Ingenier\u00eda de la Universidad Tecnol\u00f3gica de Delft (TU Delft) de los Pa\u00edses Bajos, quienes estar\u00e1n por un periodo de dos meses en el pa\u00eds, analizando las potencialidades en Sierra Grande para el desarrollo portuario de la Zona Franca y la exportaci\u00f3n de Hidr\u00f3geno Verde.<\/p>\n\n\n\n<p>Junto a la Mandataria se abordaron diversos temas vinculados a la construcci\u00f3n de un puerto emplazado en la zona franca de Sierra Grande, que como punto estrat\u00e9gico facilitar\u00e1 la exportaci\u00f3n de Hidr\u00f3geno Verde y tendr\u00e1 un impacto econ\u00f3mico positivo para toda la regi\u00f3n.<\/p>\n\n\n\n<p>\u201cQueremos destacar el trabajo que se viene realizando en todo lo que es la estructuraci\u00f3n de la Zona Franca y ver como las distintas \u00e1reas no solo de Rio Negro y el pa\u00eds, sino en este caso desde una Universidad holandesa, est\u00e1n viendo con benepl\u00e1cito la potencialidad que tiene la provincia para desarrollar proyectos de estas caracter\u00edsticas\u201d, expres\u00f3 el director Ejecutivo de la Agencia R\u00edo Negro Invierte, Gonzalo Medina Cabrera.<\/p>\n\n\n\n<p>Las actividades con los estudiantes extranjeros son coordinadas con referentes de la Universidad de Buenos Aires (UBA), con quienes conjuntamente est\u00e1n analizando las potencialidades y el desarrollo estrat\u00e9gico que implica la realizaci\u00f3n de un puerto en ese territorio.<\/p>\n\n\n\n<p>El trabajo final estar\u00e1 concluido a mediados de mayo y ser\u00e1 un valioso trabajo acad\u00e9mico alternativo a los estudios que se vienen desarrollando desde la Provincia en materia del desarrollo de la Zona Franca.<\/p>\n\t\t\t\t\t\t\t\t<\/div>\n\t\t\t\t<\/div>\n\t\t\t\t\t<\/div>\n\t\t<\/div>\n\t\t\t\t\t<\/div>\n\t\t<\/section>\n\t\t\t\t<\/div>\n\t\t<div class=\"fb-background-color\">\n\t\t\t  <div \n\t\t\t  \tclass = \"fb-comments\" \n\t\t\t  \tdata-href = \"https:\/\/www.elpolitologoyelpolitico.com.ar\/wordpress\/2022\/02\/22\/hidrogeno-verde-carreras-recibio-a-estudiantes-holandeses-que-trabajaran-en-sierra-grande\/\"\n\t\t\t  \tdata-numposts = \"10\"\n\t\t\t  \tdata-lazy = \"true\"\n\t\t\t\tdata-colorscheme = \"light\"\n\t\t\t\tdata-order-by = \"social\"\n\t\t\t\tdata-mobile=true>\n\t\t\t  <\/div><\/div>\n\t\t  <style>\n\t\t    .fb-background-color {\n\t\t\t\tbackground: #ffffff !important;\n\t\t\t}\n\t\t\t.fb_iframe_widget_fluid_desktop iframe {\n\t\t\t    width: 100% !important;\n\t\t\t}\n\t\t  <\/style>\n\t\t  ","protected":false},"excerpt":{"rendered":"<p>La Gobernadora Arabela Carreras recibi\u00f3 hoy a seis estudiantes master de Ingenier\u00eda de la Universidad Tecnol\u00f3gica de Delft (TU Delft) de los Pa\u00edses Bajos, quienes estar\u00e1n por un periodo de dos meses en el pa\u00eds, analizando las potencialidades en Sierra Grande para el desarrollo portuario de la Zona Franca y la exportaci\u00f3n de Hidr\u00f3geno Verde. [&hellip;]<\/p>\n","protected":false},"author":4,"featured_media":16688,"comment_status":"closed","ping_status":"closed","sticky":false,"template":"","format":"standard","meta":{"_joinchat":[],"footnotes":""},"categories":[4],"tags":[],"class_list":["post-16687","post","type-post","status-publish","format-standard","has-post-thumbnail","hentry","category-politicas-publicas"],"_links":{"self":[{"href":"https:\/\/www.elpolitologoyelpolitico.com.ar\/wordpress\/wp-json\/wp\/v2\/posts\/16687","targetHints":{"allow":["GET"]}}],"collection":[{"href":"https:\/\/www.elpolitologoyelpolitico.com.ar\/wordpress\/wp-json\/wp\/v2\/posts"}],"about":[{"href":"https:\/\/www.elpolitologoyelpolitico.com.ar\/wordpress\/wp-json\/wp\/v2\/types\/post"}],"author":[{"embeddable":true,"href":"https:\/\/www.elpolitologoyelpolitico.com.ar\/wordpress\/wp-json\/wp\/v2\/users\/4"}],"replies":[{"embeddable":true,"href":"https:\/\/www.elpolitologoyelpolitico.com.ar\/wordpress\/wp-json\/wp\/v2\/comments?post=16687"}],"version-history":[{"count":0,"href":"https:\/\/www.elpolitologoyelpolitico.com.ar\/wordpress\/wp-json\/wp\/v2\/posts\/16687\/revisions"}],"wp:featuredmedia":[{"embeddable":true,"href":"https:\/\/www.elpolitologoyelpolitico.com.ar\/wordpress\/wp-json\/wp\/v2\/media\/16688"}],"wp:attachment":[{"href":"https:\/\/www.elpolitologoyelpolitico.com.ar\/wordpress\/wp-json\/wp\/v2\/media?parent=16687"}],"wp:term":[{"taxonomy":"category","embeddable":true,"href":"https:\/\/www.elpolitologoyelpolitico.com.ar\/wordpress\/wp-json\/wp\/v2\/categories?post=16687"},{"taxonomy":"post_tag","embeddable":true,"href":"https:\/\/www.elpolitologoyelpolitico.com.ar\/wordpress\/wp-json\/wp\/v2\/tags?post=16687"}],"curies":[{"name":"wp","href":"https:\/\/api.w.org\/{rel}","templated":true}]}}