{"id":16678,"date":"2022-02-22T21:09:37","date_gmt":"2022-02-22T21:09:37","guid":{"rendered":"https:\/\/www.elpolitologoyelpolitico.com.ar\/wordpress\/?p=16678"},"modified":"2022-02-22T21:10:15","modified_gmt":"2022-02-22T21:10:15","slug":"se-puso-en-marcha-el-programa-delegadas-de-la-direccion-de-ninez-adolescencia-y-genero","status":"publish","type":"post","link":"https:\/\/www.elpolitologoyelpolitico.com.ar\/wordpress\/2022\/02\/22\/se-puso-en-marcha-el-programa-delegadas-de-la-direccion-de-ninez-adolescencia-y-genero\/","title":{"rendered":"Se puso en marcha el programa \u201cDelegadas\u201d de la Direcci\u00f3n de Ni\u00f1ez, Adolescencia y G\u00e9nero"},"content":{"rendered":"\t\t<div data-elementor-type=\"wp-post\" data-elementor-id=\"16678\" class=\"elementor elementor-16678\">\n\t\t\t\t\t\t<section class=\"elementor-section elementor-top-section elementor-element elementor-element-1610777e elementor-section-boxed elementor-section-height-default elementor-section-height-default\" data-id=\"1610777e\" data-element_type=\"section\" data-e-type=\"section\">\n\t\t\t\t\t\t<div class=\"elementor-container elementor-column-gap-default\">\n\t\t\t\t\t<div class=\"elementor-column elementor-col-100 elementor-top-column elementor-element elementor-element-7f00a854\" data-id=\"7f00a854\" data-element_type=\"column\" data-e-type=\"column\">\n\t\t\t<div class=\"elementor-widget-wrap elementor-element-populated\">\n\t\t\t\t\t\t<div class=\"elementor-element elementor-element-7c84898b elementor-widget elementor-widget-text-editor\" data-id=\"7c84898b\" data-element_type=\"widget\" data-e-type=\"widget\" data-widget_type=\"text-editor.default\">\n\t\t\t\t<div class=\"elementor-widget-container\">\n\t\t\t\t\t\t\t\t\t\n<p><\/p>\n\n\n\n<p>Este lunes se puso en funcionamiento, en el Punto Digital del barrio Villa Rita, el Programa \u201cDelegadas\u201d, dependiente de la Direcci\u00f3n de Ni\u00f1ez Adolescencia y G\u00e9nero.&nbsp;<\/p>\n\n\n\n<p>Los centros y horarios de atenci\u00f3n ser\u00e1n:<\/p>\n\n\n\n<p>Comisi\u00f3n de Fomento barrio Bicentenario: lunes y mi\u00e9rcoles de 15 a 17 horas.&nbsp;<\/p>\n\n\n\n<p>Comisi\u00f3n de Fomento barrio Villa Linch: martes y jueves de 15 a 17 horas.&nbsp;&nbsp;<\/p>\n\n\n\n<p>Comisi\u00f3n de Fomento barrio Villa del Carmen: lunes y mi\u00e9rcoles de 15 a 17 horas.<\/p>\n\n\n\n<p>Punto Digital del barrio Villa Rita: lunes a viernes de 9 a 13 horas.&nbsp;<\/p>\n\n\n\n<p>Las delegadas tienen como misi\u00f3n difundir las prestaciones de la Direcci\u00f3n de Ni\u00f1ez Adolescencia y G\u00e9nero entre las redes barriales, escuelas, comedores, hospitales y centros de salud; asistiendo, conteniendo y derivando a mujeres, ni\u00f1os y\/o adolescentes que concurran a las Comisiones de Fomento en requerimientos vinculados a las problem\u00e1ticas de g\u00e9nero, ni\u00f1ez y adolescencia, promoviendo los derechos, estimulando su participaci\u00f3n y el desarrollo de sus potencialidades y capacidades autogestiva.<\/p>\n\n\n\n<figure class=\"wp-block-gallery has-nested-images columns-default is-cropped wp-block-gallery-2 is-layout-flex wp-block-gallery-is-layout-flex\">\n<figure class=\"wp-block-image size-large\"><img fetchpriority=\"high\" decoding=\"async\" width=\"720\" height=\"540\" data-id=\"16680\" src=\"https:\/\/www.elpolitologoyelpolitico.com.ar\/wp-content\/uploads\/2022\/02\/IMG-20220222-WA0052.jpg\" alt=\"\" class=\"wp-image-16680\" srcset=\"https:\/\/www.elpolitologoyelpolitico.com.ar\/wp-content\/uploads\/2022\/02\/IMG-20220222-WA0052.jpg 720w, https:\/\/www.elpolitologoyelpolitico.com.ar\/wp-content\/uploads\/2022\/02\/IMG-20220222-WA0052-300x225.jpg 300w\" sizes=\"(max-width: 720px) 100vw, 720px\" \/><\/figure>\n\n\n\n<figure class=\"wp-block-image size-large\"><img decoding=\"async\" width=\"720\" height=\"540\" data-id=\"16682\" src=\"https:\/\/www.elpolitologoyelpolitico.com.ar\/wp-content\/uploads\/2022\/02\/IMG-20220222-WA0050.jpg\" alt=\"\" class=\"wp-image-16682\" srcset=\"https:\/\/www.elpolitologoyelpolitico.com.ar\/wp-content\/uploads\/2022\/02\/IMG-20220222-WA0050.jpg 720w, https:\/\/www.elpolitologoyelpolitico.com.ar\/wp-content\/uploads\/2022\/02\/IMG-20220222-WA0050-300x225.jpg 300w\" sizes=\"(max-width: 720px) 100vw, 720px\" \/><\/figure>\n\n\n\n<figure class=\"wp-block-image size-large\"><img decoding=\"async\" width=\"720\" height=\"540\" data-id=\"16681\" src=\"https:\/\/www.elpolitologoyelpolitico.com.ar\/wp-content\/uploads\/2022\/02\/IMG-20220222-WA0051.jpg\" alt=\"\" class=\"wp-image-16681\" srcset=\"https:\/\/www.elpolitologoyelpolitico.com.ar\/wp-content\/uploads\/2022\/02\/IMG-20220222-WA0051.jpg 720w, https:\/\/www.elpolitologoyelpolitico.com.ar\/wp-content\/uploads\/2022\/02\/IMG-20220222-WA0051-300x225.jpg 300w\" sizes=\"(max-width: 720px) 100vw, 720px\" \/><\/figure>\n<\/figure>\n\t\t\t\t\t\t\t\t<\/div>\n\t\t\t\t<\/div>\n\t\t\t\t\t<\/div>\n\t\t<\/div>\n\t\t\t\t\t<\/div>\n\t\t<\/section>\n\t\t\t\t<\/div>\n\t\t<div class=\"fb-background-color\">\n\t\t\t  <div \n\t\t\t  \tclass = \"fb-comments\" \n\t\t\t  \tdata-href = \"https:\/\/www.elpolitologoyelpolitico.com.ar\/wordpress\/2022\/02\/22\/se-puso-en-marcha-el-programa-delegadas-de-la-direccion-de-ninez-adolescencia-y-genero\/\"\n\t\t\t  \tdata-numposts = \"10\"\n\t\t\t  \tdata-lazy = \"true\"\n\t\t\t\tdata-colorscheme = \"light\"\n\t\t\t\tdata-order-by = \"social\"\n\t\t\t\tdata-mobile=true>\n\t\t\t  <\/div><\/div>\n\t\t  <style>\n\t\t    .fb-background-color {\n\t\t\t\tbackground: #ffffff !important;\n\t\t\t}\n\t\t\t.fb_iframe_widget_fluid_desktop iframe {\n\t\t\t    width: 100% !important;\n\t\t\t}\n\t\t  <\/style>\n\t\t  ","protected":false},"excerpt":{"rendered":"<p>Este lunes se puso en funcionamiento, en el Punto Digital del barrio Villa Rita, el Programa \u201cDelegadas\u201d, dependiente de la Direcci\u00f3n de Ni\u00f1ez Adolescencia y G\u00e9nero.&nbsp; Los centros y horarios de atenci\u00f3n ser\u00e1n: Comisi\u00f3n de Fomento barrio Bicentenario: lunes y mi\u00e9rcoles de 15 a 17 horas.&nbsp; Comisi\u00f3n de Fomento barrio Villa Linch: martes y jueves [&hellip;]<\/p>\n","protected":false},"author":4,"featured_media":16679,"comment_status":"closed","ping_status":"closed","sticky":false,"template":"","format":"standard","meta":{"_joinchat":[],"footnotes":""},"categories":[4],"tags":[],"class_list":["post-16678","post","type-post","status-publish","format-standard","has-post-thumbnail","hentry","category-politicas-publicas"],"_links":{"self":[{"href":"https:\/\/www.elpolitologoyelpolitico.com.ar\/wordpress\/wp-json\/wp\/v2\/posts\/16678","targetHints":{"allow":["GET"]}}],"collection":[{"href":"https:\/\/www.elpolitologoyelpolitico.com.ar\/wordpress\/wp-json\/wp\/v2\/posts"}],"about":[{"href":"https:\/\/www.elpolitologoyelpolitico.com.ar\/wordpress\/wp-json\/wp\/v2\/types\/post"}],"author":[{"embeddable":true,"href":"https:\/\/www.elpolitologoyelpolitico.com.ar\/wordpress\/wp-json\/wp\/v2\/users\/4"}],"replies":[{"embeddable":true,"href":"https:\/\/www.elpolitologoyelpolitico.com.ar\/wordpress\/wp-json\/wp\/v2\/comments?post=16678"}],"version-history":[{"count":0,"href":"https:\/\/www.elpolitologoyelpolitico.com.ar\/wordpress\/wp-json\/wp\/v2\/posts\/16678\/revisions"}],"wp:featuredmedia":[{"embeddable":true,"href":"https:\/\/www.elpolitologoyelpolitico.com.ar\/wordpress\/wp-json\/wp\/v2\/media\/16679"}],"wp:attachment":[{"href":"https:\/\/www.elpolitologoyelpolitico.com.ar\/wordpress\/wp-json\/wp\/v2\/media?parent=16678"}],"wp:term":[{"taxonomy":"category","embeddable":true,"href":"https:\/\/www.elpolitologoyelpolitico.com.ar\/wordpress\/wp-json\/wp\/v2\/categories?post=16678"},{"taxonomy":"post_tag","embeddable":true,"href":"https:\/\/www.elpolitologoyelpolitico.com.ar\/wordpress\/wp-json\/wp\/v2\/tags?post=16678"}],"curies":[{"name":"wp","href":"https:\/\/api.w.org\/{rel}","templated":true}]}}